{"id":14737,"date":"2021-01-22T02:14:58","date_gmt":"2021-01-22T02:14:58","guid":{"rendered":"https:\/\/visionciudadana.com.mx\/prueba\/2021\/01\/22\/celebra-ceaip-donacion-de-edificio-que-fortalecera-transparencia-en-sinaloa\/"},"modified":"2025-06-25T00:32:40","modified_gmt":"2025-06-25T00:32:40","slug":"celebra-ceaip-donacion-de-edificio-que-fortalecera-transparencia-en-sinaloa","status":"publish","type":"post","link":"https:\/\/visionciudadana.com.mx\/oficial\/2021\/01\/22\/celebra-ceaip-donacion-de-edificio-que-fortalecera-transparencia-en-sinaloa\/","title":{"rendered":"Celebra Ceaip donaci\u00f3n de edificio que fortalecer\u00e1 transparencia en Sinaloa"},"content":{"rendered":"<p><img fetchpriority=\"high\" decoding=\"async\" src=\"images\/Enero2021\/edificio_ceaip.PNG\" alt=\"edificio ceaip\" width=\"350\" height=\"204\" style=\"display: block; margin-left: auto; margin-right: auto;\" \/><\/p>\n<p class=\"x_MsoNormal\" style=\"text-align: justify;\"><span style=\"font-size: 14pt; font-family: arial, helvetica, sans-serif;\">La aprobaci\u00f3n de la 63 Legislatura para donar el edificio que ocupa Ceaip, a propuesta del titular del Ejecutivo, es un anuncio inequ\u00edvoco de mejores tiempos para consolidar el sistema de transparencia en Sinaloa, celebr\u00f3 Jos\u00e9 Alfredo Beltr\u00e1n Estrada.<\/span><\/p>\n<p style=\"text-align: justify;\">&nbsp;<\/p>\n<p class=\"x_MsoNormal\" style=\"text-align: justify;\"><span style=\"font-size: 14pt; font-family: arial, helvetica, sans-serif;\">El Presidente de la Comisi\u00f3n Estatal para el Acceso a la Informaci\u00f3n P\u00fablica afirm\u00f3 que esta acci\u00f3n genera mayor certidumbre, fortalecimiento y crecimiento institucional.<\/span><\/p>\n<p style=\"text-align: justify;\">&nbsp;<\/p>\n<p class=\"x_MsoNormal\" style=\"text-align: justify;\"><span style=\"font-size: 14pt; font-family: arial, helvetica, sans-serif;\">\u201cSe da un paso hist\u00f3rico, que coloca a Ceaip en una posici\u00f3n inmejorable a nivel nacional, pues es uno de los pocos \u00f3rganos de transparencia del pa\u00eds en contar con instalaciones propias\u201d, dijo.<\/span><\/p>\n<p style=\"text-align: justify;\">&nbsp;<\/p>\n<p class=\"x_MsoNormal\" style=\"text-align: justify;\"><span style=\"font-size: 14pt; font-family: arial, helvetica, sans-serif;\">Agreg\u00f3 que este acto define la voluntad que tienen los Poderes Ejecutivo y Legislativo en el fortalecimiento de este \u00f3rgano constitucional aut\u00f3nomo, garante de los derechos de acceso a la informaci\u00f3n p\u00fablica y protecci\u00f3n de datos personales.<\/span><\/p>\n<p style=\"text-align: justify;\">&nbsp;<\/p>\n<p class=\"x_MsoNormal\" style=\"text-align: justify;\"><span style=\"font-size: 14pt; font-family: arial, helvetica, sans-serif;\">\u201cEl \u00f3rgano de transparencia es fundamental, pieza clave en la consolidaci\u00f3n de nuestro sistema democr\u00e1tico, para seguir empoderando a la ciudadan\u00eda\u201d, subray\u00f3.<\/span><\/p>\n<p style=\"text-align: justify;\">&nbsp;<\/p>\n<p class=\"x_MsoNormal\" style=\"text-align: justify;\"><span style=\"font-size: 14pt; font-family: arial, helvetica, sans-serif;\">Reconoci\u00f3 la visi\u00f3n conjunta y colaborativa del Poder Ejecutivo que encabeza el Gobernador Quirino Ordaz Coppel y del Poder Legislativo que lidera la Diputada Graciela Dom\u00ednguez Nava, para cristalizar este acto de donaci\u00f3n, tras 14 meses de gestiones realizadas por el Pleno de Ceaip.<\/span><\/p>\n<p style=\"text-align: justify;\">&nbsp;<\/p>\n<p class=\"x_MsoNormal\" style=\"text-align: justify;\"><span style=\"font-size: 14pt; font-family: arial, helvetica, sans-serif;\">Y adelant\u00f3 que con la donaci\u00f3n y el resultado de las medidas institucionales de austeridad aplicadas, se proyecta iniciar los trabajos de ampliaci\u00f3n y adecuaci\u00f3n de la infraestructura para dar cumplimiento a las obligaciones en materia de archivos.<\/span><\/p>\n<p style=\"text-align: justify;\">&nbsp;<\/p>\n<p class=\"x_MsoNormal\" style=\"text-align: justify;\"><span style=\"font-size: 14pt; font-family: arial, helvetica, sans-serif;\">Por su parte la Comisionada Rosa del Carmen Liz\u00e1rraga F\u00e9lix rememor\u00f3 que desde febrero del 2017 plantearon la necesidad de que Ceaip contara con edificio propio.<\/span><\/p>\n<p style=\"text-align: justify;\">&nbsp;<\/p>\n<p class=\"x_MsoNormal\" style=\"text-align: justify;\"><span style=\"font-size: 14pt; font-family: arial, helvetica, sans-serif;\">Se\u00f1al\u00f3 que la respuesta y la voluntad del Gobernador y de quienes integran el Congreso del Estado no se hizo esperar, por lo que hace un reconocimiento a su voluntad y compromiso con la transparencia en Sinaloa.<\/span><\/p>\n<p style=\"text-align: justify;\">&nbsp;<\/p>\n<p class=\"x_MsoNormal\" style=\"text-align: justify;\"><span style=\"font-size: 14pt; font-family: arial, helvetica, sans-serif;\">Estos comentarios fueron vertidos en la tercera Sesi\u00f3n de Pleno del a\u00f1o, en la que se aprobaron un total de 96 asuntos, 22 recursos de revisi\u00f3n, 59 acuerdos sobre resoluciones de recursos de revisi\u00f3n y 15 denuncias por incumplimiento de Obligaciones de Transparencia fundadas parcialmente.<\/span><\/p>\n<p style=\"text-align: justify;\">&nbsp;<\/p>\n<p class=\"x_MsoNormal\" style=\"text-align: justify;\"><span style=\"font-size: 14pt; font-family: arial, helvetica, sans-serif;\">Con fecha del 25 de noviembre del 2019, el Pleno de Ceaip present\u00f3 ante Gobierno del Estado de Sinaloa el documento CEA-PRES.31\/2019 firmado por el Comisionado Presidente, en el que solicita la donaci\u00f3n de la superficie de terreno y la construcci\u00f3n donde actualmente se encuentran las instalaciones del \u00f3rgano de transparencia.<\/span><\/p>\n<p style=\"text-align: justify;\">&nbsp;<\/p>\n<p class=\"x_MsoNormal\" style=\"text-align: justify;\"><span style=\"font-size: 14pt; font-family: arial, helvetica, sans-serif;\">El 17 de diciembre de 2020, el Ejecutivo envi\u00f3 al Congreso del Estado la propuesta de entrega en donaci\u00f3n del edificio a Ceaip, mismo que fue aprobado en reuni\u00f3n de la Comisi\u00f3n de Hacienda y Fiscalizaci\u00f3n y el 12 de enero le dieron primera lectura, para ser aprobado por unanimidad en la Sesi\u00f3n de Pleno de hoy 21 de enero.<\/span><\/p>\n<p style=\"text-align: justify;\">&nbsp;<\/p>\n<p style=\"text-align: justify;\">&nbsp;<\/p>\n<p style=\"text-align: justify;\"><span style=\"font-size: 14pt; font-family: arial, helvetica, sans-serif;\">REDACCI\u00d3N\/VISI\u00d3N CIUDADANA.<\/span><\/p>\n","protected":false},"excerpt":{"rendered":"<p>La aprobaci\u00f3n de la 63 Legislatura para donar el edificio que ocupa Ceaip, a propuesta del titular del Ejecutivo, es un anuncio inequ\u00edvoco de mejores tiempos para consolidar el sistema de transparencia en Sinaloa, celebr\u00f3 Jos\u00e9 Alfredo Beltr\u00e1n Estrada. &nbsp; El Presidente de la Comisi\u00f3n Estatal para el Acceso a la Informaci\u00f3n P\u00fablica afirm\u00f3 que [&hellip;]<\/p>\n","protected":false},"author":1,"featured_media":6458,"comment_status":"closed","ping_status":"closed","sticky":false,"template":"","format":"standard","meta":{"footnotes":""},"categories":[24],"tags":[],"ppma_author":[31],"class_list":["post-14737","post","type-post","status-publish","format-standard","has-post-thumbnail","hentry","category-relevantes"],"aioseo_notices":[],"authors":[{"term_id":31,"user_id":1,"is_guest":0,"slug":"ivan3vino","display_name":"Iv\u00e1n Trevi\u00f1o","avatar_url":{"url":"https:\/\/visionciudadana.com.mx\/oficial\/wp-content\/uploads\/2025\/09\/columna-ivan-Trevino.png","url2x":"https:\/\/visionciudadana.com.mx\/oficial\/wp-content\/uploads\/2025\/09\/columna-ivan-Trevino.png"},"0":null,"1":"","2":"","3":"","4":"","5":"","6":"","7":"","8":""}],"_links":{"self":[{"href":"https:\/\/visionciudadana.com.mx\/oficial\/wp-json\/wp\/v2\/posts\/14737","targetHints":{"allow":["GET"]}}],"collection":[{"href":"https:\/\/visionciudadana.com.mx\/oficial\/wp-json\/wp\/v2\/posts"}],"about":[{"href":"https:\/\/visionciudadana.com.mx\/oficial\/wp-json\/wp\/v2\/types\/post"}],"author":[{"embeddable":true,"href":"https:\/\/visionciudadana.com.mx\/oficial\/wp-json\/wp\/v2\/users\/1"}],"replies":[{"embeddable":true,"href":"https:\/\/visionciudadana.com.mx\/oficial\/wp-json\/wp\/v2\/comments?post=14737"}],"version-history":[{"count":1,"href":"https:\/\/visionciudadana.com.mx\/oficial\/wp-json\/wp\/v2\/posts\/14737\/revisions"}],"predecessor-version":[{"id":31506,"href":"https:\/\/visionciudadana.com.mx\/oficial\/wp-json\/wp\/v2\/posts\/14737\/revisions\/31506"}],"wp:featuredmedia":[{"embeddable":true,"href":"https:\/\/visionciudadana.com.mx\/oficial\/wp-json\/wp\/v2\/posts\/6458"}],"wp:attachment":[{"href":"https:\/\/visionciudadana.com.mx\/oficial\/wp-json\/wp\/v2\/media?parent=14737"}],"wp:term":[{"taxonomy":"category","embeddable":true,"href":"https:\/\/visionciudadana.com.mx\/oficial\/wp-json\/wp\/v2\/categories?post=14737"},{"taxonomy":"post_tag","embeddable":true,"href":"https:\/\/visionciudadana.com.mx\/oficial\/wp-json\/wp\/v2\/tags?post=14737"},{"taxonomy":"author","embeddable":true,"href":"https:\/\/visionciudadana.com.mx\/oficial\/wp-json\/wp\/v2\/ppma_author?post=14737"}],"curies":[{"name":"wp","href":"https:\/\/api.w.org\/{rel}","templated":true}]}}