{"id":14731,"date":"2021-01-20T21:44:46","date_gmt":"2021-01-20T21:44:46","guid":{"rendered":"https:\/\/visionciudadana.com.mx\/prueba\/2021\/01\/20\/se-busca-suplente-ciudadano-para-diputada-o-diputado-federal-roberto-el-guero-cruz\/"},"modified":"2025-06-25T00:32:40","modified_gmt":"2025-06-25T00:32:40","slug":"se-busca-suplente-ciudadano-para-diputada-o-diputado-federal-roberto-el-guero-cruz","status":"publish","type":"post","link":"https:\/\/visionciudadana.com.mx\/oficial\/2021\/01\/20\/se-busca-suplente-ciudadano-para-diputada-o-diputado-federal-roberto-el-guero-cruz\/","title":{"rendered":"Se busca Suplente Ciudadano para Diputada o Diputado Federal: Roberto \u00abel g\u00fcero\u00bb Cruz"},"content":{"rendered":"<div dir=\"auto\" style=\"text-align: justify;\">&nbsp;<img fetchpriority=\"high\" decoding=\"async\" src=\"images\/Enero2021\/guero_cru.PNG\" alt=\"guero cru\" width=\"445\" height=\"239\" style=\"display: block; margin-left: auto; margin-right: auto;\" \/><\/div>\n<div style=\"text-align: justify;\">&nbsp;<\/div>\n<div dir=\"auto\" style=\"text-align: justify;\"><span style=\"font-size: 14pt; font-family: arial, helvetica, sans-serif;\">El Precandidato de Movimiento Ciudadano para Diputado Federal por el distrito05 federal en Culiac\u00e1n, Sinaloa Roberto Cruz \u201cEl G\u00fcero\u201d, lanz\u00f3 una&nbsp; convocatoria ciudadana in\u00e9dita a trav\u00e9s de su p\u00e1gina de Facebook.com\/RobertoElGueroCruz en busca de una candidata o candidato para sersuplente para Diputado Federal.<\/span><\/div>\n<div style=\"text-align: justify;\">&nbsp;<\/div>\n<div style=\"text-align: justify;\">&nbsp;<\/div>\n<div dir=\"auto\" style=\"text-align: justify;\"><span style=\"font-size: 14pt; font-family: arial, helvetica, sans-serif;\">El G\u00fcero Cruz invit\u00f3 \u201ca toda la ciudadan\u00eda que simpatiza con Movimiento Ciudadano a inscribirse en esta convocatoria totalmente abierta\u201d a trav\u00e9s de sus redes sociales con estos tres requisitos:<\/span><\/div>\n<div style=\"text-align: justify;\">&nbsp;<\/div>\n<div dir=\"auto\" style=\"text-align: justify;\"><span style=\"font-size: 14pt; font-family: arial, helvetica, sans-serif;\">1) Ser Mujer u hombre mayor de 21 a\u00f1os<\/span><\/div>\n<div dir=\"auto\" style=\"text-align: justify;\"><span style=\"font-size: 14pt; font-family: arial, helvetica, sans-serif;\">2) Tener un modo honesto de vivir<\/span><\/div>\n<div dir=\"auto\" style=\"text-align: justify;\"><span style=\"font-size: 14pt; font-family: arial, helvetica, sans-serif;\">3) Querer ser Diputada o Diputado Federal con el firme prop\u00f3sito de defender<\/span><\/div>\n<div dir=\"auto\" style=\"text-align: justify;\"><span style=\"font-size: 14pt; font-family: arial, helvetica, sans-serif;\">la econom\u00eda de las familias sinaloenses y recuperar todo el presupuesto que<\/span><\/div>\n<div dir=\"auto\" style=\"text-align: justify;\"><span style=\"font-size: 14pt; font-family: arial, helvetica, sans-serif;\">ha perdido Sinaloa que suma m\u00e1s de $5,000 millones de pesos en p\u00e9rdidas.<\/span><\/div>\n<div style=\"text-align: justify;\">&nbsp;<\/div>\n<div dir=\"auto\" style=\"text-align: justify;\"><span style=\"font-size: 14pt; font-family: arial, helvetica, sans-serif;\">\u201cSi t\u00fa eres una mujer o un joven culichi con 21 a\u00f1os de edad, si tienes un modo honesto de vivir y te interesa ser Diputada o Diputado Federal, m\u00e1ndame un Facebook a Roberto El G\u00fcero Cruz o escr\u00edbeme un what\u2019s app o un telegram a mi celular personal 6671440559 para que te inscribas en esta convocatoria ciudadana totalmente abierta y transparente para que seas mi suplente como Diputada o Diputado Federal y logremos un nuevo trato para ti y para las familias de todo Sinaloa\u201d.<\/span><\/div>\n<div style=\"text-align: justify;\">&nbsp;<\/div>\n<div dir=\"auto\" style=\"text-align: justify;\"><span style=\"font-size: 14pt; font-family: arial, helvetica, sans-serif;\">tambi\u00e9n a todas sus compa\u00f1eras y compa\u00f1eros que ser\u00e1n candidatos de Movimiento Ciudadano a regidores, diputados locales y federales a incluir a la<\/span><\/div>\n<div dir=\"auto\" style=\"text-align: justify;\"><span style=\"font-size: 14pt; font-family: arial, helvetica, sans-serif;\">ciudadan\u00eda en sus respectivas suplencias como candidatas y candidatos para ponerles el ejemplo a \u201cquienes representan los viejos partidos del pasado en complicidad con los pol\u00edticos que nos gobiernan en el presente; y demostrarle a los culichis y a los sinaloenses que a diferencia de esas alianzas perversas partidistas, nuestra alianza es contigo, incluyendo en lo hechos y no en los dichos a la ciudadan\u00eda\u201d<\/span><\/div>\n<div style=\"text-align: justify;\">&nbsp;<\/div>\n<div dir=\"auto\" style=\"text-align: justify;\"><span style=\"font-size: 14pt; font-family: arial, helvetica, sans-serif;\">solamente sus intereses de grupos pol\u00edticos o peor a\u00fan enga\u00f1ando a la gente con t\u00f3mbolas ama\u00f1adas o imponiendo a sus esposas, amantes o novios en sus suplencias en lugar de abrirle la puerta a la ciudadan\u00eda. Aqu\u00ed en nuestro Movimiento Ciudadano nuestra alianza es contigo\u201d declar\u00f3 contundente Roberto \u201cEl G\u00fcero\u201d Cruz.<\/span><\/div>\n<div style=\"text-align: justify;\">&nbsp;<\/div>\n<div dir=\"auto\" style=\"text-align: justify;\"><span style=\"font-size: 14pt; font-family: arial, helvetica, sans-serif;\">En los pr\u00f3ximos d\u00edas Cruz Castro dar\u00e1 a conocer la lista de aspirantes ciudadanas y ciudadanos que buscar\u00e1n ser su suplente para la Diputaci\u00f3n Federal, el video de poco mas de un minuto de duraci\u00f3n lo subi\u00f3 a sus redes sociales hace apenas unas horas y ya se han registrado 14 aspirantes. El plazo vence al terminar la precampa\u00f1a el 31 de enero.<\/span><\/div>\n<div dir=\"auto\" style=\"text-align: justify;\">&nbsp;<\/div>\n<div dir=\"auto\" style=\"text-align: justify;\">&nbsp;<\/div>\n<div style=\"text-align: justify;\"><span style=\"font-size: 14pt; font-family: arial, helvetica, sans-serif;\">REDACCI\u00d3N\/VISI\u00d3N CIUDADANA.<\/span><\/div>\n","protected":false},"excerpt":{"rendered":"<p>&nbsp; &nbsp; El Precandidato de Movimiento Ciudadano para Diputado Federal por el distrito05 federal en Culiac\u00e1n, Sinaloa Roberto Cruz \u201cEl G\u00fcero\u201d, lanz\u00f3 una&nbsp; convocatoria ciudadana in\u00e9dita a trav\u00e9s de su p\u00e1gina de Facebook.com\/RobertoElGueroCruz en busca de una candidata o candidato para sersuplente para Diputado Federal. &nbsp; &nbsp; El G\u00fcero Cruz invit\u00f3 \u201ca toda la ciudadan\u00eda [&hellip;]<\/p>\n","protected":false},"author":1,"featured_media":6449,"comment_status":"closed","ping_status":"closed","sticky":false,"template":"","format":"standard","meta":{"footnotes":""},"categories":[24],"tags":[],"ppma_author":[31],"class_list":["post-14731","post","type-post","status-publish","format-standard","has-post-thumbnail","hentry","category-relevantes"],"aioseo_notices":[],"authors":[{"term_id":31,"user_id":1,"is_guest":0,"slug":"ivan3vino","display_name":"Iv\u00e1n Trevi\u00f1o","avatar_url":{"url":"https:\/\/visionciudadana.com.mx\/oficial\/wp-content\/uploads\/2025\/09\/columna-ivan-Trevino.png","url2x":"https:\/\/visionciudadana.com.mx\/oficial\/wp-content\/uploads\/2025\/09\/columna-ivan-Trevino.png"},"0":null,"1":"","2":"","3":"","4":"","5":"","6":"","7":"","8":""}],"_links":{"self":[{"href":"https:\/\/visionciudadana.com.mx\/oficial\/wp-json\/wp\/v2\/posts\/14731","targetHints":{"allow":["GET"]}}],"collection":[{"href":"https:\/\/visionciudadana.com.mx\/oficial\/wp-json\/wp\/v2\/posts"}],"about":[{"href":"https:\/\/visionciudadana.com.mx\/oficial\/wp-json\/wp\/v2\/types\/post"}],"author":[{"embeddable":true,"href":"https:\/\/visionciudadana.com.mx\/oficial\/wp-json\/wp\/v2\/users\/1"}],"replies":[{"embeddable":true,"href":"https:\/\/visionciudadana.com.mx\/oficial\/wp-json\/wp\/v2\/comments?post=14731"}],"version-history":[{"count":1,"href":"https:\/\/visionciudadana.com.mx\/oficial\/wp-json\/wp\/v2\/posts\/14731\/revisions"}],"predecessor-version":[{"id":31509,"href":"https:\/\/visionciudadana.com.mx\/oficial\/wp-json\/wp\/v2\/posts\/14731\/revisions\/31509"}],"wp:featuredmedia":[{"embeddable":true,"href":"https:\/\/visionciudadana.com.mx\/oficial\/wp-json\/wp\/v2\/posts\/6449"}],"wp:attachment":[{"href":"https:\/\/visionciudadana.com.mx\/oficial\/wp-json\/wp\/v2\/media?parent=14731"}],"wp:term":[{"taxonomy":"category","embeddable":true,"href":"https:\/\/visionciudadana.com.mx\/oficial\/wp-json\/wp\/v2\/categories?post=14731"},{"taxonomy":"post_tag","embeddable":true,"href":"https:\/\/visionciudadana.com.mx\/oficial\/wp-json\/wp\/v2\/tags?post=14731"},{"taxonomy":"author","embeddable":true,"href":"https:\/\/visionciudadana.com.mx\/oficial\/wp-json\/wp\/v2\/ppma_author?post=14731"}],"curies":[{"name":"wp","href":"https:\/\/api.w.org\/{rel}","templated":true}]}}