{"id":14728,"date":"2021-01-20T04:02:53","date_gmt":"2021-01-20T04:02:53","guid":{"rendered":"https:\/\/visionciudadana.com.mx\/prueba\/2021\/01\/20\/presentan-iniciativa-para-sancionar-hasta-con-tres-anos-de-prision-a-servidores-publicos-que-no-respeten-turno-para-aplicacion-de-vacuna-covid\/"},"modified":"2025-06-25T00:32:40","modified_gmt":"2025-06-25T00:32:40","slug":"presentan-iniciativa-para-sancionar-hasta-con-tres-anos-de-prision-a-servidores-publicos-que-no-respeten-turno-para-aplicacion-de-vacuna-covid","status":"publish","type":"post","link":"https:\/\/visionciudadana.com.mx\/oficial\/2021\/01\/20\/presentan-iniciativa-para-sancionar-hasta-con-tres-anos-de-prision-a-servidores-publicos-que-no-respeten-turno-para-aplicacion-de-vacuna-covid\/","title":{"rendered":"Presentan iniciativa para sancionar hasta con tres a\u00f1os de prisi\u00f3n a servidores p\u00fablicos que no respeten turno para aplicaci\u00f3n de vacuna COVID"},"content":{"rendered":"<p><img fetchpriority=\"high\" decoding=\"async\" src=\"images\/Enero2021\/sanci\u00f3n_de_3_a\u00f1os.PNG\" alt=\"sanci\u00f3n de 3 a\u00f1os\" width=\"434\" height=\"247\" style=\"display: block; margin-left: auto; margin-right: auto;\" \/><\/p>\n<p>&nbsp;<\/p>\n<p style=\"text-align: justify;\"><span style=\"font-size: 14pt; font-family: arial, helvetica, sans-serif;\">Ante el registro de incidentes que han generado descontento social, pporque fncionarios p\u00fablicos de muchas partes del pa\u00eds, se aplicaron la vacuna del Covid-19 sin respetar el sistema de fases segmentando lo establecido por la Secretar\u00eda de Salud, en el cual pone en primer lugar al personal sanitario de primera l\u00ednea, la diputada Ang\u00e9lica D\u00edaz de Cu\u00e9n y el Secretario General del Partido Sinaloense, V\u00edctor Antonio Corrales Burgue\u00f1o, presentaron una iniciativa de Decreto por el que se REFORMAN y ADICIONAN diversas disposiciones del C\u00f3digo Penal para el Estado de Sinaloa, y de la Ley de Responsabilidades Administrativas del Estado de Sinaloa, para sancionar estas conductas con prisi\u00f3n de 6 meses a 3 a\u00f1os, as\u00ed como la suspensi\u00f3n, destituci\u00f3n o inhabilitaci\u00f3n del cargo o empleo.<\/span><\/p>\n<p style=\"text-align: justify;\">&nbsp;<\/p>\n<p style=\"text-align: justify;\"><span style=\"font-size: 14pt; font-family: arial, helvetica, sans-serif;\">\u00abEn el PAS consideramos que debe ser respetado el esquema de vacunaci\u00f3n establecido por las autoridades correspondietes, por lo que estimamos que estos casos donde funcionarios p\u00fablicos se saltan la fila deben evitarse, debemos ser conscientes que estas acciones&nbsp; deben sancionarse\u00bb.<\/span><\/p>\n<p style=\"text-align: justify;\">&nbsp;<\/p>\n<p style=\"text-align: justify;\"><span style=\"font-size: 14pt; font-family: arial, helvetica, sans-serif;\">A\u00f1adi\u00f3 que con esta iniciativa del PAS, se lograr\u00e1 acabar con oos abusos, ya que el no respetar el orden de vacunaci\u00f3n debe ser un asunto de todos, para poder frenar y detener el influyentismo y los malos h\u00e1bitos, pues es del conocimiento de todos, que resulta anti \u00e9tico e inmoral brincarse los protocolos establecidos por las autoridades sanitarias, debemos respetar que los primeros en vacunar, son los que est\u00e1n atendiendo a enfermos en los hospitales Covid-19, y luego a los adultos mayores, porque al vacunar a los adultos mayores estamos evitando el 80% de fallecimientos de la poblaci\u00f3n.<\/span><\/p>\n<p style=\"text-align: justify;\">&nbsp;<\/p>\n<p style=\"text-align: justify;\"><span style=\"font-size: 14pt; font-family: arial, helvetica, sans-serif;\">\u00abNo hay que olvidar que desde que la vacuna del coronavirus lleg\u00f3 a M\u00e9xico, las autoridades del pa\u00eds anunciaron que \u00e9sta se aplicar\u00eda primero al personal de salud que atiende en primera l\u00ednea la pandemia. De ah\u00ed en adelante las dosis se administrar\u00edan de los grupos de mayor a menor riesgo\u00bb.<\/span><\/p>\n<p style=\"text-align: justify;\">&nbsp;<\/p>\n<p style=\"text-align: justify;\">&nbsp;<\/p>\n<p style=\"text-align: justify;\"><span style=\"font-size: 14pt; font-family: arial, helvetica, sans-serif;\">REDACCI\u00d3N\/VISI\u00d3N CIUDADANA.<\/span><\/p>\n<p>&nbsp;<\/p>\n<p>&nbsp;<\/p>\n","protected":false},"excerpt":{"rendered":"<p>&nbsp; Ante el registro de incidentes que han generado descontento social, pporque fncionarios p\u00fablicos de muchas partes del pa\u00eds, se aplicaron la vacuna del Covid-19 sin respetar el sistema de fases segmentando lo establecido por la Secretar\u00eda de Salud, en el cual pone en primer lugar al personal sanitario de primera l\u00ednea, la diputada Ang\u00e9lica [&hellip;]<\/p>\n","protected":false},"author":1,"featured_media":6445,"comment_status":"closed","ping_status":"closed","sticky":false,"template":"","format":"standard","meta":{"footnotes":""},"categories":[24],"tags":[],"ppma_author":[31],"class_list":["post-14728","post","type-post","status-publish","format-standard","has-post-thumbnail","hentry","category-relevantes"],"aioseo_notices":[],"authors":[{"term_id":31,"user_id":1,"is_guest":0,"slug":"ivan3vino","display_name":"Iv\u00e1n Trevi\u00f1o","avatar_url":{"url":"https:\/\/visionciudadana.com.mx\/oficial\/wp-content\/uploads\/2025\/09\/columna-ivan-Trevino.png","url2x":"https:\/\/visionciudadana.com.mx\/oficial\/wp-content\/uploads\/2025\/09\/columna-ivan-Trevino.png"},"0":null,"1":"","2":"","3":"","4":"","5":"","6":"","7":"","8":""}],"_links":{"self":[{"href":"https:\/\/visionciudadana.com.mx\/oficial\/wp-json\/wp\/v2\/posts\/14728","targetHints":{"allow":["GET"]}}],"collection":[{"href":"https:\/\/visionciudadana.com.mx\/oficial\/wp-json\/wp\/v2\/posts"}],"about":[{"href":"https:\/\/visionciudadana.com.mx\/oficial\/wp-json\/wp\/v2\/types\/post"}],"author":[{"embeddable":true,"href":"https:\/\/visionciudadana.com.mx\/oficial\/wp-json\/wp\/v2\/users\/1"}],"replies":[{"embeddable":true,"href":"https:\/\/visionciudadana.com.mx\/oficial\/wp-json\/wp\/v2\/comments?post=14728"}],"version-history":[{"count":1,"href":"https:\/\/visionciudadana.com.mx\/oficial\/wp-json\/wp\/v2\/posts\/14728\/revisions"}],"predecessor-version":[{"id":31510,"href":"https:\/\/visionciudadana.com.mx\/oficial\/wp-json\/wp\/v2\/posts\/14728\/revisions\/31510"}],"wp:featuredmedia":[{"embeddable":true,"href":"https:\/\/visionciudadana.com.mx\/oficial\/wp-json\/wp\/v2\/posts\/6445"}],"wp:attachment":[{"href":"https:\/\/visionciudadana.com.mx\/oficial\/wp-json\/wp\/v2\/media?parent=14728"}],"wp:term":[{"taxonomy":"category","embeddable":true,"href":"https:\/\/visionciudadana.com.mx\/oficial\/wp-json\/wp\/v2\/categories?post=14728"},{"taxonomy":"post_tag","embeddable":true,"href":"https:\/\/visionciudadana.com.mx\/oficial\/wp-json\/wp\/v2\/tags?post=14728"},{"taxonomy":"author","embeddable":true,"href":"https:\/\/visionciudadana.com.mx\/oficial\/wp-json\/wp\/v2\/ppma_author?post=14728"}],"curies":[{"name":"wp","href":"https:\/\/api.w.org\/{rel}","templated":true}]}}