{"id":14727,"date":"2021-01-20T03:31:57","date_gmt":"2021-01-20T03:31:57","guid":{"rendered":"https:\/\/visionciudadana.com.mx\/prueba\/2021\/01\/20\/museo-materia-celebra-su-primer-aniversario-con-concierto-virtual-de-la-dj-mariana-bo\/"},"modified":"2025-06-25T00:32:40","modified_gmt":"2025-06-25T00:32:40","slug":"museo-materia-celebra-su-primer-aniversario-con-concierto-virtual-de-la-dj-mariana-bo","status":"publish","type":"post","link":"https:\/\/visionciudadana.com.mx\/oficial\/2021\/01\/20\/museo-materia-celebra-su-primer-aniversario-con-concierto-virtual-de-la-dj-mariana-bo\/","title":{"rendered":"Museo Materia celebra su primer aniversario con concierto virtual de la DJ \u00abMariana Bo\u00bb"},"content":{"rendered":"<p style=\"text-align: justify;\"><img fetchpriority=\"high\" decoding=\"async\" src=\"images\/Enero2021\/museo_materia.PNG\" alt=\"museo materia\" width=\"314\" height=\"177\" style=\"display: block; margin-left: auto; margin-right: auto;\" \/><\/p>\n<p class=\"x_MsoNormal\" style=\"text-align: justify;\"><span style=\"font-size: 14pt; font-family: arial, helvetica, sans-serif;\">Para celebrar el primer aniversario de Materia, este 28 de enero a las 17:00 horas, museos de Ciencia alrededor del mundo: M\u00e9xico, Espa\u00f1a, Brasil, Inglaterra, Ecuador, Colombia, Argentina y muchos otros m\u00e1s, se unir\u00e1n a trav\u00e9s de la m\u00fasica para vivir el live stream de una la DJ sinaloense Top Mundial, \u201cMariana Bo\u201d, tocando desde el Mapping del museo Material.<\/span><\/p>\n<p style=\"text-align: justify;\">&nbsp;<\/p>\n<p class=\"x_MsoNormal\" style=\"text-align: justify;\"><span style=\"font-size: 14pt; font-family: arial, helvetica, sans-serif;\">El Centro de Ciencias de Sinaloa y Materia est\u00e1n preparando una experiencia con visuales especiales para videomapping, inmersos en un jard\u00edn bot\u00e1nico y m\u00fasica electr\u00f3nica, para mostrarle al mundo el verdadero rostro de Sinaloa.<\/span><\/p>\n<p style=\"text-align: justify;\">&nbsp;<\/p>\n<p class=\"x_MsoNormal\" style=\"text-align: justify;\"><span style=\"font-size: 14pt; font-family: arial, helvetica, sans-serif;\">Priorizando la salud de los sinaloenses y la sociedad, no se realizar\u00e1n eventos masivos, pero en agradecimiento a la gente y los visitantes de Materia, se ofrecer\u00e1 este concierto de manera virtual.<\/span><\/p>\n<p style=\"text-align: justify;\">&nbsp;<\/p>\n<p class=\"x_MsoNormal\" style=\"text-align: justify;\"><span style=\"font-size: 14pt; font-family: arial, helvetica, sans-serif;\">Con este live stream, se busca conectar a trav\u00e9s de la m\u00fasica a todos los museos y centros de ciencia del mundo, pero sobre todo a estar m\u00e1s cerca de los visitantes.<\/span><\/p>\n<p style=\"text-align: justify;\">&nbsp;<\/p>\n<p class=\"x_MsoNormal\" style=\"text-align: justify;\"><span style=\"font-size: 14pt; font-family: arial, helvetica, sans-serif;\">El concierto se realizar\u00e1 gracias al esfuerzo del Gobernador del Estado y del Centro de Ciencias de Sinaloa, con el apoyo de aliados como Megacable, Coppel, Metro Producciones, Mariana Bo, Descubre Culiac\u00e1n, VPRO y el Diputado Kechu Ram\u00edrez, quien es Presidente de la Comisi\u00f3n de Ciencia y Tecnolog\u00eda del Honorable Congreso del Estado.<\/span><\/p>\n<p style=\"text-align: justify;\">&nbsp;<\/p>\n<p class=\"x_MsoNormal\" style=\"text-align: justify;\"><span style=\"font-size: 14pt; font-family: arial, helvetica, sans-serif;\">Se invita a los seguidores a conectarse y subir historias, para que el mundo conozca a Materia como el mejor museo de ciencia de M\u00e9xico.<\/span><\/p>\n<p style=\"text-align: justify;\">&nbsp;<\/p>\n<p style=\"text-align: justify;\">&nbsp;<\/p>\n<p style=\"text-align: justify;\"><span style=\"font-size: 14pt; font-family: arial, helvetica, sans-serif;\">REDACCI\u00d3N\/VISI\u00d3N CIUDADANA.<\/span><\/p>\n","protected":false},"excerpt":{"rendered":"<p>Para celebrar el primer aniversario de Materia, este 28 de enero a las 17:00 horas, museos de Ciencia alrededor del mundo: M\u00e9xico, Espa\u00f1a, Brasil, Inglaterra, Ecuador, Colombia, Argentina y muchos otros m\u00e1s, se unir\u00e1n a trav\u00e9s de la m\u00fasica para vivir el live stream de una la DJ sinaloense Top Mundial, \u201cMariana Bo\u201d, tocando desde [&hellip;]<\/p>\n","protected":false},"author":1,"featured_media":6443,"comment_status":"closed","ping_status":"closed","sticky":false,"template":"","format":"standard","meta":{"footnotes":""},"categories":[24],"tags":[],"ppma_author":[31],"class_list":["post-14727","post","type-post","status-publish","format-standard","has-post-thumbnail","hentry","category-relevantes"],"aioseo_notices":[],"authors":[{"term_id":31,"user_id":1,"is_guest":0,"slug":"ivan3vino","display_name":"Iv\u00e1n Trevi\u00f1o","avatar_url":{"url":"https:\/\/visionciudadana.com.mx\/oficial\/wp-content\/uploads\/2025\/09\/columna-ivan-Trevino.png","url2x":"https:\/\/visionciudadana.com.mx\/oficial\/wp-content\/uploads\/2025\/09\/columna-ivan-Trevino.png"},"0":null,"1":"","2":"","3":"","4":"","5":"","6":"","7":"","8":""}],"_links":{"self":[{"href":"https:\/\/visionciudadana.com.mx\/oficial\/wp-json\/wp\/v2\/posts\/14727","targetHints":{"allow":["GET"]}}],"collection":[{"href":"https:\/\/visionciudadana.com.mx\/oficial\/wp-json\/wp\/v2\/posts"}],"about":[{"href":"https:\/\/visionciudadana.com.mx\/oficial\/wp-json\/wp\/v2\/types\/post"}],"author":[{"embeddable":true,"href":"https:\/\/visionciudadana.com.mx\/oficial\/wp-json\/wp\/v2\/users\/1"}],"replies":[{"embeddable":true,"href":"https:\/\/visionciudadana.com.mx\/oficial\/wp-json\/wp\/v2\/comments?post=14727"}],"version-history":[{"count":1,"href":"https:\/\/visionciudadana.com.mx\/oficial\/wp-json\/wp\/v2\/posts\/14727\/revisions"}],"predecessor-version":[{"id":31511,"href":"https:\/\/visionciudadana.com.mx\/oficial\/wp-json\/wp\/v2\/posts\/14727\/revisions\/31511"}],"wp:featuredmedia":[{"embeddable":true,"href":"https:\/\/visionciudadana.com.mx\/oficial\/wp-json\/wp\/v2\/posts\/6443"}],"wp:attachment":[{"href":"https:\/\/visionciudadana.com.mx\/oficial\/wp-json\/wp\/v2\/media?parent=14727"}],"wp:term":[{"taxonomy":"category","embeddable":true,"href":"https:\/\/visionciudadana.com.mx\/oficial\/wp-json\/wp\/v2\/categories?post=14727"},{"taxonomy":"post_tag","embeddable":true,"href":"https:\/\/visionciudadana.com.mx\/oficial\/wp-json\/wp\/v2\/tags?post=14727"},{"taxonomy":"author","embeddable":true,"href":"https:\/\/visionciudadana.com.mx\/oficial\/wp-json\/wp\/v2\/ppma_author?post=14727"}],"curies":[{"name":"wp","href":"https:\/\/api.w.org\/{rel}","templated":true}]}}