{"id":14726,"date":"2021-01-20T03:19:54","date_gmt":"2021-01-20T03:19:54","guid":{"rendered":"https:\/\/visionciudadana.com.mx\/prueba\/2021\/01\/20\/lanza-convocatoria-pri-sinaloa-para-las-18-presidencias-municipales\/"},"modified":"2025-06-25T00:32:40","modified_gmt":"2025-06-25T00:32:40","slug":"lanza-convocatoria-pri-sinaloa-para-las-18-presidencias-municipales","status":"publish","type":"post","link":"https:\/\/visionciudadana.com.mx\/oficial\/2021\/01\/20\/lanza-convocatoria-pri-sinaloa-para-las-18-presidencias-municipales\/","title":{"rendered":"Lanza convocatoria PRI Sinaloa para las 18 presidencias municipales"},"content":{"rendered":"<p><img fetchpriority=\"high\" decoding=\"async\" src=\"images\/Enero2021\/lanza_pri_convo.PNG\" alt=\"lanza pri convo\" width=\"472\" height=\"255\" style=\"display: block; margin-left: auto; margin-right: auto;\" \/><\/p>\n<p class=\"x_MsoNormal\" style=\"text-align: justify;\"><span style=\"font-size: 14pt; font-family: arial, helvetica, sans-serif;\">Public\u00f3 el Comit\u00e9 Directivo Estatal del PRI en Sinaloa, la convocatoria para las candidaturas en las 18 presidencias municipales, misma que estuvo a cargo de Jes\u00fas Vald\u00e9s Palazuelos, dirigente estatal; Cinthia Valenzuela Langarica, secretaria general; Jes\u00fas Enrique Hern\u00e1ndez Ch\u00e1vez, presidente de la Comisi\u00f3n Estatal de Procesos Internos y Francisco Ramos, secretario t\u00e9cnico de Procesos Internos.<\/span><\/p>\n<p style=\"text-align: justify;\">&nbsp;<\/p>\n<p class=\"x_MsoNormal\" style=\"text-align: justify;\"><span style=\"font-size: 14pt; font-family: arial, helvetica, sans-serif;\">Los municipios que ser\u00e1n por m\u00e9todo de convenci\u00f3n de delegados son: Choix, El Fuerte, Angostura, Salvador Alvarado, Navolato, Cosal\u00e1, San Ignacio, Concordia y Rosario.<\/span><\/p>\n<p style=\"text-align: justify;\">&nbsp;<\/p>\n<p class=\"x_MsoNormal\" style=\"text-align: justify;\"><span style=\"font-size: 14pt; font-family: arial, helvetica, sans-serif;\">Por el m\u00e9todo de postulaci\u00f3n, los municipios: Ahome, Guasave, Sinaloa, Mocorito, Badiraguato, Culiac\u00e1n, Elota, Mazatl\u00e1n y Escuinapa.<\/span><\/p>\n<p style=\"text-align: justify;\">&nbsp;<\/p>\n<p class=\"x_MsoNormal\" style=\"text-align: justify;\"><span style=\"font-size: 14pt; font-family: arial, helvetica, sans-serif;\">Las y los interesados deber\u00e1n presentar sus documentos el d\u00eda 29 de enero, en un horario de 11:00 a 13:00 horas, ante las Comisiones de Procesos Internos en sus respectivos municipios.<\/span><\/p>\n<p style=\"text-align: justify;\">&nbsp;<\/p>\n<p class=\"x_MsoNormal\" style=\"text-align: justify;\"><span style=\"font-size: 14pt; font-family: arial, helvetica, sans-serif;\">Los aspirantes simpatizantes manifestar\u00e1n personalmente y por escrito con firma aut\u00f3grafa, su intenci\u00f3n de participar en el proceso interno a la persona titular de la Comisi\u00f3n Pol\u00edtica Permanente del Consejo Pol\u00edtico Estatal a m\u00e1s tardar el d\u00eda 24 de enero del 2021.<\/span><\/p>\n<p style=\"text-align: justify;\">&nbsp;<\/p>\n<p style=\"text-align: justify;\">&nbsp;<\/p>\n<p style=\"text-align: justify;\"><span style=\"font-size: 14pt; font-family: arial, helvetica, sans-serif;\">REDACCI\u00d3N\/VISI\u00d3N CIUDADANA.<\/span><\/p>\n","protected":false},"excerpt":{"rendered":"<p>Public\u00f3 el Comit\u00e9 Directivo Estatal del PRI en Sinaloa, la convocatoria para las candidaturas en las 18 presidencias municipales, misma que estuvo a cargo de Jes\u00fas Vald\u00e9s Palazuelos, dirigente estatal; Cinthia Valenzuela Langarica, secretaria general; Jes\u00fas Enrique Hern\u00e1ndez Ch\u00e1vez, presidente de la Comisi\u00f3n Estatal de Procesos Internos y Francisco Ramos, secretario t\u00e9cnico de Procesos Internos. [&hellip;]<\/p>\n","protected":false},"author":1,"featured_media":6441,"comment_status":"closed","ping_status":"closed","sticky":false,"template":"","format":"standard","meta":{"footnotes":""},"categories":[24],"tags":[],"ppma_author":[31],"class_list":["post-14726","post","type-post","status-publish","format-standard","has-post-thumbnail","hentry","category-relevantes"],"aioseo_notices":[],"authors":[{"term_id":31,"user_id":1,"is_guest":0,"slug":"ivan3vino","display_name":"Iv\u00e1n Trevi\u00f1o","avatar_url":{"url":"https:\/\/visionciudadana.com.mx\/oficial\/wp-content\/uploads\/2025\/09\/columna-ivan-Trevino.png","url2x":"https:\/\/visionciudadana.com.mx\/oficial\/wp-content\/uploads\/2025\/09\/columna-ivan-Trevino.png"},"0":null,"1":"","2":"","3":"","4":"","5":"","6":"","7":"","8":""}],"_links":{"self":[{"href":"https:\/\/visionciudadana.com.mx\/oficial\/wp-json\/wp\/v2\/posts\/14726","targetHints":{"allow":["GET"]}}],"collection":[{"href":"https:\/\/visionciudadana.com.mx\/oficial\/wp-json\/wp\/v2\/posts"}],"about":[{"href":"https:\/\/visionciudadana.com.mx\/oficial\/wp-json\/wp\/v2\/types\/post"}],"author":[{"embeddable":true,"href":"https:\/\/visionciudadana.com.mx\/oficial\/wp-json\/wp\/v2\/users\/1"}],"replies":[{"embeddable":true,"href":"https:\/\/visionciudadana.com.mx\/oficial\/wp-json\/wp\/v2\/comments?post=14726"}],"version-history":[{"count":1,"href":"https:\/\/visionciudadana.com.mx\/oficial\/wp-json\/wp\/v2\/posts\/14726\/revisions"}],"predecessor-version":[{"id":31512,"href":"https:\/\/visionciudadana.com.mx\/oficial\/wp-json\/wp\/v2\/posts\/14726\/revisions\/31512"}],"wp:featuredmedia":[{"embeddable":true,"href":"https:\/\/visionciudadana.com.mx\/oficial\/wp-json\/wp\/v2\/media\/6441"}],"wp:attachment":[{"href":"https:\/\/visionciudadana.com.mx\/oficial\/wp-json\/wp\/v2\/media?parent=14726"}],"wp:term":[{"taxonomy":"category","embeddable":true,"href":"https:\/\/visionciudadana.com.mx\/oficial\/wp-json\/wp\/v2\/categories?post=14726"},{"taxonomy":"post_tag","embeddable":true,"href":"https:\/\/visionciudadana.com.mx\/oficial\/wp-json\/wp\/v2\/tags?post=14726"},{"taxonomy":"author","embeddable":true,"href":"https:\/\/visionciudadana.com.mx\/oficial\/wp-json\/wp\/v2\/ppma_author?post=14726"}],"curies":[{"name":"wp","href":"https:\/\/api.w.org\/{rel}","templated":true}]}}