{"id":14725,"date":"2021-01-20T03:11:22","date_gmt":"2021-01-20T03:11:22","guid":{"rendered":"https:\/\/visionciudadana.com.mx\/prueba\/2021\/01\/20\/todavia-no-es-momento-de-acciones-de-confinamiento-de-cierres-como-estuvimos-al-principio\/"},"modified":"2025-06-25T00:32:41","modified_gmt":"2025-06-25T00:32:41","slug":"todavia-no-es-momento-de-acciones-de-confinamiento-de-cierres-como-estuvimos-al-principio","status":"publish","type":"post","link":"https:\/\/visionciudadana.com.mx\/oficial\/2021\/01\/20\/todavia-no-es-momento-de-acciones-de-confinamiento-de-cierres-como-estuvimos-al-principio\/","title":{"rendered":"\u00abTodav\u00eda no es momento de acciones de confinamiento, de cierres, c\u00f3mo estuvimos al principio\u00bb"},"content":{"rendered":"<p><img fetchpriority=\"high\" decoding=\"async\" src=\"images\/Enero2021\/todav\u00eda_no.PNG\" alt=\"todav\u00eda no\" width=\"433\" height=\"240\" style=\"display: block; margin-left: auto; margin-right: auto;\" \/><\/p>\n<div>\n<p class=\"x_MsoNormal\" style=\"text-align: justify;\"><span style=\"font-size: 14pt; font-family: arial, helvetica, sans-serif;\">A m\u00e1s de 300 d\u00edas de atender la contingencia, la pandemia de COVID-19 en nuestro pa\u00eds y particularmente en Sinaloa, las acciones de prevenci\u00f3n y promoci\u00f3n de la salud se contin\u00faan realizando para evitar el mayor n\u00famero de contagios.<\/span><\/p>\n<p style=\"text-align: justify;\">&nbsp;<\/p>\n<p class=\"x_MsoNormal\" style=\"text-align: justify;\"><span style=\"font-size: 14pt; font-family: arial, helvetica, sans-serif;\">El Secretario de Salud, Dr. Efr\u00e9n Encinas Torres, asegur\u00f3 que, dado el incremento que se ha notado en los contagios de COVID-19 en Sinaloa, es oportuno reforzar las acciones preventivas y la aplicaci\u00f3n de protocolos sanitarios en todos los sectores y con participaci\u00f3n activa de la sociedad, y destaco que al momento no es tiempo de llevar a cabo el cierre de actividades y negocios no esenciales en la entidad.<\/span><\/p>\n<p style=\"text-align: justify;\">&nbsp;<\/p>\n<p class=\"x_MsoNormal\" style=\"text-align: justify;\"><span style=\"font-size: 14pt; font-family: arial, helvetica, sans-serif;\">\u201cEn estos \u00faltimos d\u00edas, derivado de la movilidad de las fechas decembrinas, hemos encontrado un incremento discreto de los casos de contagios lo que nos ha permitido reforzar las acciones pertinentes, necesarias, en materia de prevenci\u00f3n, promoci\u00f3n y educaci\u00f3n para la salud; todav\u00eda no es momento de acciones de confinamiento, de cierres, como estuvimos al principio, existe toda la confianza en la ciudadan\u00eda en todos los municipios en sesi\u00f3n permanente trabajando todos ante ello reforzaremos todas las acciones y actuaremos para accionar con los protocolos de regulaci\u00f3n sanitaria que debemos llevar con todos los sectores productivos y econ\u00f3micos del estado\u201d, declar\u00f3.<\/span><\/p>\n<p style=\"text-align: justify;\">&nbsp;<\/p>\n<p class=\"x_MsoNormal\" style=\"text-align: justify;\"><span style=\"font-size: 14pt; font-family: arial, helvetica, sans-serif;\">Explic\u00f3 que con estas acciones que&nbsp; aprob\u00f3 en la \u00faltima reuni\u00f3n del Comit\u00e9 T\u00e9cnico Estatal de Seguridad en Salud, que es el mayor \u00f3rgano rector en pol\u00edticas de salud, podremos modificar esta tendencia para que sea estabilizadora y hacia la baja&nbsp; en el transcurso de los d\u00edas para el bien de toda la poblaci\u00f3n de Sinaloa ejecutando los protocolos de regulaci\u00f3n sanitaria que se deben de llevar con los diversos sectores de la entidad.<\/span><\/p>\n<\/div>\n<div style=\"text-align: justify;\"><span style=\"font-size: 14pt; font-family: arial, helvetica, sans-serif;\"><\/span><\/div>\n<div style=\"text-align: justify;\"><span style=\"font-size: 14pt; font-family: arial, helvetica, sans-serif;\">REDACCI\u00d3N\/VISI\u00d3N CIUDADANA.<\/span><\/div>\n","protected":false},"excerpt":{"rendered":"<p>A m\u00e1s de 300 d\u00edas de atender la contingencia, la pandemia de COVID-19 en nuestro pa\u00eds y particularmente en Sinaloa, las acciones de prevenci\u00f3n y promoci\u00f3n de la salud se contin\u00faan realizando para evitar el mayor n\u00famero de contagios. &nbsp; El Secretario de Salud, Dr. Efr\u00e9n Encinas Torres, asegur\u00f3 que, dado el incremento que se [&hellip;]<\/p>\n","protected":false},"author":1,"featured_media":6439,"comment_status":"closed","ping_status":"closed","sticky":false,"template":"","format":"standard","meta":{"footnotes":""},"categories":[24],"tags":[],"ppma_author":[31],"class_list":["post-14725","post","type-post","status-publish","format-standard","has-post-thumbnail","hentry","category-relevantes"],"aioseo_notices":[],"authors":[{"term_id":31,"user_id":1,"is_guest":0,"slug":"ivan3vino","display_name":"Iv\u00e1n Trevi\u00f1o","avatar_url":{"url":"https:\/\/visionciudadana.com.mx\/oficial\/wp-content\/uploads\/2025\/09\/columna-ivan-Trevino.png","url2x":"https:\/\/visionciudadana.com.mx\/oficial\/wp-content\/uploads\/2025\/09\/columna-ivan-Trevino.png"},"0":null,"1":"","2":"","3":"","4":"","5":"","6":"","7":"","8":""}],"_links":{"self":[{"href":"https:\/\/visionciudadana.com.mx\/oficial\/wp-json\/wp\/v2\/posts\/14725","targetHints":{"allow":["GET"]}}],"collection":[{"href":"https:\/\/visionciudadana.com.mx\/oficial\/wp-json\/wp\/v2\/posts"}],"about":[{"href":"https:\/\/visionciudadana.com.mx\/oficial\/wp-json\/wp\/v2\/types\/post"}],"author":[{"embeddable":true,"href":"https:\/\/visionciudadana.com.mx\/oficial\/wp-json\/wp\/v2\/users\/1"}],"replies":[{"embeddable":true,"href":"https:\/\/visionciudadana.com.mx\/oficial\/wp-json\/wp\/v2\/comments?post=14725"}],"version-history":[{"count":1,"href":"https:\/\/visionciudadana.com.mx\/oficial\/wp-json\/wp\/v2\/posts\/14725\/revisions"}],"predecessor-version":[{"id":31513,"href":"https:\/\/visionciudadana.com.mx\/oficial\/wp-json\/wp\/v2\/posts\/14725\/revisions\/31513"}],"wp:featuredmedia":[{"embeddable":true,"href":"https:\/\/visionciudadana.com.mx\/oficial\/wp-json\/wp\/v2\/media\/6439"}],"wp:attachment":[{"href":"https:\/\/visionciudadana.com.mx\/oficial\/wp-json\/wp\/v2\/media?parent=14725"}],"wp:term":[{"taxonomy":"category","embeddable":true,"href":"https:\/\/visionciudadana.com.mx\/oficial\/wp-json\/wp\/v2\/categories?post=14725"},{"taxonomy":"post_tag","embeddable":true,"href":"https:\/\/visionciudadana.com.mx\/oficial\/wp-json\/wp\/v2\/tags?post=14725"},{"taxonomy":"author","embeddable":true,"href":"https:\/\/visionciudadana.com.mx\/oficial\/wp-json\/wp\/v2\/ppma_author?post=14725"}],"curies":[{"name":"wp","href":"https:\/\/api.w.org\/{rel}","templated":true}]}}