{"id":14723,"date":"2021-01-20T02:48:12","date_gmt":"2021-01-20T02:48:12","guid":{"rendered":"https:\/\/visionciudadana.com.mx\/prueba\/2021\/01\/20\/rector-toma-protesta-a-nuevos-funcionarios\/"},"modified":"2025-06-25T00:32:41","modified_gmt":"2025-06-25T00:32:41","slug":"rector-toma-protesta-a-nuevos-funcionarios","status":"publish","type":"post","link":"https:\/\/visionciudadana.com.mx\/oficial\/2021\/01\/20\/rector-toma-protesta-a-nuevos-funcionarios\/","title":{"rendered":"Rector toma protesta a nuevos funcionarios"},"content":{"rendered":"<p style=\"text-align: justify;\"><img fetchpriority=\"high\" decoding=\"async\" src=\"images\/Enero2021\/rector_toma.PNG\" alt=\"rector toma\" width=\"401\" height=\"202\" style=\"display: block; margin-left: auto; margin-right: auto;\" \/><\/p>\n<p class=\"x_MsoNormal\" style=\"text-align: justify;\" align=\"right\"><span lang=\"ES\" style=\"font-size: 14pt; font-family: arial, helvetica, sans-serif;\">El Rector de la Universidad Aut\u00f3noma de Sinaloa (UAS), doctor Juan Eulogio Guerra Liera, tom\u00f3 protesta a nuevos funcionarios que a partir de este d\u00eda ocupan los cargos de Secretario General de la instituci\u00f3n, Director de Sueldos y Salarios y Directora del Programa de Mejoramiento del Profesorado (PROMEP).<\/span><\/p>\n<p class=\"x_MsoNormal\" style=\"text-align: justify;\"><span lang=\"ES\" style=\"font-size: 14pt; font-family: arial, helvetica, sans-serif;\"><\/span><\/p>\n<p class=\"x_MsoNormal\" style=\"text-align: justify;\"><span lang=\"ES\" style=\"font-size: 14pt; font-family: arial, helvetica, sans-serif;\">Con fundamento en las facultades que le confiere la Ley Org\u00e1nica de la Universidad y el Estatuto General, el Rector encabez\u00f3 los protocolos correspondientes donde en un primer momento como Secretario General rindi\u00f3 protesta el doctor Gerardo Alapizco Castro, en sustituci\u00f3n del doctor Jes\u00fas Madue\u00f1a Molina, quien present\u00f3 su licencia para separarse del cargo con la finalidad de atender asuntos referentes a su formaci\u00f3n acad\u00e9mica.<\/span><\/p>\n<p class=\"x_MsoNormal\" style=\"text-align: justify;\"><span lang=\"ES\" style=\"font-size: 14pt; font-family: arial, helvetica, sans-serif;\"><\/span><\/p>\n<p class=\"x_MsoNormal\" style=\"text-align: justify;\"><span lang=\"ES\" style=\"font-size: 14pt; font-family: arial, helvetica, sans-serif;\">\u201cYo quiero antes de entrar a este aspecto protocolario, agradecerle al doctor Jes\u00fas Madue\u00f1a Molina, ha sido un pilar fundamental durante estos casi cerca de ocho a\u00f1os, pens\u00e9 que los \u00edbamos a terminar juntos, para m\u00ed siempre fue una seguridad en la funci\u00f3n que el desempe\u00f1a por su experiencia, su entrega y dedicaci\u00f3n y su actividad en el proyecto institucional, logramos brincar muchos obst\u00e1culos, estar actualizados ante la demanda de los t\u00edtulos y certificados, entramos a la era digital mucho antes de la educaci\u00f3n a distancia y lo cumpli\u00f3 excelente ese reto, quiero agradecerte, esto nos permite valorar a la gente durante la trayectoria de su responsabilidad con sus resultados\u201d, expres\u00f3 Guerra Liera.&nbsp;<\/span><\/p>\n<p class=\"x_MsoNormal\" style=\"text-align: justify;\"><span lang=\"ES\" style=\"font-size: 14pt; font-family: arial, helvetica, sans-serif;\"><\/span><\/p>\n<p class=\"x_MsoNormal\" style=\"text-align: justify;\"><span lang=\"ES\" style=\"font-size: 14pt; font-family: arial, helvetica, sans-serif;\">El Rector extern\u00f3 que el doctor Madue\u00f1a se va con la frente en alto, con el deber cumplido y con la capacidad mostrada durante todos estos a\u00f1os, motivo por el cual le entreg\u00f3 un reconocimiento por su valioso desempe\u00f1o como Secretario General en el periodo 2013-2021 y desde la cual realiz\u00f3 importantes aportaciones para la consolidaci\u00f3n de esta casa de estudios, de igual forma le coloc\u00f3 un pin de oro con el escudo de la Universidad.<\/span><\/p>\n<p class=\"x_MsoNormal\" style=\"text-align: justify;\"><span lang=\"ES\" style=\"font-size: 14pt; font-family: arial, helvetica, sans-serif;\"><\/span><\/p>\n<p class=\"x_MsoNormal\" style=\"text-align: justify;\"><span lang=\"ES\" style=\"font-size: 14pt; font-family: arial, helvetica, sans-serif;\">Por su parte el doctor Madue\u00f1a Molina, agradeci\u00f3 al Rector la confianza depositada en su persona; se va, dijo con la satisfacci\u00f3n de haberlo acompa\u00f1ado y haber aportado al proyecto desde el puesto que desempe\u00f1aba.<\/span><\/p>\n<p class=\"x_MsoNormal\" style=\"text-align: justify;\"><span lang=\"ES\" style=\"font-size: 14pt; font-family: arial, helvetica, sans-serif;\"><\/span><\/p>\n<p class=\"x_MsoNormal\" style=\"text-align: justify;\"><span lang=\"ES\" style=\"font-size: 14pt; font-family: arial, helvetica, sans-serif;\">Al referirse al nuevo Secretario General, doctor Alapizco Castro, quien se desempe\u00f1aba como director de la Facultad de Medicina, el Rector enfatiz\u00f3 que es una persona que re\u00fane los requisitos necesarios desde la normatividad, as\u00ed como su dedicaci\u00f3n, empe\u00f1o y compromiso hacia la Universidad, de tal forma que podr\u00e1 complementar lo que queda de esta administraci\u00f3n en esta funci\u00f3n tan importante.<\/span><\/p>\n<p class=\"x_MsoNormal\" style=\"text-align: justify;\"><span lang=\"ES\" style=\"font-size: 14pt; font-family: arial, helvetica, sans-serif;\"><\/span><\/p>\n<p class=\"x_MsoNormal\" style=\"text-align: justify;\"><span lang=\"ES\" style=\"font-size: 14pt; font-family: arial, helvetica, sans-serif;\">\u201cTodo el respaldo, la confianza y el apoyo como lo tuvo nuestro amigo Jes\u00fas Madue\u00f1a Molina y como lo sigue teniendo, de igual manera va el mismo compromiso hacia el doctor Alapizco Castro\u201d, manifest\u00f3.<\/span><\/p>\n<p class=\"x_MsoNormal\" style=\"text-align: justify;\"><span lang=\"ES\" style=\"font-size: 14pt; font-family: arial, helvetica, sans-serif;\"><\/span><\/p>\n<p class=\"x_MsoNormal\" style=\"text-align: justify;\"><span lang=\"ES\" style=\"font-size: 14pt; font-family: arial, helvetica, sans-serif;\">El nuevo Secretario General extern\u00f3 que asume un compromiso enorme sobre todo por el liderazgo que se ha implementado por el Rector, por lo que consider\u00f3 fundamental seguir todos los procesos y misi\u00f3n de la Secretar\u00eda, as\u00ed mismo agradeci\u00f3 la confianza para desempe\u00f1ar esta responsabilidad y se comprometi\u00f3 a trabajar intensamente para lograr los objetivos trazados en el proyecto rectoral.<\/span><\/p>\n<p class=\"x_MsoNormal\" style=\"text-align: justify;\"><span lang=\"ES\" style=\"font-size: 14pt; font-family: arial, helvetica, sans-serif;\"><\/span><\/p>\n<p class=\"x_MsoNormal\" style=\"text-align: justify;\"><span lang=\"ES\" style=\"font-size: 14pt; font-family: arial, helvetica, sans-serif;\">Posteriormente el Rector tom\u00f3 protesta al doctor Roberto Bernal Guadiana como nuevo responsable del \u00e1rea de Sueldos y Salarios, en sustituci\u00f3n del doctor Santiago Inzunza, quien solicit\u00f3 separarse del cargo por motivos personales, y a la doctora Josefina Lafarga Garc\u00eda como titular de PROMEP, para suplir al doctor Jos\u00e9 Alfredo Leal Ordu\u00f1o, quien se sum\u00f3 a la lista de los m\u00e1s de 166 universitarios que en esta pandemia han perdido la vida y a quien de manera especial le dedic\u00f3 algunas palabras para reconocer sus facultades como persona y como funcionario universitario.<\/span><\/p>\n<p class=\"x_MsoNormal\" style=\"text-align: justify;\"><span lang=\"ES\" style=\"font-size: 14pt; font-family: arial, helvetica, sans-serif;\"><\/span><\/p>\n<p class=\"x_MsoNormal\" style=\"text-align: justify;\"><span lang=\"ES\" style=\"font-size: 14pt; font-family: arial, helvetica, sans-serif;\">\u201cEsto significa cambios disruptivos por motivos diferentes desde fallecimientos hasta cuestiones personales que no van a cambiar el rumbo de la Universidad en el sentido de un alto, de fallar en los objetivos, porque afortunadamente hay much\u00edsimos universitarios con capacidad, con entrega, compromiso, como los antes nombrados que creo que van a realizar un excelente trabajo en beneficio de la Universidad Aut\u00f3noma de Sinaloa\u201d, dijo el Rector en entrevista.<\/span><\/p>\n<p class=\"x_MsoNormal\" style=\"text-align: justify;\"><span lang=\"ES\" style=\"font-size: 14pt; font-family: arial, helvetica, sans-serif;\"><\/span><\/p>\n<p class=\"x_MsoNormal\" style=\"text-align: justify;\"><span lang=\"ES\" style=\"font-size: 14pt; font-family: arial, helvetica, sans-serif;\">\u201cEn la comunidad universitaria hay una gran calidad de integrantes que pueden desarrollar de manera excelente el papel de Rector, de Secretario General, de cualquiera de estas funciones y que en este caso no es la excepci\u00f3n, ellos est\u00e1n probados, han tenido diferentes funciones, han desarrollado diferentes actividades (\u2026) esto nos permite garantizar de manera exitosa hacia el futuro que van a desempe\u00f1arlo con la misma entrega (\u2026) hoy estos nuevos funcionarios remarcan el compromiso y desde la Rector\u00eda me siento muy bien acompa\u00f1ado con las mismas expectativas de cerrar fuertemente a favor de esta gran instituci\u00f3n\u201d, puntualiz\u00f3 Guerra Liera.<\/span><\/p>\n<p style=\"text-align: justify;\">&nbsp;<\/p>\n<p style=\"text-align: justify;\">&nbsp;<\/p>\n<p style=\"text-align: justify;\"><span style=\"font-size: 14pt; font-family: arial, helvetica, sans-serif;\">REDACCI\u00d3N\/VISI\u00d3N CIUDADANA.<\/span><\/p>\n","protected":false},"excerpt":{"rendered":"<p>El Rector de la Universidad Aut\u00f3noma de Sinaloa (UAS), doctor Juan Eulogio Guerra Liera, tom\u00f3 protesta a nuevos funcionarios que a partir de este d\u00eda ocupan los cargos de Secretario General de la instituci\u00f3n, Director de Sueldos y Salarios y Directora del Programa de Mejoramiento del Profesorado (PROMEP). Con fundamento en las facultades que le [&hellip;]<\/p>\n","protected":false},"author":1,"featured_media":6435,"comment_status":"closed","ping_status":"closed","sticky":false,"template":"","format":"standard","meta":{"footnotes":""},"categories":[24],"tags":[],"ppma_author":[31],"class_list":["post-14723","post","type-post","status-publish","format-standard","has-post-thumbnail","hentry","category-relevantes"],"aioseo_notices":[],"authors":[{"term_id":31,"user_id":1,"is_guest":0,"slug":"ivan3vino","display_name":"Iv\u00e1n Trevi\u00f1o","avatar_url":{"url":"https:\/\/visionciudadana.com.mx\/oficial\/wp-content\/uploads\/2025\/09\/columna-ivan-Trevino.png","url2x":"https:\/\/visionciudadana.com.mx\/oficial\/wp-content\/uploads\/2025\/09\/columna-ivan-Trevino.png"},"0":null,"1":"","2":"","3":"","4":"","5":"","6":"","7":"","8":""}],"_links":{"self":[{"href":"https:\/\/visionciudadana.com.mx\/oficial\/wp-json\/wp\/v2\/posts\/14723","targetHints":{"allow":["GET"]}}],"collection":[{"href":"https:\/\/visionciudadana.com.mx\/oficial\/wp-json\/wp\/v2\/posts"}],"about":[{"href":"https:\/\/visionciudadana.com.mx\/oficial\/wp-json\/wp\/v2\/types\/post"}],"author":[{"embeddable":true,"href":"https:\/\/visionciudadana.com.mx\/oficial\/wp-json\/wp\/v2\/users\/1"}],"replies":[{"embeddable":true,"href":"https:\/\/visionciudadana.com.mx\/oficial\/wp-json\/wp\/v2\/comments?post=14723"}],"version-history":[{"count":1,"href":"https:\/\/visionciudadana.com.mx\/oficial\/wp-json\/wp\/v2\/posts\/14723\/revisions"}],"predecessor-version":[{"id":31515,"href":"https:\/\/visionciudadana.com.mx\/oficial\/wp-json\/wp\/v2\/posts\/14723\/revisions\/31515"}],"wp:featuredmedia":[{"embeddable":true,"href":"https:\/\/visionciudadana.com.mx\/oficial\/wp-json\/wp\/v2\/posts\/6435"}],"wp:attachment":[{"href":"https:\/\/visionciudadana.com.mx\/oficial\/wp-json\/wp\/v2\/media?parent=14723"}],"wp:term":[{"taxonomy":"category","embeddable":true,"href":"https:\/\/visionciudadana.com.mx\/oficial\/wp-json\/wp\/v2\/categories?post=14723"},{"taxonomy":"post_tag","embeddable":true,"href":"https:\/\/visionciudadana.com.mx\/oficial\/wp-json\/wp\/v2\/tags?post=14723"},{"taxonomy":"author","embeddable":true,"href":"https:\/\/visionciudadana.com.mx\/oficial\/wp-json\/wp\/v2\/ppma_author?post=14723"}],"curies":[{"name":"wp","href":"https:\/\/api.w.org\/{rel}","templated":true}]}}