{"id":14722,"date":"2021-01-20T02:38:18","date_gmt":"2021-01-20T02:38:18","guid":{"rendered":"https:\/\/visionciudadana.com.mx\/prueba\/2021\/01\/20\/ponen-en-marcha-programa-de-reactivacion-economica-impulso-nafin-gobierno-de-sinaloa\/"},"modified":"2025-06-25T00:32:41","modified_gmt":"2025-06-25T00:32:41","slug":"ponen-en-marcha-programa-de-reactivacion-economica-impulso-nafin-gobierno-de-sinaloa","status":"publish","type":"post","link":"https:\/\/visionciudadana.com.mx\/oficial\/2021\/01\/20\/ponen-en-marcha-programa-de-reactivacion-economica-impulso-nafin-gobierno-de-sinaloa\/","title":{"rendered":"Ponen en marcha Programa de reactivaci\u00f3n Econ\u00f3mica Impulso NAFIN-Gobierno de Sinaloa"},"content":{"rendered":"<p><img fetchpriority=\"high\" decoding=\"async\" src=\"images\/Enero2021\/Nafin_gob.PNG\" alt=\"Nafin gob\" width=\"403\" height=\"214\" style=\"display: block; margin-left: auto; margin-right: auto;\" \/><\/p>\n<p class=\"x_MsoNormal\" style=\"text-align: justify;\"><span style=\"font-size: 14pt; font-family: arial, helvetica, sans-serif;\">Con la finalidad de apoyar a las micro, peque\u00f1as y medianas empresas de los 18 municipios de Sinaloa de los sectores industria, comercio y servicios, esta ma\u00f1ana se dio a conocer una nueva fase de financiamiento del programa de reactivaci\u00f3n econ\u00f3mica \u201cImpulso NAFIN-Gobierno de Sinaloa\u201d.<\/span><\/p>\n<p style=\"text-align: justify;\">&nbsp;<\/p>\n<p class=\"x_MsoNormal\" style=\"text-align: justify;\"><span style=\"font-size: 14pt; font-family: arial, helvetica, sans-serif;\">Derivado de la Emergencia Sanitaria por el Covid-19, las necesidades de financiamiento empresarial de diversos montos se incrementaron de manera exponencial, es por ello que el Gobernador Quirino Ordaz Coppel gestion\u00f3 ante la Direcci\u00f3n General de Nacional Financiera y Bancomext, la creaci\u00f3n de programas de atenci\u00f3n a las necesidades de los empresarios que generan empleos en Sinaloa.<\/span><\/p>\n<p style=\"text-align: justify;\">&nbsp;<\/p>\n<p class=\"x_MsoNormal\" style=\"text-align: justify;\"><span style=\"font-size: 14pt; font-family: arial, helvetica, sans-serif;\">Es por ello que la propuesta de NAFIN fue continuar con el programa de reactivaci\u00f3n econ\u00f3mica \u201cImpulso NAFIN-Gobierno de Sinaloa\u201d, con condiciones mejoradas y m\u00e1s accesibles.<\/span><\/p>\n<p style=\"text-align: justify;\">&nbsp;<\/p>\n<p class=\"x_MsoNormal\" style=\"text-align: justify;\"><span style=\"font-size: 14pt; font-family: arial, helvetica, sans-serif;\">El programa \u201cImpulso NAFIN-Gobierno de Sinaloa\u201d es un esquema de financiamiento para la micro, peque\u00f1a y mediana empresa, con condiciones preferenciales y sobre todo bajo el esquema de garant\u00eda l\u00edquida, es decir, un programa donde el riesgo lo asume la banca de desarrollo y el Gobierno del Estado de Sinaloa.<\/span><\/p>\n<p style=\"text-align: justify;\">&nbsp;<\/p>\n<p class=\"x_MsoNormal\" style=\"text-align: justify;\"><span style=\"font-size: 14pt; font-family: arial, helvetica, sans-serif;\">Con esta nueva fase del programa de reactivaci\u00f3n econ\u00f3mica \u201cImpulso NAFIN-Gobierno de Sinaloa\u201d se pretende una derrama econ\u00f3mica para el 2021 de $156 millones de pesos.<\/span><\/p>\n<p style=\"text-align: justify;\">&nbsp;<\/p>\n<p class=\"x_MsoNormal\" style=\"text-align: justify;\"><span style=\"font-size: 14pt; font-family: arial, helvetica, sans-serif;\">Para fondear este programa el convenio de colaboraci\u00f3n contempla aportaciones estatales, mismas que son potencializadas con recursos propios de Nacional Financiera.<\/span><\/p>\n<p style=\"text-align: justify;\">&nbsp;<\/p>\n<p class=\"x_MsoNormal\" style=\"text-align: justify;\"><span style=\"font-size: 14pt; font-family: arial, helvetica, sans-serif;\">Para el Secretario de Econom\u00eda de Sinaloa, Javier Liz\u00e1rraga Mercado, este tipo de programas de financiamientos para las empresas son un apoyo ya que fueron creados con condiciones preferenciales, donde el riesgo lo asume la banca de desarrollo y el Gobierno de Sinaloa.<\/span><\/p>\n<p style=\"text-align: justify;\">&nbsp;<\/p>\n<p class=\"x_MsoNormal\" style=\"text-align: justify;\"><span style=\"font-size: 14pt; font-family: arial, helvetica, sans-serif;\">Inform\u00f3 que a trav\u00e9s de las diferentes emisiones que ha tenido este programa se ha podido atender a cientos de empresas sinaloenses desde el 2017 y a la fecha se han beneficiado a 390 empresas con un monto de $ 807,2 MDP.<\/span><\/p>\n<p style=\"text-align: justify;\">&nbsp;<\/p>\n<p class=\"x_MsoNormal\" style=\"text-align: justify;\"><span style=\"font-size: 14pt; font-family: arial, helvetica, sans-serif;\">Este programa de financiamiento operar\u00e1 bajo las siguientes condiciones:<\/span><\/p>\n<p class=\"x_gmail-MsoListParagraph\" style=\"text-align: justify;\"><span style=\"font-size: 14pt; font-family: arial, helvetica, sans-serif;\">\u00b7&nbsp;&nbsp;&nbsp;&nbsp;&nbsp;&nbsp;&nbsp;&nbsp;&nbsp;&nbsp;Tasa de inter\u00e9s: 13.5% fijo anual<\/span><\/p>\n<p class=\"x_gmail-MsoListParagraph\" style=\"text-align: justify;\"><span style=\"font-size: 14pt; font-family: arial, helvetica, sans-serif;\">\u00b7&nbsp;&nbsp;&nbsp;&nbsp;&nbsp;&nbsp;&nbsp;&nbsp;&nbsp;Cr\u00e9ditos de hasta 5 millones de pesos<\/span><\/p>\n<p class=\"x_gmail-MsoListParagraph\" style=\"text-align: justify;\"><span style=\"font-size: 14pt; font-family: arial, helvetica, sans-serif;\">\u00b7&nbsp;&nbsp;&nbsp;&nbsp;&nbsp;&nbsp;&nbsp;&nbsp;&nbsp;&nbsp; Periodo de gracia: De 3 a 6 meses en capital<\/span><\/p>\n<p class=\"x_gmail-MsoListParagraph\" style=\"text-align: justify;\"><span style=\"font-size: 14pt; font-family: arial, helvetica, sans-serif;\">\u00b7&nbsp;&nbsp;&nbsp;&nbsp;&nbsp;&nbsp;&nbsp;&nbsp;&nbsp;&nbsp; Plazo: hasta 60 meses (5 a\u00f1os) para pagar el financiamiento.<\/span><\/p>\n<p class=\"x_gmail-MsoListParagraph\" style=\"text-align: justify;\"><span style=\"font-size: 14pt; font-family: arial, helvetica, sans-serif;\">\u00b7&nbsp;&nbsp;&nbsp;&nbsp;&nbsp;&nbsp;&nbsp;&nbsp;&nbsp;&nbsp;Esquema de garant\u00eda l\u00edquida (las empresas no gravar\u00e1n una garant\u00eda solo es necesario que demuestren su solvencia y capacidad de pago).<\/span><\/p>\n<p class=\"x_gmail-MsoListParagraph\" style=\"text-align: justify;\"><span style=\"font-size: 14pt; font-family: arial, helvetica, sans-serif;\">\u00b7&nbsp;&nbsp;&nbsp;&nbsp;&nbsp;&nbsp;&nbsp;&nbsp;&nbsp;&nbsp; Sin garant\u00eda hasta 2.5 millones<\/span><\/p>\n<p style=\"text-align: justify;\">&nbsp;<\/p>\n<p class=\"x_gmail-MsoListParagraph\" style=\"text-align: justify;\"><span style=\"font-size: 14pt; font-family: arial, helvetica, sans-serif;\">\u00b7&nbsp;&nbsp;&nbsp;&nbsp;&nbsp;&nbsp;&nbsp;&nbsp;&nbsp;&nbsp; Dirigido a: Micro, peque\u00f1as y medianas empresas de los 18 municipios del estado de Sinaloa de los sectores industria, comercio y servicios. Sean personas f\u00edsicas con actividad empresarial o sociedades mercantiles legalmente constituidas.<\/span><\/p>\n<p style=\"text-align: justify;\">&nbsp;<\/p>\n<p class=\"x_gmail-MsoListParagraph\" style=\"text-align: justify;\"><span style=\"font-size: 14pt; font-family: arial, helvetica, sans-serif;\">\u00b7&nbsp;&nbsp;&nbsp;&nbsp;&nbsp;&nbsp;&nbsp;&nbsp;&nbsp;&nbsp;Destinado a: Equipamiento, infraestructura productiva y\/o capital de trabajo.<\/span><\/p>\n<p class=\"x_MsoNormal\" style=\"text-align: justify;\"><span style=\"font-size: 14pt; font-family: arial, helvetica, sans-serif;\">&nbsp; Requisitos generales:<\/span><\/p>\n<p class=\"x_MsoNormal\" style=\"text-align: justify;\"><span style=\"font-size: 14pt; font-family: arial, helvetica, sans-serif;\">&#8211;&nbsp; Buro de cr\u00e9dito favorable<\/span><\/p>\n<p class=\"x_MsoNormal\" style=\"text-align: justify;\"><span style=\"font-size: 14pt; font-family: arial, helvetica, sans-serif;\">&#8211;&nbsp; C\u00e9dula de validaci\u00f3n<\/span><\/p>\n<p class=\"x_MsoNormal\" style=\"text-align: justify;\"><span style=\"font-size: 14pt; font-family: arial, helvetica, sans-serif;\">&#8211;&nbsp; Constancia de situaci\u00f3n fiscal (empresas formales registradas ante el SAT con una antig\u00fcedad de 2 a\u00f1os)<\/span><\/p>\n<p class=\"x_MsoNormal\" style=\"text-align: justify;\"><span style=\"font-size: 14pt; font-family: arial, helvetica, sans-serif;\">&#8211;&nbsp; &nbsp;Diagn\u00f3stico de la empresa<\/span><\/p>\n<p class=\"x_MsoNormal\" style=\"text-align: justify;\"><span style=\"font-size: 14pt; font-family: arial, helvetica, sans-serif;\">&#8211;&nbsp; INE actualizada<\/span><\/p>\n<p class=\"x_MsoNormal\" style=\"text-align: justify;\"><span style=\"font-size: 14pt; font-family: arial, helvetica, sans-serif;\">&#8211; Acta constitutiva y poder del representante legal (Personas Morales)<\/span><\/p>\n<p class=\"x_MsoNormal\" style=\"text-align: justify;\"><span style=\"font-size: 14pt; font-family: arial, helvetica, sans-serif;\">&#8211;&nbsp; Comprobante de domicilio fiscal (no mayor a 3 meses)<\/span><\/p>\n<p class=\"x_MsoNormal\" style=\"text-align: justify;\"><span style=\"font-size: 14pt; font-family: arial, helvetica, sans-serif;\">&#8211;&nbsp; &nbsp;Fotograf\u00edas de la empresa (exterior e Interior)<\/span><\/p>\n<p class=\"x_MsoNormal\" style=\"text-align: justify;\"><span style=\"font-size: 14pt; font-family: arial, helvetica, sans-serif;\">&#8211;&nbsp; *Requisitos espec\u00edficos seg\u00fan banco.<\/span><\/p>\n<p style=\"text-align: justify;\">&nbsp;<\/p>\n<p class=\"x_MsoNormal\" style=\"text-align: justify;\"><span style=\"font-size: 14pt; font-family: arial, helvetica, sans-serif;\">El programa se llevar\u00e1 a cabo a trav\u00e9s de la estructura de Red Fosin y las ventanillas receptoras son la banca comercial, en este caso: Afirme, BanBajio, Banorte, Banamex, Banregio, BBVA, HSBC y Santander.&nbsp;<\/span><\/p>\n<p class=\"x_MsoNormal\" style=\"text-align: justify;\"><span style=\"font-size: 14pt; font-family: arial, helvetica, sans-serif;\">La atenci\u00f3n de ejecutivos de Red Fosin estar\u00e1 a disposici\u00f3n de las empresas para asesor\u00eda y acompa\u00f1amiento.<\/span><\/p>\n<p class=\"x_MsoNormal\" style=\"text-align: justify;\"><span style=\"font-size: 14pt; font-family: arial, helvetica, sans-serif;\">&#8211;&nbsp; Datos de contacto Red Fosin: (667) 758 5262, Conmutador (667) 758 7000 Ext. 2918<\/span><\/p>\n<p class=\"x_MsoNormal\" style=\"text-align: justify;\"><span style=\"font-size: 14pt; font-family: arial, helvetica, sans-serif;\">&#8211;&nbsp; Ventanilla URGE: 800 000 4343<\/span><\/p>\n<p style=\"text-align: justify;\">&nbsp;<\/p>\n<p class=\"x_MsoNormal\" style=\"text-align: justify;\"><span style=\"font-size: 14pt; font-family: arial, helvetica, sans-serif;\">En su mensaje el representante de Nacional Financiera y Bancomext en Sinaloa, Guillermo Barnes Levin, agradece a nombre del Director General, Carlos Noriega Romero, la aportaci\u00f3n por parte del gobernador Quirino Ordaz Coppel y dijo que con este programa de reactivaci\u00f3n econ\u00f3mica \u201cImpulso NAFIN-Gobierno de Sinaloa\u201d, los empresarios podr\u00e1n contar con la solvencia necesaria para hacer frente a la efectos de la pandemia.<\/span><\/p>\n<p style=\"text-align: justify;\">&nbsp;<\/p>\n<p class=\"x_MsoNormal\" style=\"text-align: justify;\"><span style=\"font-size: 14pt; font-family: arial, helvetica, sans-serif;\">Coment\u00f3 que Sinaloa es uno de los estados que ha marcado liderazgo en este programa de reactivaci\u00f3n econ\u00f3mica \u201cImpulso NAFIN-Gobierno de Sinaloa\u201d.<\/span><\/p>\n<p style=\"text-align: justify;\">&nbsp;<\/p>\n<p class=\"x_MsoNormal\" style=\"text-align: justify;\"><span style=\"font-size: 14pt; font-family: arial, helvetica, sans-serif;\">En este lanzamiento del programa de reactivaci\u00f3n econ\u00f3mica \u201cImpulso NAFIN-Gobierno de Sinaloa\u201d participaron la Subsecretaria de Gesti\u00f3n de Fondos y Financiamiento, Morayma Yaseen Campomanes y el Director de Red Fosin, Carlos Berdegu\u00e9 Zapata.<\/span><\/p>\n<p class=\"x_MsoNormal\" style=\"text-align: justify;\"><span style=\"font-size: 14pt; font-family: arial, helvetica, sans-serif;\"><b>&nbsp;<\/b><\/span><\/p>\n<p style=\"text-align: justify;\">&nbsp;<\/p>\n<p style=\"text-align: justify;\"><span style=\"font-size: 14pt; font-family: arial, helvetica, sans-serif;\">REDACCI\u00d3N\/VISI\u00d3N CIUDADANA.<\/span><\/p>\n","protected":false},"excerpt":{"rendered":"<p>Con la finalidad de apoyar a las micro, peque\u00f1as y medianas empresas de los 18 municipios de Sinaloa de los sectores industria, comercio y servicios, esta ma\u00f1ana se dio a conocer una nueva fase de financiamiento del programa de reactivaci\u00f3n econ\u00f3mica \u201cImpulso NAFIN-Gobierno de Sinaloa\u201d. &nbsp; Derivado de la Emergencia Sanitaria por el Covid-19, las [&hellip;]<\/p>\n","protected":false},"author":1,"featured_media":6433,"comment_status":"closed","ping_status":"closed","sticky":false,"template":"","format":"standard","meta":{"footnotes":""},"categories":[24],"tags":[],"ppma_author":[31],"class_list":["post-14722","post","type-post","status-publish","format-standard","has-post-thumbnail","hentry","category-relevantes"],"aioseo_notices":[],"authors":[{"term_id":31,"user_id":1,"is_guest":0,"slug":"ivan3vino","display_name":"Iv\u00e1n Trevi\u00f1o","avatar_url":{"url":"https:\/\/visionciudadana.com.mx\/oficial\/wp-content\/uploads\/2025\/09\/columna-ivan-Trevino.png","url2x":"https:\/\/visionciudadana.com.mx\/oficial\/wp-content\/uploads\/2025\/09\/columna-ivan-Trevino.png"},"0":null,"1":"","2":"","3":"","4":"","5":"","6":"","7":"","8":""}],"_links":{"self":[{"href":"https:\/\/visionciudadana.com.mx\/oficial\/wp-json\/wp\/v2\/posts\/14722","targetHints":{"allow":["GET"]}}],"collection":[{"href":"https:\/\/visionciudadana.com.mx\/oficial\/wp-json\/wp\/v2\/posts"}],"about":[{"href":"https:\/\/visionciudadana.com.mx\/oficial\/wp-json\/wp\/v2\/types\/post"}],"author":[{"embeddable":true,"href":"https:\/\/visionciudadana.com.mx\/oficial\/wp-json\/wp\/v2\/users\/1"}],"replies":[{"embeddable":true,"href":"https:\/\/visionciudadana.com.mx\/oficial\/wp-json\/wp\/v2\/comments?post=14722"}],"version-history":[{"count":1,"href":"https:\/\/visionciudadana.com.mx\/oficial\/wp-json\/wp\/v2\/posts\/14722\/revisions"}],"predecessor-version":[{"id":31516,"href":"https:\/\/visionciudadana.com.mx\/oficial\/wp-json\/wp\/v2\/posts\/14722\/revisions\/31516"}],"wp:featuredmedia":[{"embeddable":true,"href":"https:\/\/visionciudadana.com.mx\/oficial\/wp-json\/wp\/v2\/posts\/6433"}],"wp:attachment":[{"href":"https:\/\/visionciudadana.com.mx\/oficial\/wp-json\/wp\/v2\/media?parent=14722"}],"wp:term":[{"taxonomy":"category","embeddable":true,"href":"https:\/\/visionciudadana.com.mx\/oficial\/wp-json\/wp\/v2\/categories?post=14722"},{"taxonomy":"post_tag","embeddable":true,"href":"https:\/\/visionciudadana.com.mx\/oficial\/wp-json\/wp\/v2\/tags?post=14722"},{"taxonomy":"author","embeddable":true,"href":"https:\/\/visionciudadana.com.mx\/oficial\/wp-json\/wp\/v2\/ppma_author?post=14722"}],"curies":[{"name":"wp","href":"https:\/\/api.w.org\/{rel}","templated":true}]}}