{"id":14721,"date":"2021-01-20T02:30:07","date_gmt":"2021-01-20T02:30:07","guid":{"rendered":"https:\/\/visionciudadana.com.mx\/prueba\/2021\/01\/20\/familias-del-campo-berlin-reciben-apoyo-del-dif-y-ayuntamiento-de-navolato\/"},"modified":"2025-06-25T00:32:41","modified_gmt":"2025-06-25T00:32:41","slug":"familias-del-campo-berlin-reciben-apoyo-del-dif-y-ayuntamiento-de-navolato","status":"publish","type":"post","link":"https:\/\/visionciudadana.com.mx\/oficial\/2021\/01\/20\/familias-del-campo-berlin-reciben-apoyo-del-dif-y-ayuntamiento-de-navolato\/","title":{"rendered":"Familias del Campo Berl\u00edn reciben apoyo del DIF y Ayuntamiento de Navolato"},"content":{"rendered":"<p><img fetchpriority=\"high\" decoding=\"async\" src=\"images\/Enero2021\/fam._del_campo.PNG\" alt=\"fam. del campo\" width=\"404\" height=\"231\" style=\"display: block; margin-left: auto; margin-right: auto;\" \/><\/p>\n<p style=\"text-align: justify;\"><span style=\"font-size: 14pt; font-family: arial, helvetica, sans-serif;\">Como parte de la atenci\u00f3n y apoyo a las familias m\u00e1s vulnerables y con mayores necesidades del municipio de Navolato, el alcalde Eliazar Guti\u00e9rrez Angulo y personal del DIF municipal que preside la se\u00f1ora Mar\u00eda Martha Zazueta de Guti\u00e9rrez, acudieron al Campo Berl\u00edn, sindicatura \u00c1ngel Flores, para entregar despensas y material deportivo.<\/span><\/p>\n<p style=\"text-align: justify;\">\n<p><span style=\"font-size: 14pt; font-family: arial, helvetica, sans-serif;\">En esta misma jornada, los habitantes de esta comunidad tambi\u00e9n resultaron beneficiados con la rehabilitaci\u00f3n de las calles y adem\u00e1s hubo el compromiso del alcalde navolatense de que ser\u00edan reparadas las l\u00e1mparas de las canchas de usos m\u00faltiples para fomentar el deporte en la ni\u00f1ez y juventud.<\/span><\/p>\n<p style=\"text-align: justify;\">\n<p><span style=\"font-size: 14pt; font-family: arial, helvetica, sans-serif;\">El mun\u00edcipe dijo que el D\u00e9cimo Tercer Ayuntamiento de Navolato y el Sistema DIF han estado muy atentos con las necesidades de muchas familias de las comunidades del municipio para brindarles apoyo, durante la pandemia provocada por el COVID-19 que ha golpeado muy fuerte a todo el mundo, principalmente en la salud y en lo econ\u00f3mico.<\/span><\/p>\n<p style=\"text-align: justify;\">\n<p><span style=\"font-size: 14pt; font-family: arial, helvetica, sans-serif;\">\u201cAqu\u00ed venimos a saludarlos, pero adem\u00e1s les traemos un peque\u00f1o apoyo que sabemos es muy importante para sus familias, y aprovechamos para entregar material deportivo al equipo femenil de softbol y a los ni\u00f1os, pero tambi\u00e9n nos trajimos la motoconformadora para rehabilitar las calles y accesos al pueblo, y vamos a mandar una brigada de servicios p\u00fablicos para que repare las l\u00e1mparas de la cancha de usos m\u00faltiples para que puedan practicar el deporte\u201d expres\u00f3.<\/span><\/p>\n<p style=\"text-align: justify;\">\n<p><span style=\"font-size: 14pt; font-family: arial, helvetica, sans-serif;\">Reiter\u00f3 el mandatario municipal Eliazar Guti\u00e9rrez que el Ayuntamiento de Navolato es de puertas abiertas, con un trato humilde, sencillo y de mucho respeto hacia la ciudadan\u00eda y que no van a cargar con mentiras a la gente, porque los problemas que se puedan resolver se los van a decir de frente, y los que no, tambi\u00e9n se les explicar\u00e1 los motivos, y sostuvo \u201cno vamos a cargar a la gente vuelta y vuelta para ver cu\u00e1ndo se enfadan y ya no vuelvan; esas pr\u00e1cticas de la pol\u00edtica se acabaron con esta Administraci\u00f3n\u201d.<\/span><\/p>\n<p style=\"text-align: justify;\">\n<p><span style=\"font-size: 14pt; font-family: arial, helvetica, sans-serif;\">Aprovech\u00f3 para exhortar a las familias beneficiadas y a todas las del municipio de Navolato para que no bajen la guardia en el tema de la pandemia, y contin\u00faen con el cumplimiento de los cuidados y las medidas sanitarias para lograr contener esta enfermedad, porque asegur\u00f3 que este problema sigue siendo muy grave, y solamente con un trabajo en equipo entre Gobierno y sociedad, se podr\u00e1n lograr mejores resultados.<\/span><\/p>\n<p style=\"text-align: justify;\">&nbsp;<\/p>\n<p style=\"text-align: justify;\">&nbsp;<\/p>\n<p style=\"text-align: justify;\"><span style=\"font-size: 14pt; font-family: arial, helvetica, sans-serif;\">REDACCI\u00d3N\/VISI\u00d3N CIUDADANA.<\/span><\/p>\n","protected":false},"excerpt":{"rendered":"<p>Como parte de la atenci\u00f3n y apoyo a las familias m\u00e1s vulnerables y con mayores necesidades del municipio de Navolato, el alcalde Eliazar Guti\u00e9rrez Angulo y personal del DIF municipal que preside la se\u00f1ora Mar\u00eda Martha Zazueta de Guti\u00e9rrez, acudieron al Campo Berl\u00edn, sindicatura \u00c1ngel Flores, para entregar despensas y material deportivo. En esta misma [&hellip;]<\/p>\n","protected":false},"author":1,"featured_media":6431,"comment_status":"closed","ping_status":"closed","sticky":false,"template":"","format":"standard","meta":{"footnotes":""},"categories":[13],"tags":[],"ppma_author":[31],"class_list":["post-14721","post","type-post","status-publish","format-standard","has-post-thumbnail","hentry","category-locales"],"aioseo_notices":[],"authors":[{"term_id":31,"user_id":1,"is_guest":0,"slug":"ivan3vino","display_name":"Iv\u00e1n Trevi\u00f1o","avatar_url":{"url":"https:\/\/visionciudadana.com.mx\/oficial\/wp-content\/uploads\/2025\/09\/columna-ivan-Trevino.png","url2x":"https:\/\/visionciudadana.com.mx\/oficial\/wp-content\/uploads\/2025\/09\/columna-ivan-Trevino.png"},"0":null,"1":"","2":"","3":"","4":"","5":"","6":"","7":"","8":""}],"_links":{"self":[{"href":"https:\/\/visionciudadana.com.mx\/oficial\/wp-json\/wp\/v2\/posts\/14721","targetHints":{"allow":["GET"]}}],"collection":[{"href":"https:\/\/visionciudadana.com.mx\/oficial\/wp-json\/wp\/v2\/posts"}],"about":[{"href":"https:\/\/visionciudadana.com.mx\/oficial\/wp-json\/wp\/v2\/types\/post"}],"author":[{"embeddable":true,"href":"https:\/\/visionciudadana.com.mx\/oficial\/wp-json\/wp\/v2\/users\/1"}],"replies":[{"embeddable":true,"href":"https:\/\/visionciudadana.com.mx\/oficial\/wp-json\/wp\/v2\/comments?post=14721"}],"version-history":[{"count":1,"href":"https:\/\/visionciudadana.com.mx\/oficial\/wp-json\/wp\/v2\/posts\/14721\/revisions"}],"predecessor-version":[{"id":31517,"href":"https:\/\/visionciudadana.com.mx\/oficial\/wp-json\/wp\/v2\/posts\/14721\/revisions\/31517"}],"wp:featuredmedia":[{"embeddable":true,"href":"https:\/\/visionciudadana.com.mx\/oficial\/wp-json\/wp\/v2\/posts\/6431"}],"wp:attachment":[{"href":"https:\/\/visionciudadana.com.mx\/oficial\/wp-json\/wp\/v2\/media?parent=14721"}],"wp:term":[{"taxonomy":"category","embeddable":true,"href":"https:\/\/visionciudadana.com.mx\/oficial\/wp-json\/wp\/v2\/categories?post=14721"},{"taxonomy":"post_tag","embeddable":true,"href":"https:\/\/visionciudadana.com.mx\/oficial\/wp-json\/wp\/v2\/tags?post=14721"},{"taxonomy":"author","embeddable":true,"href":"https:\/\/visionciudadana.com.mx\/oficial\/wp-json\/wp\/v2\/ppma_author?post=14721"}],"curies":[{"name":"wp","href":"https:\/\/api.w.org\/{rel}","templated":true}]}}