{"id":14720,"date":"2021-01-20T02:23:54","date_gmt":"2021-01-20T02:23:54","guid":{"rendered":"https:\/\/visionciudadana.com.mx\/prueba\/2021\/01\/20\/inicia-maribel-cholet-socializacion-de-los-programas-especiales-de-pesca-del-estado\/"},"modified":"2025-06-25T00:32:41","modified_gmt":"2025-06-25T00:32:41","slug":"inicia-maribel-cholet-socializacion-de-los-programas-especiales-de-pesca-del-estado","status":"publish","type":"post","link":"https:\/\/visionciudadana.com.mx\/oficial\/2021\/01\/20\/inicia-maribel-cholet-socializacion-de-los-programas-especiales-de-pesca-del-estado\/","title":{"rendered":"Inicia Maribel Cholet socializaci\u00f3n de los Programas Especiales de Pesca del Estado"},"content":{"rendered":"<p><img fetchpriority=\"high\" decoding=\"async\" src=\"images\/Enero2021\/inicia_cholet.PNG\" alt=\"inicia cholet\" width=\"380\" height=\"206\" style=\"display: block; margin-left: auto; margin-right: auto;\" \/><\/p>\n<p class=\"x_MsoNormal\" style=\"text-align: justify;\"><span style=\"font-size: 14pt; font-family: arial, helvetica, sans-serif;\">A fin de revelar las acciones contempladas en beneficio de miles de pescadores en el a\u00f1o 2021 por parte del Gobierno del Estado, la secretaria de Pesca y Acuacultura Maribel Chollet Mor\u00e1n, visit\u00f3 a pescadores de la Isla de la Piedra, trabajadoras de la Congeladora Mario\u2019s y maquiladoras de la Pesquera \u201cCarrillo\u201d, para arrancar con la etapa de socializaci\u00f3n los Programas Especiales de Pesca del Estado.<\/span><\/p>\n<p style=\"text-align: justify;\">&nbsp;<\/p>\n<p class=\"x_MsoNormal\" style=\"text-align: justify;\"><span style=\"font-size: 14pt; font-family: arial, helvetica, sans-serif;\">La funcionaria estatal destac\u00f3 que el compromiso, la voluntad pol\u00edtica y la sensibilidad del gobernador Quirino Ordaz Coppel, har\u00e1 posible que en Sinaloa pese a los recortes presupuestales y la desaparici\u00f3n de 22 de los 23 programas federales con recursos directos se apoye al sector pesquero.<\/span><\/p>\n<p style=\"text-align: justify;\">&nbsp;<\/p>\n<p class=\"x_MsoNormal\" style=\"text-align: justify;\"><span style=\"font-size: 14pt; font-family: arial, helvetica, sans-serif;\">Durante la gira que llev\u00f3 a cabo este lunes por Mazatl\u00e1n, revel\u00f3 que pr\u00f3ximamente se publicar\u00e1n las reglas de operaci\u00f3n para los programas de Artes de Pesca, Dragados y Desazolves, Inspecci\u00f3n y Vigilancia, Reparaci\u00f3n y Sustituci\u00f3n de Motores Marinos para lanchas, as\u00ed como el Empleo Temporal Pesquero.<\/span><\/p>\n<p style=\"text-align: justify;\">&nbsp;<\/p>\n<p class=\"x_MsoNormal\" style=\"text-align: justify;\"><span style=\"font-size: 14pt; font-family: arial, helvetica, sans-serif;\">Chollet Mor\u00e1n, tras comentarle a los pescadores de la Isla de la Piedra que en el programa de Artes de Pesca ser\u00e1n entregados kits con las herramientas requeridas para los distintos tipos de captura que le soliciten y que en el de Reparaci\u00f3n y Sustituci\u00f3n de Motores con la aportaci\u00f3n del 60 por ciento del Gobierno del Estado y el 40 por ciento de los beneficiarios para en el caso de los nuevos, los conmin\u00f3 a la unidad, ya que de esta forma lograr\u00e1n mayores beneficios.&nbsp;&nbsp;<\/span><\/p>\n<p style=\"text-align: justify;\">&nbsp;<\/p>\n<p class=\"x_MsoNormal\" style=\"text-align: justify;\"><span style=\"font-size: 14pt; font-family: arial, helvetica, sans-serif;\">La secretaria de Pesca y Acuacultura dijo que la manera en que se entregar\u00e1n los apoyos en el a\u00f1o en curso tiene como encomienda que los trabajadores del mar tengan a la mano lo necesario para hacer sus labores y con ello fomentar la productividad que el sector pesquero requiere.&nbsp;<\/span><\/p>\n<p style=\"text-align: justify;\">&nbsp;<\/p>\n<p class=\"x_MsoNormal\" style=\"text-align: justify;\"><span style=\"font-size: 14pt; font-family: arial, helvetica, sans-serif;\">\u201cLo que queremos es que sean productivos, entonces lejos de esparcir dinero nada m\u00e1s por dar dinero, no, dando dinero no quitamos el hambre del pueblo\u201d, manifest\u00f3.<\/span><\/p>\n<p style=\"text-align: justify;\">&nbsp;<\/p>\n<p class=\"x_MsoNormal\" style=\"text-align: justify;\"><span style=\"font-size: 14pt; font-family: arial, helvetica, sans-serif;\">Tambi\u00e9n les inform\u00f3 que est\u00e1 por salir las reglas de operaci\u00f3n y la convocatoria del programa de Inspecci\u00f3n y Vigilancia, en el que se apoyar\u00e1 a los comit\u00e9s que se conformen para dicha tarea con recursos para gasolina marina.&nbsp;&nbsp;<\/span><\/p>\n<p style=\"text-align: justify;\">&nbsp;<\/p>\n<p class=\"x_MsoNormal\" style=\"text-align: justify;\"><span style=\"font-size: 14pt; font-family: arial, helvetica, sans-serif;\">Por otro lado, ante las trabajadoras de la Congeladora Mario\u2019s y las de la Pesquera Carrillo, dio a conocer a partir del 1 de febrero se estar\u00e1 conformando el padr\u00f3n de beneficiarios para el programa de Empleo Temporal Pesquero, que se entregar\u00e1 por parte del Gobierno del Estado de manera directa y sin intermediarios, al contemplar en por primera ocasi\u00f3n como principal requisito con el objetivo de que le llegue \u00fanica y exclusivamente a quienes trabajen en el sector.&nbsp;<\/span><\/p>\n<p style=\"text-align: justify;\">&nbsp;<\/p>\n<p class=\"x_MsoNormal\" style=\"text-align: justify;\"><span style=\"font-size: 14pt; font-family: arial, helvetica, sans-serif;\">Adem\u00e1s, abund\u00f3 que a trav\u00e9s de otras dependencias del Gobierno del Estado se les proporcionar\u00e1 otra clase de apoyos como parte de las acciones transversales para beneficiar a este sector productivo.<\/span><\/p>\n<p style=\"text-align: justify;\">&nbsp;<\/p>\n<p style=\"text-align: justify;\">&nbsp;<\/p>\n<p style=\"text-align: justify;\"><span style=\"font-size: 14pt; font-family: arial, helvetica, sans-serif;\">REDACCI\u00d3N\/VISI\u00d3N CIUDADANA.<\/span><\/p>\n","protected":false},"excerpt":{"rendered":"<p>A fin de revelar las acciones contempladas en beneficio de miles de pescadores en el a\u00f1o 2021 por parte del Gobierno del Estado, la secretaria de Pesca y Acuacultura Maribel Chollet Mor\u00e1n, visit\u00f3 a pescadores de la Isla de la Piedra, trabajadoras de la Congeladora Mario\u2019s y maquiladoras de la Pesquera \u201cCarrillo\u201d, para arrancar con [&hellip;]<\/p>\n","protected":false},"author":1,"featured_media":6429,"comment_status":"closed","ping_status":"closed","sticky":false,"template":"","format":"standard","meta":{"footnotes":""},"categories":[24],"tags":[],"ppma_author":[31],"class_list":["post-14720","post","type-post","status-publish","format-standard","has-post-thumbnail","hentry","category-relevantes"],"aioseo_notices":[],"authors":[{"term_id":31,"user_id":1,"is_guest":0,"slug":"ivan3vino","display_name":"Iv\u00e1n Trevi\u00f1o","avatar_url":{"url":"https:\/\/visionciudadana.com.mx\/oficial\/wp-content\/uploads\/2025\/09\/columna-ivan-Trevino.png","url2x":"https:\/\/visionciudadana.com.mx\/oficial\/wp-content\/uploads\/2025\/09\/columna-ivan-Trevino.png"},"0":null,"1":"","2":"","3":"","4":"","5":"","6":"","7":"","8":""}],"_links":{"self":[{"href":"https:\/\/visionciudadana.com.mx\/oficial\/wp-json\/wp\/v2\/posts\/14720","targetHints":{"allow":["GET"]}}],"collection":[{"href":"https:\/\/visionciudadana.com.mx\/oficial\/wp-json\/wp\/v2\/posts"}],"about":[{"href":"https:\/\/visionciudadana.com.mx\/oficial\/wp-json\/wp\/v2\/types\/post"}],"author":[{"embeddable":true,"href":"https:\/\/visionciudadana.com.mx\/oficial\/wp-json\/wp\/v2\/users\/1"}],"replies":[{"embeddable":true,"href":"https:\/\/visionciudadana.com.mx\/oficial\/wp-json\/wp\/v2\/comments?post=14720"}],"version-history":[{"count":1,"href":"https:\/\/visionciudadana.com.mx\/oficial\/wp-json\/wp\/v2\/posts\/14720\/revisions"}],"predecessor-version":[{"id":31518,"href":"https:\/\/visionciudadana.com.mx\/oficial\/wp-json\/wp\/v2\/posts\/14720\/revisions\/31518"}],"wp:featuredmedia":[{"embeddable":true,"href":"https:\/\/visionciudadana.com.mx\/oficial\/wp-json\/wp\/v2\/posts\/6429"}],"wp:attachment":[{"href":"https:\/\/visionciudadana.com.mx\/oficial\/wp-json\/wp\/v2\/media?parent=14720"}],"wp:term":[{"taxonomy":"category","embeddable":true,"href":"https:\/\/visionciudadana.com.mx\/oficial\/wp-json\/wp\/v2\/categories?post=14720"},{"taxonomy":"post_tag","embeddable":true,"href":"https:\/\/visionciudadana.com.mx\/oficial\/wp-json\/wp\/v2\/tags?post=14720"},{"taxonomy":"author","embeddable":true,"href":"https:\/\/visionciudadana.com.mx\/oficial\/wp-json\/wp\/v2\/ppma_author?post=14720"}],"curies":[{"name":"wp","href":"https:\/\/api.w.org\/{rel}","templated":true}]}}