{"id":14703,"date":"2021-01-14T01:50:00","date_gmt":"2021-01-14T01:50:00","guid":{"rendered":"https:\/\/visionciudadana.com.mx\/prueba\/2021\/01\/14\/sostienen-dirigentes-del-pri-prd-y-pan-encuentro-por-sinaloa\/"},"modified":"2025-06-25T00:32:42","modified_gmt":"2025-06-25T00:32:42","slug":"sostienen-dirigentes-del-pri-prd-y-pan-encuentro-por-sinaloa","status":"publish","type":"post","link":"https:\/\/visionciudadana.com.mx\/oficial\/2021\/01\/14\/sostienen-dirigentes-del-pri-prd-y-pan-encuentro-por-sinaloa\/","title":{"rendered":"Sostienen dirigentes del PRI, PRD y PAN, ENCUENTRO POR SINALOA"},"content":{"rendered":"<p style=\"text-align: justify;\"><img fetchpriority=\"high\" decoding=\"async\" src=\"images\/Enero2021\/sostienen_dirigPNG.PNG\" alt=\"sostienen dirigPNG\" width=\"362\" height=\"195\" style=\"display: block; margin-left: auto; margin-right: auto;\" \/><\/p>\n<p style=\"text-align: justify;\"><span style=\"font-size: 14pt; font-family: arial, helvetica, sans-serif;\">Jes\u00fas Vald\u00e9s del PRI; Francisco Ju\u00e1rez del PRD y Juan Carlos Estrada del PAN, participaron en el \u201cEncuentro por Sinaloa\u201d que, organizado por COPARMEX, cont\u00f3 con la participaci\u00f3n de representantes de las asociaciones civiles, \u201cCiudadano Gobernante\u201d, \u201cAlternativas por M\u00e9xico\u201d, \u201cM\u00e9xico Digno\u201d Y \u201cM\u00e9xico Libre\u201d.<\/span><\/p>\n<p style=\"text-align: justify;\">&nbsp;<\/p>\n<p class=\"x_MsoNormal\" style=\"text-align: justify;\"><span style=\"font-size: 14pt; font-family: arial, helvetica, sans-serif;\">Acompa\u00f1ado de la representante personal del presidente del CEN del PRI, Alejandro Moreno, Laura Haro, secretaria de Vinculaci\u00f3n con la Sociedad Civil; as\u00ed como de la secretaria general del PRI Sinaloa, Cinthia Valenzuela Langarica, Jes\u00fas Vald\u00e9s reconoci\u00f3 el importante papel que tienen este tipo de encuentros, ya que a trav\u00e9s de ellos, se muestran la suma de las fortalezas de cada partido.<\/span><\/p>\n<p style=\"text-align: justify;\">&nbsp;<\/p>\n<p class=\"x_MsoNormal\" style=\"text-align: justify;\"><span style=\"font-size: 14pt; font-family: arial, helvetica, sans-serif;\">Se\u00f1al\u00f3 que cada uno de ellos trabajar\u00e1 de manera coordinada para que las acciones empujen a mejorar en todos los \u00e1mbitos de nuestra sociedad.<\/span><\/p>\n<p style=\"text-align: justify;\">&nbsp;<\/p>\n<p class=\"x_MsoNormal\" style=\"text-align: justify;\"><span style=\"font-size: 14pt; font-family: arial, helvetica, sans-serif;\">Asimismo, expres\u00f3 que, haciendo sinergia y sumando los partidos pol\u00edticos sus fortalezas; as\u00ed como la asesor\u00eda de las asociaciones civiles y la participaci\u00f3n en gremios tan importantes como los que hoy est\u00e1n representando, se mantendr\u00e1 la gubernatura en Sinaloa y se recuperar\u00e1n los espacios perdidos, destac\u00f3.<\/span><\/p>\n<p style=\"text-align: justify;\">&nbsp;<\/p>\n<p class=\"x_MsoNormal\" style=\"text-align: justify;\"><span style=\"font-size: 14pt; font-family: arial, helvetica, sans-serif;\">En su mensaje, Laura Haro, reconoci\u00f3 que&nbsp; en aras de trabajar en agendas comunes, rutas concretas y objetivos bien claras y determinadas, la uni\u00f3n de los tres partidos en coalici\u00f3n ser\u00e1n determinantes para poner un freno a Morena.<\/span><\/p>\n<p style=\"text-align: justify;\">&nbsp;<\/p>\n<p style=\"text-align: justify;\">&nbsp;<\/p>\n<p style=\"text-align: justify;\"><span style=\"font-size: 14pt; font-family: arial, helvetica, sans-serif;\">REDACCI\u00d3N\/VISI\u00d3N CIUDADANA.<\/span><\/p>\n<div>&nbsp;<\/div>\n","protected":false},"excerpt":{"rendered":"<p>Jes\u00fas Vald\u00e9s del PRI; Francisco Ju\u00e1rez del PRD y Juan Carlos Estrada del PAN, participaron en el \u201cEncuentro por Sinaloa\u201d que, organizado por COPARMEX, cont\u00f3 con la participaci\u00f3n de representantes de las asociaciones civiles, \u201cCiudadano Gobernante\u201d, \u201cAlternativas por M\u00e9xico\u201d, \u201cM\u00e9xico Digno\u201d Y \u201cM\u00e9xico Libre\u201d. &nbsp; Acompa\u00f1ado de la representante personal del presidente del CEN del [&hellip;]<\/p>\n","protected":false},"author":1,"featured_media":6408,"comment_status":"closed","ping_status":"closed","sticky":false,"template":"","format":"standard","meta":{"footnotes":""},"categories":[13],"tags":[],"ppma_author":[31],"class_list":["post-14703","post","type-post","status-publish","format-standard","has-post-thumbnail","hentry","category-locales"],"aioseo_notices":[],"authors":[{"term_id":31,"user_id":1,"is_guest":0,"slug":"ivan3vino","display_name":"Iv\u00e1n Trevi\u00f1o","avatar_url":{"url":"https:\/\/visionciudadana.com.mx\/oficial\/wp-content\/uploads\/2025\/09\/columna-ivan-Trevino.png","url2x":"https:\/\/visionciudadana.com.mx\/oficial\/wp-content\/uploads\/2025\/09\/columna-ivan-Trevino.png"},"0":null,"1":"","2":"","3":"","4":"","5":"","6":"","7":"","8":""}],"_links":{"self":[{"href":"https:\/\/visionciudadana.com.mx\/oficial\/wp-json\/wp\/v2\/posts\/14703","targetHints":{"allow":["GET"]}}],"collection":[{"href":"https:\/\/visionciudadana.com.mx\/oficial\/wp-json\/wp\/v2\/posts"}],"about":[{"href":"https:\/\/visionciudadana.com.mx\/oficial\/wp-json\/wp\/v2\/types\/post"}],"author":[{"embeddable":true,"href":"https:\/\/visionciudadana.com.mx\/oficial\/wp-json\/wp\/v2\/users\/1"}],"replies":[{"embeddable":true,"href":"https:\/\/visionciudadana.com.mx\/oficial\/wp-json\/wp\/v2\/comments?post=14703"}],"version-history":[{"count":1,"href":"https:\/\/visionciudadana.com.mx\/oficial\/wp-json\/wp\/v2\/posts\/14703\/revisions"}],"predecessor-version":[{"id":31522,"href":"https:\/\/visionciudadana.com.mx\/oficial\/wp-json\/wp\/v2\/posts\/14703\/revisions\/31522"}],"wp:featuredmedia":[{"embeddable":true,"href":"https:\/\/visionciudadana.com.mx\/oficial\/wp-json\/wp\/v2\/posts\/6408"}],"wp:attachment":[{"href":"https:\/\/visionciudadana.com.mx\/oficial\/wp-json\/wp\/v2\/media?parent=14703"}],"wp:term":[{"taxonomy":"category","embeddable":true,"href":"https:\/\/visionciudadana.com.mx\/oficial\/wp-json\/wp\/v2\/categories?post=14703"},{"taxonomy":"post_tag","embeddable":true,"href":"https:\/\/visionciudadana.com.mx\/oficial\/wp-json\/wp\/v2\/tags?post=14703"},{"taxonomy":"author","embeddable":true,"href":"https:\/\/visionciudadana.com.mx\/oficial\/wp-json\/wp\/v2\/ppma_author?post=14703"}],"curies":[{"name":"wp","href":"https:\/\/api.w.org\/{rel}","templated":true}]}}