{"id":14702,"date":"2021-01-14T01:42:09","date_gmt":"2021-01-14T01:42:09","guid":{"rendered":"https:\/\/visionciudadana.com.mx\/prueba\/2021\/01\/14\/avanza-vacunacion-contra-covid-19-con-orden-y-sin-contratiempos-para-el-personal-de-salud\/"},"modified":"2025-06-25T00:32:42","modified_gmt":"2025-06-25T00:32:42","slug":"avanza-vacunacion-contra-covid-19-con-orden-y-sin-contratiempos-para-el-personal-de-salud","status":"publish","type":"post","link":"https:\/\/visionciudadana.com.mx\/oficial\/2021\/01\/14\/avanza-vacunacion-contra-covid-19-con-orden-y-sin-contratiempos-para-el-personal-de-salud\/","title":{"rendered":"Avanza vacunaci\u00f3n contra Covid-19 con orden y sin contratiempos para el personal de salud"},"content":{"rendered":"<p><img fetchpriority=\"high\" decoding=\"async\" src=\"images\/Enero2021\/sin_contra_tiempo.PNG\" alt=\"sin contra tiempo\" width=\"400\" height=\"246\" style=\"display: block; margin-left: auto; margin-right: auto;\" \/><\/p>\n<div>\n<p class=\"x_MsoNormal\" style=\"text-align: justify;\"><span style=\"font-size: 14pt; font-family: arial, helvetica, sans-serif;\">La primera fase en la campa\u00f1a de vacunaci\u00f3n contra el COVID-19, que privilegia a personal m\u00e9dico y de enfermer\u00eda de primera l\u00ednea de batalla, se ha realizado de manera ordenada y exitosa en todo el estado, asegur\u00f3 el secretario de Salud de Sinaloa, Dr. Efr\u00e9n Encinas Torres quien exhort\u00f3 a la poblaci\u00f3n a no bajar la guardia.<\/span><\/p>\n<p style=\"text-align: justify;\">&nbsp;<\/p>\n<p class=\"x_MsoNormal\" style=\"text-align: justify;\"><span style=\"font-size: 14pt; font-family: arial, helvetica, sans-serif;\">Lo anterior lo afirm\u00f3 en el marco de un recorrido de supervisi\u00f3n, para evaluar el avance de la campa\u00f1a de vacunaci\u00f3n por los Hospitales Generales de Los Mochis, Guasave y Mazatl\u00e1n, acompa\u00f1ado por sus respectivos directores, los doctores Sergio Loza Rivera; Jes\u00fas Antonio L\u00f3pez Rodr\u00edguez y H\u00e9ctor Carri\u00f3n L\u00f3pez.<\/span><\/p>\n<p style=\"text-align: justify;\">&nbsp;<\/p>\n<p class=\"x_MsoNormal\" style=\"text-align: justify;\"><span style=\"font-size: 14pt; font-family: arial, helvetica, sans-serif;\">Ah\u00ed inform\u00f3 que se supervisar\u00e1 de manera directa las 28 unidades COVID donde fueron distribuidas las 9 mil 750 vacunas, en todo Sinaloa en esta primera fase.<\/span><\/p>\n<p style=\"text-align: justify;\">&nbsp;<\/p>\n<p class=\"x_MsoNormal\" style=\"text-align: justify;\"><span style=\"font-size: 14pt; font-family: arial, helvetica, sans-serif;\">El titular de Salud hizo un reconocimiento al gobierno del presidente Andr\u00e9s Manuel L\u00f3pez Obrador por esta gesti\u00f3n, as\u00ed como a la Guardia Nacional, la Marina y al Ej\u00e9rcito Mexicano, y al personal de Bienestar, quienes participan en la log\u00edstica, en conjunto con las autoridades de Salud, para la aplicaci\u00f3n de las vacunas.<\/span><\/p>\n<p style=\"text-align: justify;\">&nbsp;<\/p>\n<p class=\"x_MsoNormal\" style=\"text-align: justify;\"><span style=\"font-size: 14pt; font-family: arial, helvetica, sans-serif;\">El Dr. Efr\u00e9n Encinas destac\u00f3 que por fortuna el arranque oficial de esta campa\u00f1a ha sido exitoso en lo que va de esta jornada donde se ha logrado aplicar alrededor de 50 dosis en promedio en cada unidad COVID del estado, sin registrar ninguna reacci\u00f3n adversa en el personal pues una vez que se le aplica la dosis es vigilado por 30 minutos para monitorear cualquier tipo de reacci\u00f3n.<\/span><\/p>\n<p style=\"text-align: justify;\">&nbsp;<\/p>\n<p class=\"x_MsoNormal\" style=\"text-align: justify;\"><span style=\"font-size: 14pt; font-family: arial, helvetica, sans-serif;\">\u201cSeguiremos en este trajinar buscando privilegiar por motivos espec\u00edficos bien conocidos a nuestros trabajadores del gremio de salud, para poder seguir atendiendo a la poblaci\u00f3n que nos demanda la atenci\u00f3n; esto es bien importante y posteriormente seguiremos con todo el resto de la poblaci\u00f3n en salud y obviamente la poblaci\u00f3n civil\u201d, expres\u00f3 para luego exhortar \u201ca seguirnos cuidando, (pues la vacuna) es una herramienta m\u00e1s, pero no hay que bajar la guardia con las medidas de prevenci\u00f3n que ya conocemos\u201d.<\/span><\/p>\n<p style=\"text-align: justify;\">&nbsp;<\/p>\n<p class=\"x_MsoNormal\" style=\"text-align: justify;\"><span style=\"font-size: 14pt; font-family: arial, helvetica, sans-serif;\">Acompa\u00f1ado en la gira por el subsecretario V\u00edctor Hugo S\u00e1nchez Malof, el secretario de Salud expres\u00f3 que el hecho de iniciar con la vacunaci\u00f3n contra el covid es un avance, pero no se debe de bajar la guardia en las medidas preventivas como el tri\u00e1ngulo de la vida.<\/span><\/p>\n<p style=\"text-align: justify;\">&nbsp;<\/p>\n<p class=\"x_MsoNormal\" style=\"text-align: justify;\"><span style=\"font-size: 14pt; font-family: arial, helvetica, sans-serif;\">Insisti\u00f3 que este proceso puede llevar todo el a\u00f1o para generar realmente una inmunidad en la sociedad, por lo que a la par de la vacunaci\u00f3n es importante seguir con el distanciamiento social.<\/span><\/p>\n<p style=\"text-align: justify;\">&nbsp;<\/p>\n<p class=\"x_MsoNormal\" style=\"text-align: justify;\"><span style=\"font-size: 14pt; font-family: arial, helvetica, sans-serif;\">Finalmente, manifest\u00f3 que esta primera fase de vacunaci\u00f3n para el personal salud que se encuentra en la primera l\u00ednea de batalla atendiendo a pacientes COVID, se espera concluya en un lapso de tres d\u00edas, en v\u00edas de esperar un segundo arribo de vacunas en los pr\u00f3ximos d\u00edas para continuar con la segunda fase respectivamente.<\/span><\/p>\n<p style=\"text-align: justify;\">&nbsp;<\/p>\n<p class=\"x_MsoNormal\" style=\"text-align: justify;\"><span style=\"font-size: 14pt; font-family: arial, helvetica, sans-serif;\">El titular de Salud en Sinaloa, reiter\u00f3 el llamado a la poblaci\u00f3n a no bajar la guardia en tanto no se logre la meta final la cual ser\u00e1 concluida hasta alcanzar la vacunaci\u00f3n masiva del 70% de la poblaci\u00f3n sinaloense.<\/span><\/p>\n<\/div>\n<div style=\"text-align: justify;\"><span style=\"font-size: 14pt; font-family: arial, helvetica, sans-serif;\"><\/span><\/div>\n<div style=\"text-align: justify;\"><span style=\"font-size: 14pt; font-family: arial, helvetica, sans-serif;\">REDACCI\u00d3N\/VISI\u00d3N CIUDADANA.<\/span><\/div>\n","protected":false},"excerpt":{"rendered":"<p>La primera fase en la campa\u00f1a de vacunaci\u00f3n contra el COVID-19, que privilegia a personal m\u00e9dico y de enfermer\u00eda de primera l\u00ednea de batalla, se ha realizado de manera ordenada y exitosa en todo el estado, asegur\u00f3 el secretario de Salud de Sinaloa, Dr. Efr\u00e9n Encinas Torres quien exhort\u00f3 a la poblaci\u00f3n a no bajar [&hellip;]<\/p>\n","protected":false},"author":1,"featured_media":6406,"comment_status":"closed","ping_status":"closed","sticky":false,"template":"","format":"standard","meta":{"footnotes":""},"categories":[24],"tags":[],"ppma_author":[31],"class_list":["post-14702","post","type-post","status-publish","format-standard","has-post-thumbnail","hentry","category-relevantes"],"aioseo_notices":[],"authors":[{"term_id":31,"user_id":1,"is_guest":0,"slug":"ivan3vino","display_name":"Iv\u00e1n Trevi\u00f1o","avatar_url":{"url":"https:\/\/visionciudadana.com.mx\/oficial\/wp-content\/uploads\/2025\/09\/columna-ivan-Trevino.png","url2x":"https:\/\/visionciudadana.com.mx\/oficial\/wp-content\/uploads\/2025\/09\/columna-ivan-Trevino.png"},"0":null,"1":"","2":"","3":"","4":"","5":"","6":"","7":"","8":""}],"_links":{"self":[{"href":"https:\/\/visionciudadana.com.mx\/oficial\/wp-json\/wp\/v2\/posts\/14702","targetHints":{"allow":["GET"]}}],"collection":[{"href":"https:\/\/visionciudadana.com.mx\/oficial\/wp-json\/wp\/v2\/posts"}],"about":[{"href":"https:\/\/visionciudadana.com.mx\/oficial\/wp-json\/wp\/v2\/types\/post"}],"author":[{"embeddable":true,"href":"https:\/\/visionciudadana.com.mx\/oficial\/wp-json\/wp\/v2\/users\/1"}],"replies":[{"embeddable":true,"href":"https:\/\/visionciudadana.com.mx\/oficial\/wp-json\/wp\/v2\/comments?post=14702"}],"version-history":[{"count":1,"href":"https:\/\/visionciudadana.com.mx\/oficial\/wp-json\/wp\/v2\/posts\/14702\/revisions"}],"predecessor-version":[{"id":31523,"href":"https:\/\/visionciudadana.com.mx\/oficial\/wp-json\/wp\/v2\/posts\/14702\/revisions\/31523"}],"wp:featuredmedia":[{"embeddable":true,"href":"https:\/\/visionciudadana.com.mx\/oficial\/wp-json\/wp\/v2\/posts\/6406"}],"wp:attachment":[{"href":"https:\/\/visionciudadana.com.mx\/oficial\/wp-json\/wp\/v2\/media?parent=14702"}],"wp:term":[{"taxonomy":"category","embeddable":true,"href":"https:\/\/visionciudadana.com.mx\/oficial\/wp-json\/wp\/v2\/categories?post=14702"},{"taxonomy":"post_tag","embeddable":true,"href":"https:\/\/visionciudadana.com.mx\/oficial\/wp-json\/wp\/v2\/tags?post=14702"},{"taxonomy":"author","embeddable":true,"href":"https:\/\/visionciudadana.com.mx\/oficial\/wp-json\/wp\/v2\/ppma_author?post=14702"}],"curies":[{"name":"wp","href":"https:\/\/api.w.org\/{rel}","templated":true}]}}