{"id":14701,"date":"2021-01-14T01:32:59","date_gmt":"2021-01-14T01:32:59","guid":{"rendered":"https:\/\/visionciudadana.com.mx\/prueba\/2021\/01\/14\/gran-trabajo-del-gobernador-quirino-ordaz-en-la-proteccion-de-medio-ambiente\/"},"modified":"2025-06-25T00:32:42","modified_gmt":"2025-06-25T00:32:42","slug":"gran-trabajo-del-gobernador-quirino-ordaz-en-la-proteccion-de-medio-ambiente","status":"publish","type":"post","link":"https:\/\/visionciudadana.com.mx\/oficial\/2021\/01\/14\/gran-trabajo-del-gobernador-quirino-ordaz-en-la-proteccion-de-medio-ambiente\/","title":{"rendered":"Gran trabajo del gobernador Quirino Ordaz en la protecci\u00f3n de medio ambiente"},"content":{"rendered":"<p style=\"text-align: justify;\"><img fetchpriority=\"high\" decoding=\"async\" src=\"images\/Enero2021\/gran_trabajo.PNG\" alt=\"gran trabajo\" width=\"420\" height=\"268\" style=\"display: block; margin-left: auto; margin-right: auto;\" \/><\/p>\n<p class=\"x_MsoNormal\" style=\"text-align: justify;\"><span style=\"font-size: 14pt; font-family: arial, helvetica, sans-serif;\">Durante la comparecencia de Rosa Isabel Mendoza Camacho, Secretaria de Desarrollo Sustentable de Gobierno del Estado y Juan Francisco Vega Meza, Director de Protecci\u00f3n Civil en Sinaloa; las y los diputados del PRI en el Congreso del Estado destacaron los logros obtenidos en estas dos \u00e1reas que destacan dentro del Cuarto Informe de Gobierno de Quirino Ordaz Coppel.<\/span><\/p>\n<p style=\"text-align: justify;\">&nbsp;<\/p>\n<p class=\"x_MsoNormal\" style=\"text-align: justify;\"><span style=\"font-size: 14pt; font-family: arial, helvetica, sans-serif;\">Durante la comparecencia, al tomar la palabra la&nbsp; diputada local del PRI M\u00f3nica L\u00f3pez Hern\u00e1ndez destac\u00f3 los logros que se tuvieron con el programa de uso de bicicletas p\u00fablicas, conocido como \u00a1Muevete Chilo!, con el cual se ha logrado, entre otras cosas,&nbsp; evitar 77.7 toneladas de bi\u00f3xido de carbono, gracias a los casi 200 mil viajes que se ha completado desde su implementaci\u00f3n.<\/span><\/p>\n<p style=\"text-align: justify;\">&nbsp;<\/p>\n<p class=\"x_MsoNormal\" style=\"text-align: justify;\"><span style=\"font-size: 14pt; font-family: arial, helvetica, sans-serif;\">La diputada, Elva Margarita Inzunza Valenzuela demand\u00f3 garantizar una mayor protecci\u00f3n de los ecosistemas naturales de Sinaloa fortaleciendo la supervisi\u00f3n, vigilancia y aplicaci\u00f3n de sanciones, as\u00ed como avanzar de manera m\u00e1s eficaz y r\u00e1pida en la promulgaci\u00f3n de decretos para salvaguardar las \u00e1reas naturales protegidas.<\/span><\/p>\n<p style=\"text-align: justify;\">&nbsp;<\/p>\n<p class=\"x_MsoNormal\" style=\"text-align: justify;\"><span style=\"font-size: 14pt; font-family: arial, helvetica, sans-serif;\">\u201cNecesitamos garantizar una utilizaci\u00f3n racional de todos nuestros recursos. Garantizar que las zonas protegidas lo sigan siendo, ya que son un patrimonio com\u00fan que es preciso preservar para disfrute de las actuales y las pr\u00f3ximas generaciones. Ya tenemos el caso de Tacuichamona y ese resultado nos parece un logro importante, pero \u00bfhasta d\u00f3nde m\u00e1s se puede avanzar respecto a las reservas naturales del estado? \u201d, se\u00f1al\u00f3 durante su intervenci\u00f3n en la sesi\u00f3n virtual.<\/span><\/p>\n<p style=\"text-align: justify;\">&nbsp;<\/p>\n<p class=\"x_MsoNormal\" style=\"text-align: justify;\"><span style=\"font-size: 14pt; font-family: arial, helvetica, sans-serif;\">El diputado local, integrante tambi\u00e9n del grupo legislativo del PRI, Jes\u00fas Armando Ram\u00edrez Guzm\u00e1n, destac\u00f3 el empe\u00f1o que ha puesto el Gobernador Quirino Ordaz Coppel a la protecci\u00f3n, defensa y preservaci\u00f3n de un medio ambiente sano.<\/span><\/p>\n<p style=\"text-align: justify;\">&nbsp;<\/p>\n<p class=\"x_MsoNormal\" style=\"text-align: justify;\"><span style=\"font-size: 14pt; font-family: arial, helvetica, sans-serif;\">\u201cNosotros, en Sinaloa, nos hemos adscrito abiertamente y sin cortapisas en esta l\u00ednea de acci\u00f3n, y las pol\u00edticas emprendidas por nuestro gobernador Quirino Ordaz Coppel han ido encaminadas a sumar fuerzas institucionales, que junto a las diversas y plurales expresiones de la sociedad civil, potencien la efectividad de las estrategias que se implementen\u201d, se\u00f1al\u00f3.<\/span><\/p>\n<p style=\"text-align: justify;\">&nbsp;<\/p>\n<p class=\"x_MsoNormal\" style=\"text-align: justify;\"><span style=\"font-size: 14pt; font-family: arial, helvetica, sans-serif;\">Respecto a la comparecencia tambi\u00e9n del director de Protecci\u00f3n Civil en el estado, Francisco Vega Meza, la diputada Elva Margarita Inzunza Valenzuela demand\u00f3 involucrar m\u00e1s a la sociedad civil con el objetivo de&nbsp; agilizar la respuesta ante las emergencias.<\/span><\/p>\n<p style=\"text-align: justify;\">&nbsp;<\/p>\n<p class=\"x_MsoNormal\" style=\"text-align: justify;\"><span style=\"font-size: 14pt; font-family: arial, helvetica, sans-serif;\">Por su parte, el diputado Jes\u00fas Armando Ram\u00edrez Guzm\u00e1n destac\u00f3 la labor que ha realizado Protecci\u00f3n Civil en apoyo a la Secretar\u00eda de Salud durante la pandemia del COVID -19.<\/span><\/p>\n<p style=\"text-align: justify;\">&nbsp;<\/p>\n<p style=\"text-align: justify;\">&nbsp;<\/p>\n<p style=\"text-align: justify;\"><span style=\"font-size: 14pt; font-family: arial, helvetica, sans-serif;\">REDACCI\u00d3N\/VISI\u00d3N CIUDADANA.<\/span><\/p>\n","protected":false},"excerpt":{"rendered":"<p>Durante la comparecencia de Rosa Isabel Mendoza Camacho, Secretaria de Desarrollo Sustentable de Gobierno del Estado y Juan Francisco Vega Meza, Director de Protecci\u00f3n Civil en Sinaloa; las y los diputados del PRI en el Congreso del Estado destacaron los logros obtenidos en estas dos \u00e1reas que destacan dentro del Cuarto Informe de Gobierno de [&hellip;]<\/p>\n","protected":false},"author":1,"featured_media":6404,"comment_status":"closed","ping_status":"closed","sticky":false,"template":"","format":"standard","meta":{"footnotes":""},"categories":[24],"tags":[],"ppma_author":[31],"class_list":["post-14701","post","type-post","status-publish","format-standard","has-post-thumbnail","hentry","category-relevantes"],"aioseo_notices":[],"authors":[{"term_id":31,"user_id":1,"is_guest":0,"slug":"ivan3vino","display_name":"Iv\u00e1n Trevi\u00f1o","avatar_url":{"url":"https:\/\/visionciudadana.com.mx\/oficial\/wp-content\/uploads\/2025\/09\/columna-ivan-Trevino.png","url2x":"https:\/\/visionciudadana.com.mx\/oficial\/wp-content\/uploads\/2025\/09\/columna-ivan-Trevino.png"},"0":null,"1":"","2":"","3":"","4":"","5":"","6":"","7":"","8":""}],"_links":{"self":[{"href":"https:\/\/visionciudadana.com.mx\/oficial\/wp-json\/wp\/v2\/posts\/14701","targetHints":{"allow":["GET"]}}],"collection":[{"href":"https:\/\/visionciudadana.com.mx\/oficial\/wp-json\/wp\/v2\/posts"}],"about":[{"href":"https:\/\/visionciudadana.com.mx\/oficial\/wp-json\/wp\/v2\/types\/post"}],"author":[{"embeddable":true,"href":"https:\/\/visionciudadana.com.mx\/oficial\/wp-json\/wp\/v2\/users\/1"}],"replies":[{"embeddable":true,"href":"https:\/\/visionciudadana.com.mx\/oficial\/wp-json\/wp\/v2\/comments?post=14701"}],"version-history":[{"count":1,"href":"https:\/\/visionciudadana.com.mx\/oficial\/wp-json\/wp\/v2\/posts\/14701\/revisions"}],"predecessor-version":[{"id":31524,"href":"https:\/\/visionciudadana.com.mx\/oficial\/wp-json\/wp\/v2\/posts\/14701\/revisions\/31524"}],"wp:featuredmedia":[{"embeddable":true,"href":"https:\/\/visionciudadana.com.mx\/oficial\/wp-json\/wp\/v2\/posts\/6404"}],"wp:attachment":[{"href":"https:\/\/visionciudadana.com.mx\/oficial\/wp-json\/wp\/v2\/media?parent=14701"}],"wp:term":[{"taxonomy":"category","embeddable":true,"href":"https:\/\/visionciudadana.com.mx\/oficial\/wp-json\/wp\/v2\/categories?post=14701"},{"taxonomy":"post_tag","embeddable":true,"href":"https:\/\/visionciudadana.com.mx\/oficial\/wp-json\/wp\/v2\/tags?post=14701"},{"taxonomy":"author","embeddable":true,"href":"https:\/\/visionciudadana.com.mx\/oficial\/wp-json\/wp\/v2\/ppma_author?post=14701"}],"curies":[{"name":"wp","href":"https:\/\/api.w.org\/{rel}","templated":true}]}}