{"id":14700,"date":"2021-01-14T01:26:10","date_gmt":"2021-01-14T01:26:10","guid":{"rendered":"https:\/\/visionciudadana.com.mx\/prueba\/2021\/01\/14\/exigen-que-el-gobierno-federal-no-haga-uso-electoral-de-la-vacuna-pan-pri-y-prd\/"},"modified":"2025-06-25T00:32:42","modified_gmt":"2025-06-25T00:32:42","slug":"exigen-que-el-gobierno-federal-no-haga-uso-electoral-de-la-vacuna-pan-pri-y-prd","status":"publish","type":"post","link":"https:\/\/visionciudadana.com.mx\/oficial\/2021\/01\/14\/exigen-que-el-gobierno-federal-no-haga-uso-electoral-de-la-vacuna-pan-pri-y-prd\/","title":{"rendered":"Exigen que el gobierno Federal no haga uso electoral de la vacuna: PAN, PRI y PRD"},"content":{"rendered":"<p><img fetchpriority=\"high\" decoding=\"async\" src=\"images\/Enero2021\/vacuna_electoral.PNG\" alt=\"vacuna electoral\" width=\"344\" height=\"208\" style=\"display: block; margin-left: auto; margin-right: auto;\" \/><\/p>\n<p class=\"x_MsoNormal\" style=\"text-align: justify;\"><span style=\"font-size: 14pt; font-family: arial, helvetica, sans-serif;\">Encaminados en la ruta que los tres partidos han trazado para sumar esfuerzos con la sociedad civil y no permitir que M\u00e9xico se conduzca a trav\u00e9s de la soberbia, la indiferencia, la opacidad y el control absoluto, los l\u00edderes nacionales del PRI, PAN y PRD exigen al Gobierno Federal un Plan de Vacunaci\u00f3n eficaz y con acceso para todas y todos los mexicanos.<\/span><\/p>\n<p style=\"text-align: justify;\">&nbsp;<\/p>\n<p class=\"x_MsoNormal\" style=\"text-align: justify;\"><span style=\"font-size: 14pt; font-family: arial, helvetica, sans-serif;\">Desde marzo de 2020, mes en el que inici\u00f3 el confinamiento en nuestro pa\u00eds por COVID-19, las autoridades federales solo han actuado con indiferencia al prestar mayor atenci\u00f3n a proyectos fara\u00f3nicos en lugar de atender la emergencia sanitaria que el virus ha provocado; han desmantelado fideicomisos y arrebataron 33 mil millones de pesos al Fondo de Salud para supuesta compra de vacunas, lo cual hasta la fecha no ha sido transparentado. De igual forma, la situaci\u00f3n en los hospitales es cada vez m\u00e1s cr\u00edtica: no hay medicamentos, no hay insumos suficientes para atender a pacientes y la austeridad de la que tanto ha presumido Morena es homicida.<\/span><\/p>\n<p style=\"text-align: justify;\">&nbsp;<\/p>\n<p class=\"x_MsoNormal\" style=\"text-align: justify;\"><span style=\"font-size: 14pt; font-family: arial, helvetica, sans-serif;\">Ante esta situaci\u00f3n, los l\u00edderes pol\u00edticos exigieron al Presidente de la Rep\u00fablica transparentar los contratos firmados con empresas privadas para la adquisici\u00f3n de vacunas contra el virus SARS-CoV-2. Asimismo, mencionaron que la vacuna est\u00e1 siendo utilizada para fines electorales, lo cual representa una estrategia fraudulenta para enga\u00f1ar al pueblo mexicano y para perpetuarse en el poder al aprovechar la situaci\u00f3n tan lamentable que viven m\u00e1s de 135 mil familias mexicanas por la muerte de alg\u00fan familiar.<\/span><\/p>\n<p style=\"text-align: justify;\">&nbsp;<\/p>\n<p class=\"x_MsoNormal\" style=\"text-align: justify;\"><span style=\"font-size: 14pt; font-family: arial, helvetica, sans-serif;\">En este sentido, las principales fuerzas pol\u00edticas expresaron la importancia de construir un mejor futuro para las y los mexicanos para recuperar el derecho a la salud y al bienestar. \u201cNecesitamos acciones contundentes en materia econ\u00f3mica y social. Es necesario el fortalecimiento de las instituciones; est\u00e1 claro que la pandemia ha reflejado la incapacidad del Gobierno Federal para combatir esta crisis y se refleja ante un r\u00e9gimen autoritario\u201d, afirmaron los dirigentes.<\/span><\/p>\n<p style=\"text-align: justify;\">&nbsp;<\/p>\n<p class=\"x_MsoNormal\" style=\"text-align: justify;\"><span style=\"font-size: 14pt; font-family: arial, helvetica, sans-serif;\">Por ello, las principales oposiciones al actual r\u00e9gimen de Morena comienzan a unir fuerzas en todo el pa\u00eds con un fin en com\u00fan: cambiar la correlaci\u00f3n de fuerzas en la C\u00e1mara de Diputados y no permitir que \u201cla mayor\u00eda\u201d en el Congreso de la Uni\u00f3n siga tomando decisiones dictadas desde Palacio Nacional que afecten de manera directa al bienestar de la sociedad. Esta ruta -marcada por la diversidad de ideales, valores e historias partidistas- es la \u00fanica v\u00eda para garantizar un M\u00e9xico pr\u00f3spero.<\/span><\/p>\n<div style=\"text-align: justify;\"><span style=\"font-size: 14pt; font-family: arial, helvetica, sans-serif;\"><\/span><\/div>\n<div style=\"text-align: justify;\"><span style=\"font-size: 14pt; font-family: arial, helvetica, sans-serif;\">REDACCI\u00d3N\/VISI\u00d3N CIUDADANA.<\/span><\/div>\n","protected":false},"excerpt":{"rendered":"<p>Encaminados en la ruta que los tres partidos han trazado para sumar esfuerzos con la sociedad civil y no permitir que M\u00e9xico se conduzca a trav\u00e9s de la soberbia, la indiferencia, la opacidad y el control absoluto, los l\u00edderes nacionales del PRI, PAN y PRD exigen al Gobierno Federal un Plan de Vacunaci\u00f3n eficaz y [&hellip;]<\/p>\n","protected":false},"author":1,"featured_media":6402,"comment_status":"closed","ping_status":"closed","sticky":false,"template":"","format":"standard","meta":{"footnotes":""},"categories":[24],"tags":[],"ppma_author":[31],"class_list":["post-14700","post","type-post","status-publish","format-standard","has-post-thumbnail","hentry","category-relevantes"],"aioseo_notices":[],"authors":[{"term_id":31,"user_id":1,"is_guest":0,"slug":"ivan3vino","display_name":"Iv\u00e1n Trevi\u00f1o","avatar_url":{"url":"https:\/\/visionciudadana.com.mx\/oficial\/wp-content\/uploads\/2025\/09\/columna-ivan-Trevino.png","url2x":"https:\/\/visionciudadana.com.mx\/oficial\/wp-content\/uploads\/2025\/09\/columna-ivan-Trevino.png"},"0":null,"1":"","2":"","3":"","4":"","5":"","6":"","7":"","8":""}],"_links":{"self":[{"href":"https:\/\/visionciudadana.com.mx\/oficial\/wp-json\/wp\/v2\/posts\/14700","targetHints":{"allow":["GET"]}}],"collection":[{"href":"https:\/\/visionciudadana.com.mx\/oficial\/wp-json\/wp\/v2\/posts"}],"about":[{"href":"https:\/\/visionciudadana.com.mx\/oficial\/wp-json\/wp\/v2\/types\/post"}],"author":[{"embeddable":true,"href":"https:\/\/visionciudadana.com.mx\/oficial\/wp-json\/wp\/v2\/users\/1"}],"replies":[{"embeddable":true,"href":"https:\/\/visionciudadana.com.mx\/oficial\/wp-json\/wp\/v2\/comments?post=14700"}],"version-history":[{"count":1,"href":"https:\/\/visionciudadana.com.mx\/oficial\/wp-json\/wp\/v2\/posts\/14700\/revisions"}],"predecessor-version":[{"id":31525,"href":"https:\/\/visionciudadana.com.mx\/oficial\/wp-json\/wp\/v2\/posts\/14700\/revisions\/31525"}],"wp:featuredmedia":[{"embeddable":true,"href":"https:\/\/visionciudadana.com.mx\/oficial\/wp-json\/wp\/v2\/media\/6402"}],"wp:attachment":[{"href":"https:\/\/visionciudadana.com.mx\/oficial\/wp-json\/wp\/v2\/media?parent=14700"}],"wp:term":[{"taxonomy":"category","embeddable":true,"href":"https:\/\/visionciudadana.com.mx\/oficial\/wp-json\/wp\/v2\/categories?post=14700"},{"taxonomy":"post_tag","embeddable":true,"href":"https:\/\/visionciudadana.com.mx\/oficial\/wp-json\/wp\/v2\/tags?post=14700"},{"taxonomy":"author","embeddable":true,"href":"https:\/\/visionciudadana.com.mx\/oficial\/wp-json\/wp\/v2\/ppma_author?post=14700"}],"curies":[{"name":"wp","href":"https:\/\/api.w.org\/{rel}","templated":true}]}}