{"id":14699,"date":"2021-01-14T01:13:42","date_gmt":"2021-01-14T01:13:42","guid":{"rendered":"https:\/\/visionciudadana.com.mx\/prueba\/2021\/01\/14\/avanza-con-firmeza-la-agenda-verde-para-el-desarrollo-sustentable-de-sinaloa\/"},"modified":"2025-06-25T00:32:42","modified_gmt":"2025-06-25T00:32:42","slug":"avanza-con-firmeza-la-agenda-verde-para-el-desarrollo-sustentable-de-sinaloa","status":"publish","type":"post","link":"https:\/\/visionciudadana.com.mx\/oficial\/2021\/01\/14\/avanza-con-firmeza-la-agenda-verde-para-el-desarrollo-sustentable-de-sinaloa\/","title":{"rendered":"Avanza con firmeza la agenda verde para el desarrollo sustentable de Sinaloa"},"content":{"rendered":"<p><img fetchpriority=\"high\" decoding=\"async\" src=\"images\/Enero2021\/avanza_con_firmea.PNG\" alt=\"avanza con firmea\" width=\"397\" height=\"236\" style=\"display: block; margin-left: auto; margin-right: auto;\" \/><\/p>\n<p class=\"x_MsoNormal\" style=\"text-align: justify;\"><span style=\"font-size: 14pt; font-family: arial, helvetica, sans-serif;\">La Agenda Verde para consolidar el desarrollo sustentable de Sinaloa avanza con firmeza con las acciones que el gobierno de Quirino Ordaz Coppel concret\u00f3 en el 2020 para mejorar la calidad de vida de los sinaloenses, se\u00f1al\u00f3 Isabel Mendoza Camacho durante su comparecencia ante la Sexag\u00e9sima Legislatura del Congreso del Estado.<\/span><\/p>\n<p style=\"text-align: justify;\">&nbsp;<\/p>\n<p class=\"x_MsoNormal\" style=\"text-align: justify;\"><span style=\"font-size: 14pt; font-family: arial, helvetica, sans-serif;\">En un ejercicio in\u00e9dito a trav\u00e9s de una plataforma digital, la secretaria de Desarrollo Sustentable expres\u00f3 que la pandemia por el COVID-19 trajo retos complejos, sin embargo, hay logros significativos en materia ambiental y urbana.<\/span><\/p>\n<p style=\"text-align: justify;\">&nbsp;<\/p>\n<p class=\"x_MsoNormal\" style=\"text-align: justify;\"><span style=\"font-size: 14pt; font-family: arial, helvetica, sans-serif;\">La titular de la SEDESU destac\u00f3 la campa\u00f1a Sinaloa Sin Pl\u00e1sticos, creada a partir de la reforma a la Ley Estatal de Residuos, la cual ha sido punta de lanza para lograr una reducci\u00f3n ponderada de aproximadamente un 5% del pl\u00e1stico no biodegradable en el estado, as\u00ed como un impulso sin precedentes a la cultura ecol\u00f3gica entre la poblaci\u00f3n con la distribuci\u00f3n de 110 mil bolsas textiles reutilizables.<\/span><\/p>\n<p style=\"text-align: justify;\">&nbsp;<\/p>\n<p class=\"x_MsoNormal\" style=\"text-align: justify;\"><span style=\"font-size: 14pt; font-family: arial, helvetica, sans-serif;\">Isabel Mendoza coment\u00f3 que tras 16 a\u00f1os de abandono en el rubro de las \u00e1reas naturales protegidas, se logr\u00f3 la emisi\u00f3n del Decreto de la Sierra de Tacuichamona como \u00c1rea Natural Protegida, declaratoria oficial que permite el resguardo de m\u00e1s de 44 mil hect\u00e1reas como reserva estatal.<\/span><\/p>\n<p style=\"text-align: justify;\">&nbsp;<\/p>\n<p class=\"x_MsoNormal\" style=\"text-align: justify;\"><span style=\"font-size: 14pt; font-family: arial, helvetica, sans-serif;\">Comparti\u00f3 que Sinaloa ocupa el segundo lugar en playas limpias certificadas y se cuenta con la playa certificada m\u00e1s extensa del mundo Santuario de El Verde Camacho, destinada, por voluntad comunal, a la conservaci\u00f3n siendo hogar de tortugas marinas y expresi\u00f3n de participaci\u00f3n comunitaria.<\/span><\/p>\n<p style=\"text-align: justify;\">&nbsp;<\/p>\n<p class=\"x_MsoNormal\" style=\"text-align: justify;\"><span style=\"font-size: 14pt; font-family: arial, helvetica, sans-serif;\">Entre las pol\u00edticas de desarrollo urbano, ponder\u00f3 la concreci\u00f3n del Programa Municipal de Ordenamiento Territorial y Desarrollo Urbano de Escuinapa y el apoyo para culminar el de Navolato y Villa Ju\u00e1rez; el Reglamento de la Ley de Ordenamiento Territorial y Desarrollo urbano se encuentra listo y ser\u00e1 publicado en los pr\u00f3ximos meses.<\/span><\/p>\n<p style=\"text-align: justify;\">&nbsp;<\/p>\n<p class=\"x_MsoNormal\" style=\"text-align: justify;\"><span style=\"font-size: 14pt; font-family: arial, helvetica, sans-serif;\">En el rubro de vivienda, la funcionaria estatal resalt\u00f3 el apoyo a&nbsp; 61 familias damnificadas por inundaciones y azolvamientos gracias a Fundaci\u00f3n Axa y Fundaci\u00f3n \u00c9chale; 50 millones de pesos de inversi\u00f3n en el Programa Combate al Rezago Habitacional en beneficio de 2 mil 500 sinaloenses y la entrega de 1500 escrituras a familias que durante 25 a\u00f1os vivieron sin la certeza jur\u00eddica de su patrimonio.<\/span><\/p>\n<p style=\"text-align: justify;\">&nbsp;<\/p>\n<p class=\"x_MsoNormal\" style=\"text-align: justify;\"><span style=\"font-size: 14pt; font-family: arial, helvetica, sans-serif;\">Durante el actual gobierno se ha luchado sistem\u00e1ticamente contra los incendios forestales, alcanzando ya el quinto lugar entre los estados con menos siniestros y para incrementar la cobertura forestal se entregaron m\u00e1s de 85 mil especies regionales a ayuntamientos, ambientalistas, organizaciones de la sociedad civil, sectores acad\u00e9micos, empresariales y productivos.<\/span><\/p>\n<p style=\"text-align: justify;\">&nbsp;<\/p>\n<p class=\"x_MsoNormal\" style=\"text-align: justify;\"><span style=\"font-size: 14pt; font-family: arial, helvetica, sans-serif;\">La secretaria de Desarrollo Sustentable puntualiz\u00f3 que luego de un an\u00e1lisis de la normatividad ambiental en los municipios, se concluy\u00f3 que la mayor\u00eda presenta omisiones, carencias e irregularidades en cuanto a competencias, por lo que se dise\u00f1\u00f3 un modelo de Reglamento Ambiental Municipal, por lo menos ocho de los 18 municipios ya est\u00e1n avanzando en sus propios reglamentos ambientales.<\/span><\/p>\n<p style=\"text-align: justify;\">&nbsp;<\/p>\n<p class=\"x_MsoNormal\" style=\"text-align: justify;\"><span style=\"font-size: 14pt; font-family: arial, helvetica, sans-serif;\">En ese sentido, reconoci\u00f3 a Guasave y Choix como facilitadores de la construcci\u00f3n de sus rellenos sanitarios, dando ejemplo de buenas pr\u00e1cticas respecto a la disposici\u00f3n correcta de los residuos s\u00f3lidos y apego a la normatividad ambiental \u201cestoy segura que en el transcurso de este a\u00f1o, otros gobiernos municipales seguir\u00e1n estos ejemplos de voluntad y colaboraci\u00f3n pol\u00edtica\u201d.<\/span><\/p>\n<p style=\"text-align: justify;\">&nbsp;<\/p>\n<p class=\"x_MsoNormal\" style=\"text-align: justify;\"><span style=\"font-size: 14pt; font-family: arial, helvetica, sans-serif;\">En el tema del agua resalt\u00f3 la construcci\u00f3n de la obra complementaria de la potabilizadora Miravalles para el acueducto Picachos-Mazatl\u00e1n, con inversi\u00f3n de 29.8 millones de pesos, un ejemplo del esfuerzo que se ha venido imprimiendo en los programas de agua potable, drenaje y tratamiento en localidades urbanas de m\u00e1s de 2 mil 500 habitantes.<\/span><\/p>\n<p style=\"text-align: justify;\">&nbsp;<\/p>\n<p class=\"x_MsoNormal\" style=\"text-align: justify;\"><span style=\"font-size: 14pt; font-family: arial, helvetica, sans-serif;\">Durante 2020, se conservaron m\u00e1s de 13 mil hect\u00e1reas de zonas que presentan una elevada producci\u00f3n de agua, acciones que traen consigo beneficios ambientales que derivan en un incremento de la riqueza biol\u00f3gica y de la fauna silvestre. Tambi\u00e9n se sigue trabajando en el monitoreo de la calidad del aire y se impulsa la movilidad sustentable con el sistema de bicicleta p\u00fablica \u201cMu\u00e9vete Chilo\u201d en Los Mochis.<\/span><\/p>\n<p style=\"text-align: justify;\">&nbsp;<\/p>\n<p class=\"x_MsoNormal\" style=\"text-align: justify;\"><span style=\"font-size: 14pt; font-family: arial, helvetica, sans-serif;\">Isabel Mendoza dijo que hoy ya no es suficiente con ser amigables con el medio ambiente \u201ces imperante ser su amigo cercano, protegerlo, brindarle tiempo y cuidados, tal como lo har\u00edas con el mejor de tus compas cuando pasa por una situaci\u00f3n dif\u00edcil\u201d.<\/span><\/p>\n<p style=\"text-align: justify;\">&nbsp;<\/p>\n<p class=\"x_MsoNormal\" style=\"text-align: justify;\"><span style=\"font-size: 14pt; font-family: arial, helvetica, sans-serif;\">Para finalizar, llam\u00f3 a los sinaloenses a tomar parte de las acciones que el gobierno estatal promueve a favor de la vida y del desarrollo sustentable.<\/span><\/p>\n<p style=\"text-align: justify;\">&nbsp;<\/p>\n<p style=\"text-align: justify;\">&nbsp;<\/p>\n<p style=\"text-align: justify;\"><span style=\"font-size: 14pt; font-family: arial, helvetica, sans-serif;\">REDACCI\u00d3N\/VISI\u00d3N CIUDADANA.<\/span><\/p>\n","protected":false},"excerpt":{"rendered":"<p>La Agenda Verde para consolidar el desarrollo sustentable de Sinaloa avanza con firmeza con las acciones que el gobierno de Quirino Ordaz Coppel concret\u00f3 en el 2020 para mejorar la calidad de vida de los sinaloenses, se\u00f1al\u00f3 Isabel Mendoza Camacho durante su comparecencia ante la Sexag\u00e9sima Legislatura del Congreso del Estado. &nbsp; En un ejercicio [&hellip;]<\/p>\n","protected":false},"author":1,"featured_media":6400,"comment_status":"closed","ping_status":"closed","sticky":false,"template":"","format":"standard","meta":{"footnotes":""},"categories":[24],"tags":[],"ppma_author":[31],"class_list":["post-14699","post","type-post","status-publish","format-standard","has-post-thumbnail","hentry","category-relevantes"],"aioseo_notices":[],"authors":[{"term_id":31,"user_id":1,"is_guest":0,"slug":"ivan3vino","display_name":"Iv\u00e1n Trevi\u00f1o","avatar_url":{"url":"https:\/\/visionciudadana.com.mx\/oficial\/wp-content\/uploads\/2025\/09\/columna-ivan-Trevino.png","url2x":"https:\/\/visionciudadana.com.mx\/oficial\/wp-content\/uploads\/2025\/09\/columna-ivan-Trevino.png"},"0":null,"1":"","2":"","3":"","4":"","5":"","6":"","7":"","8":""}],"_links":{"self":[{"href":"https:\/\/visionciudadana.com.mx\/oficial\/wp-json\/wp\/v2\/posts\/14699","targetHints":{"allow":["GET"]}}],"collection":[{"href":"https:\/\/visionciudadana.com.mx\/oficial\/wp-json\/wp\/v2\/posts"}],"about":[{"href":"https:\/\/visionciudadana.com.mx\/oficial\/wp-json\/wp\/v2\/types\/post"}],"author":[{"embeddable":true,"href":"https:\/\/visionciudadana.com.mx\/oficial\/wp-json\/wp\/v2\/users\/1"}],"replies":[{"embeddable":true,"href":"https:\/\/visionciudadana.com.mx\/oficial\/wp-json\/wp\/v2\/comments?post=14699"}],"version-history":[{"count":1,"href":"https:\/\/visionciudadana.com.mx\/oficial\/wp-json\/wp\/v2\/posts\/14699\/revisions"}],"predecessor-version":[{"id":31526,"href":"https:\/\/visionciudadana.com.mx\/oficial\/wp-json\/wp\/v2\/posts\/14699\/revisions\/31526"}],"wp:featuredmedia":[{"embeddable":true,"href":"https:\/\/visionciudadana.com.mx\/oficial\/wp-json\/wp\/v2\/media\/6400"}],"wp:attachment":[{"href":"https:\/\/visionciudadana.com.mx\/oficial\/wp-json\/wp\/v2\/media?parent=14699"}],"wp:term":[{"taxonomy":"category","embeddable":true,"href":"https:\/\/visionciudadana.com.mx\/oficial\/wp-json\/wp\/v2\/categories?post=14699"},{"taxonomy":"post_tag","embeddable":true,"href":"https:\/\/visionciudadana.com.mx\/oficial\/wp-json\/wp\/v2\/tags?post=14699"},{"taxonomy":"author","embeddable":true,"href":"https:\/\/visionciudadana.com.mx\/oficial\/wp-json\/wp\/v2\/ppma_author?post=14699"}],"curies":[{"name":"wp","href":"https:\/\/api.w.org\/{rel}","templated":true}]}}