{"id":14698,"date":"2021-01-14T01:02:06","date_gmt":"2021-01-14T01:02:06","guid":{"rendered":"https:\/\/visionciudadana.com.mx\/prueba\/2021\/01\/14\/quirino-inicia-vacunacion-contra-el-covid-para-personal-de-salud\/"},"modified":"2025-06-25T00:32:43","modified_gmt":"2025-06-25T00:32:43","slug":"quirino-inicia-vacunacion-contra-el-covid-para-personal-de-salud","status":"publish","type":"post","link":"https:\/\/visionciudadana.com.mx\/oficial\/2021\/01\/14\/quirino-inicia-vacunacion-contra-el-covid-para-personal-de-salud\/","title":{"rendered":"Quirino inicia vacunaci\u00f3n contra el COVID para personal de salud"},"content":{"rendered":"<p class=\"x_MsoNormal\" style=\"text-align: justify;\"><span style=\"font-size: 14pt; font-family: arial, helvetica, sans-serif;\"><i><span lang=\"ES-TRAD\">&nbsp;<img fetchpriority=\"high\" decoding=\"async\" src=\"images\/Enero2021\/vacuna_contra.PNG\" alt=\"vacuna contra\" width=\"413\" height=\"231\" style=\"display: block; margin-left: auto; margin-right: auto;\" \/><\/span><\/i><\/span><\/p>\n<p class=\"x_MsoNormal\" style=\"text-align: justify;\"><span lang=\"ES-TRAD\" style=\"font-size: 14pt; font-family: arial, helvetica, sans-serif;\">Este mi\u00e9rcoles a primera hora de la ma\u00f1ana inici\u00f3 el proceso de vacunaci\u00f3n del personal de Salud contra el COVID-19, en el Hospital de la Mujer en Culiac\u00e1n, donde el gobernador Quirino Ordaz Coppel, acompa\u00f1ado por su esposa Rosy Fuentes de Ordaz, acudieron para presenciar el inicio de la aplicaci\u00f3n de las primeras 9 mil 750 dosis que arribaron horas antes, alrededor de la medianoche del martes al Aeropuerto Internacional de Culiac\u00e1n.<\/span><\/p>\n<p class=\"x_MsoNormal\" style=\"text-align: justify;\"><span lang=\"ES-TRAD\" style=\"font-size: 14pt; font-family: arial, helvetica, sans-serif;\"><\/span><\/p>\n<p class=\"x_MsoNormal\" style=\"text-align: justify;\"><span style=\"font-size: 14pt; font-family: arial, helvetica, sans-serif;\">Cabe destacar que este mi\u00e9rcoles se aplicar\u00e1n 300 vacunas a igual n\u00famero de trabajadores del Hospital de la Mujer, y el prop\u00f3sito es que para antes de culminar enero est\u00e9 vacunado todo el personal de los 28 hospitales y cl\u00ednicas que se dieron de alta en el padr\u00f3n, explic\u00f3 el secretario de Salud, Efr\u00e9n Encinas Torres.<\/span><\/p>\n<p style=\"text-align: justify;\">&nbsp;<\/p>\n<p class=\"x_MsoNormal\" style=\"text-align: justify;\"><span style=\"font-size: 14pt; font-family: arial, helvetica, sans-serif;\">\u201cAgradecemos mucho al presidente Andr\u00e9s Manuel L\u00f3pez Obrador el apoyo que le est\u00e1 dando a Sinaloa, nosotros hemos tenido una gesti\u00f3n permanente ante las autoridades federales para que esta vacuna llegara cuanto antes aqu\u00ed a Sinaloa. Ya est\u00e1 aqu\u00ed, y qu\u00e9 bueno que en primera l\u00ednea sean las y los trabajadores del Sector Salud, porque son los que est\u00e1n enfrente, son los que han luchado, son los que nos han cuidado, y que se han arriesgado, y sin duda alguna, el que ellos sean los primeros nos da una mayor confianza para la atenci\u00f3n a toda la poblaci\u00f3n que padezca estos s\u00edntomas\u201d, dijo el gobernador Quirino Ordaz Coppel.<\/span><\/p>\n<p style=\"text-align: justify;\">&nbsp;<\/p>\n<p class=\"x_MsoNormal\" style=\"text-align: justify;\"><span style=\"font-size: 14pt; font-family: arial, helvetica, sans-serif;\">En conferencia de prensa, una vez que se aplic\u00f3 la primera vacuna que correspondi\u00f3 a la enfermera Daniela, el mandatario estatal consider\u00f3 que hoy es un d\u00eda trascendental porque se da un paso muy importante en la protecci\u00f3n a la salud de los sinaloenses, empezando por el personal que labora en los hospitales, por estar al frente de la l\u00ednea de batalla.<\/span><\/p>\n<p style=\"text-align: justify;\">&nbsp;<\/p>\n<p class=\"x_MsoNormal\" style=\"text-align: justify;\"><span style=\"font-size: 14pt; font-family: arial, helvetica, sans-serif;\">Por otra parte, el gobernador Quirino Ordaz Coppel record\u00f3 que el Gobierno del Estado est\u00e1 ya listo para iniciar con la compra adicional de vacunas, una vez que lo autoricen las autoridades federales de Salud, y en preparaci\u00f3n de esto, dijo que ya se expidieron algunas cartas de intenci\u00f3n con las farmac\u00e9uticas para adquirirlas.<\/span><\/p>\n<p style=\"text-align: justify;\">&nbsp;<\/p>\n<p class=\"x_MsoNormal\" style=\"text-align: justify;\"><span style=\"font-size: 14pt; font-family: arial, helvetica, sans-serif;\">Record\u00f3 que la compra de este lote adicional de vacunas, ser\u00e1 posible gracias a un fideicomiso de 30 millones de pesos que se abri\u00f3 con los recursos obtenidos por la venta de la Casa de Gobierno, fondo al que se podr\u00e1n sumar empresas para tambi\u00e9n adquirir vacunas para sus trabajadores, estimando que se supere una bolsa de 50 millones de pesos.<\/span><\/p>\n<p style=\"text-align: justify;\">&nbsp;<\/p>\n<p class=\"x_MsoNormal\" style=\"text-align: justify;\"><span style=\"font-size: 14pt; font-family: arial, helvetica, sans-serif;\">Ordaz Coppel coment\u00f3 que el iniciar con la aplicaci\u00f3n de la vacuna, adem\u00e1s de la natural protecci\u00f3n a la salud, tambi\u00e9n generar\u00e1 que se vaya reactivando en mayor medida la actividad econ\u00f3mica, sobre todo el empleo.<\/span><\/p>\n<p style=\"text-align: justify;\">&nbsp;<\/p>\n<p class=\"x_MsoNormal\" style=\"text-align: justify;\"><span style=\"font-size: 14pt; font-family: arial, helvetica, sans-serif;\">Por su parte, el secretario de Salud, Efr\u00e9n Encinas Torres, explic\u00f3 que en la pr\u00f3xima semana llegar\u00e1 otra remesa importante, y as\u00ed sucesivamente hasta cubrir a los poco m\u00e1s de 40 mil trabajadores del Sector Salud, en una primera gran etapa, para despu\u00e9s iniciar con la poblaci\u00f3n en general, privilegiando a los adultos mayores, en rangos de edades de 80 a\u00f1os y m\u00e1s primeramente, luego 70-79, 60-69, 50-59 a\u00f1os, hasta llegar a los j\u00f3venes mayores de 16 a\u00f1os de edad.<\/span><\/p>\n<p style=\"text-align: justify;\">&nbsp;<\/p>\n<p class=\"x_MsoNormal\" style=\"text-align: justify;\"><span style=\"font-size: 14pt; font-family: arial, helvetica, sans-serif;\">Para ello, se est\u00e1 dise\u00f1ando toda una log\u00edstica para el proceso de vacunaci\u00f3n de los adultos mayores, donde se determinar\u00e1 el lugar de concentraci\u00f3n m\u00e1s conveniente.<\/span><\/p>\n<p style=\"text-align: justify;\">&nbsp;<\/p>\n<p class=\"x_MsoNormal\" style=\"text-align: justify;\"><span style=\"font-size: 14pt; font-family: arial, helvetica, sans-serif;\">Encinas Torres detall\u00f3 que estas primeras 9 mil 750 vacunas deber\u00e1n ser aplicadas en los pr\u00f3ximos tres d\u00edas, mientras que la pr\u00f3xima semana arribar\u00e1 otra remesa para continuar con los trabajadores de la Salud que est\u00e1n en la segunda y tercera l\u00ednea de atenci\u00f3n, pues el prop\u00f3sito es que a finales de enero ya est\u00e9 vacunado todo el Sector Salud con la primera dosis, pues la segunda dosis debe ser aplicada a los 21 d\u00edas de la primera.<\/span><\/p>\n<p style=\"text-align: justify;\">&nbsp;<\/p>\n<p class=\"x_MsoNormal\" style=\"text-align: justify;\"><span style=\"font-size: 14pt; font-family: arial, helvetica, sans-serif;\">Detall\u00f3 que estas primeras dosis llegar\u00e1n a los 28 hospitales y cl\u00ednicas que previamente estaban dados de alta en el padr\u00f3n que se elabor\u00f3 para ello, de un total de 37, y esas restantes nueve instituciones tambi\u00e9n la recibir\u00e1n en una segunda etapa, lo mismo que hospitales privados.<\/span><\/p>\n<p style=\"text-align: justify;\">&nbsp;<\/p>\n<p class=\"x_MsoNormal\" style=\"text-align: justify;\"><span style=\"font-size: 14pt; font-family: arial, helvetica, sans-serif;\">A\u00f1adi\u00f3 que la encargada de fabricar esta vacuna fue la farmac\u00e9utica Pfizer BioNTech y consider\u00f3 un logro muy importante el desarrollo de la vacuna a menos de un a\u00f1o, cuando hist\u00f3ricamente se necesitan hasta tres a\u00f1os de investigaciones y pruebas para obtener alg\u00fan ant\u00eddoto para cualquier patolog\u00eda.<\/span><\/p>\n<p style=\"text-align: justify;\">&nbsp;<\/p>\n<p class=\"x_MsoNormal\" style=\"text-align: justify;\"><span style=\"font-size: 14pt; font-family: arial, helvetica, sans-serif;\">\u201cNo ha parado esto, lo comentaba ahorita el gobernador, indiscutible que tendremos que seguir manteniendo los cuidados que siempre hemos se\u00f1alado, pero nos sentimos muy contentos, orgullosos de que ya Sinaloa cuente con la vacuna\u201d, dijo.<\/span><\/p>\n<p style=\"text-align: justify;\">&nbsp;<\/p>\n<p class=\"x_MsoNormal\" style=\"text-align: justify;\"><span style=\"font-size: 14pt; font-family: arial, helvetica, sans-serif;\">A su vez, la se\u00f1ora Rosy Fuentes de Ordaz inform\u00f3 que hizo una gesti\u00f3n ante DIF Nacional para que se les apoye con la vacuna destinada a todos los adultos mayores que est\u00e1n bajo atenci\u00f3n del Sistema DIF Sinaloa, ya sea en los asilos, centros gerontol\u00f3gicos y casas de cuidado diurno, estos \u00faltimos una vez que sean abiertos.<\/span><\/p>\n<p style=\"text-align: justify;\">&nbsp;<\/p>\n<p class=\"x_MsoNormal\" style=\"text-align: justify;\"><span style=\"font-size: 14pt; font-family: arial, helvetica, sans-serif;\"><b>Vacunas contra el COVID<\/b><\/span><\/p>\n<p class=\"x_MsoNormal\" style=\"text-align: justify;\"><span style=\"font-size: 14pt; font-family: arial, helvetica, sans-serif;\">9,750 dosis en la primera remesa<\/span><\/p>\n<p class=\"x_MsoNormal\" style=\"text-align: justify;\"><span style=\"font-size: 14pt; font-family: arial, helvetica, sans-serif;\">300 trabajadores del Hospital de la Mujer los primeros en ser vacunados<\/span><\/p>\n<p class=\"x_MsoNormal\" style=\"text-align: justify;\"><span style=\"font-size: 14pt; font-family: arial, helvetica, sans-serif;\">28 Hospitales y cl\u00ednicas recibir\u00e1n la vacuna<\/span><\/p>\n<p style=\"text-align: justify;\">&nbsp;<\/p>\n<p style=\"text-align: justify;\">&nbsp;<\/p>\n<p style=\"text-align: justify;\"><span style=\"font-size: 14pt; font-family: arial, helvetica, sans-serif;\">REDACCI\u00d3N\/VISI\u00d3N CIUDADANA.<\/span><\/p>\n","protected":false},"excerpt":{"rendered":"<p>&nbsp; Este mi\u00e9rcoles a primera hora de la ma\u00f1ana inici\u00f3 el proceso de vacunaci\u00f3n del personal de Salud contra el COVID-19, en el Hospital de la Mujer en Culiac\u00e1n, donde el gobernador Quirino Ordaz Coppel, acompa\u00f1ado por su esposa Rosy Fuentes de Ordaz, acudieron para presenciar el inicio de la aplicaci\u00f3n de las primeras 9 [&hellip;]<\/p>\n","protected":false},"author":1,"featured_media":6398,"comment_status":"closed","ping_status":"closed","sticky":false,"template":"","format":"standard","meta":{"footnotes":""},"categories":[24],"tags":[],"ppma_author":[31],"class_list":["post-14698","post","type-post","status-publish","format-standard","has-post-thumbnail","hentry","category-relevantes"],"aioseo_notices":[],"authors":[{"term_id":31,"user_id":1,"is_guest":0,"slug":"ivan3vino","display_name":"Iv\u00e1n Trevi\u00f1o","avatar_url":{"url":"https:\/\/visionciudadana.com.mx\/oficial\/wp-content\/uploads\/2025\/09\/columna-ivan-Trevino.png","url2x":"https:\/\/visionciudadana.com.mx\/oficial\/wp-content\/uploads\/2025\/09\/columna-ivan-Trevino.png"},"0":null,"1":"","2":"","3":"","4":"","5":"","6":"","7":"","8":""}],"_links":{"self":[{"href":"https:\/\/visionciudadana.com.mx\/oficial\/wp-json\/wp\/v2\/posts\/14698","targetHints":{"allow":["GET"]}}],"collection":[{"href":"https:\/\/visionciudadana.com.mx\/oficial\/wp-json\/wp\/v2\/posts"}],"about":[{"href":"https:\/\/visionciudadana.com.mx\/oficial\/wp-json\/wp\/v2\/types\/post"}],"author":[{"embeddable":true,"href":"https:\/\/visionciudadana.com.mx\/oficial\/wp-json\/wp\/v2\/users\/1"}],"replies":[{"embeddable":true,"href":"https:\/\/visionciudadana.com.mx\/oficial\/wp-json\/wp\/v2\/comments?post=14698"}],"version-history":[{"count":1,"href":"https:\/\/visionciudadana.com.mx\/oficial\/wp-json\/wp\/v2\/posts\/14698\/revisions"}],"predecessor-version":[{"id":31527,"href":"https:\/\/visionciudadana.com.mx\/oficial\/wp-json\/wp\/v2\/posts\/14698\/revisions\/31527"}],"wp:featuredmedia":[{"embeddable":true,"href":"https:\/\/visionciudadana.com.mx\/oficial\/wp-json\/wp\/v2\/media\/6398"}],"wp:attachment":[{"href":"https:\/\/visionciudadana.com.mx\/oficial\/wp-json\/wp\/v2\/media?parent=14698"}],"wp:term":[{"taxonomy":"category","embeddable":true,"href":"https:\/\/visionciudadana.com.mx\/oficial\/wp-json\/wp\/v2\/categories?post=14698"},{"taxonomy":"post_tag","embeddable":true,"href":"https:\/\/visionciudadana.com.mx\/oficial\/wp-json\/wp\/v2\/tags?post=14698"},{"taxonomy":"author","embeddable":true,"href":"https:\/\/visionciudadana.com.mx\/oficial\/wp-json\/wp\/v2\/ppma_author?post=14698"}],"curies":[{"name":"wp","href":"https:\/\/api.w.org\/{rel}","templated":true}]}}