{"id":14697,"date":"2021-01-14T00:48:38","date_gmt":"2021-01-14T00:48:38","guid":{"rendered":"https:\/\/visionciudadana.com.mx\/prueba\/2021\/01\/14\/del-13-al-31-de-enero-arranca-proceso-de-registro-y-preinscripciones-en-febrero\/"},"modified":"2025-06-25T00:32:43","modified_gmt":"2025-06-25T00:32:43","slug":"del-13-al-31-de-enero-arranca-proceso-de-registro-y-preinscripciones-en-febrero","status":"publish","type":"post","link":"https:\/\/visionciudadana.com.mx\/oficial\/2021\/01\/14\/del-13-al-31-de-enero-arranca-proceso-de-registro-y-preinscripciones-en-febrero\/","title":{"rendered":"Del 13 al 31 de enero arranca proceso de registro y preinscripciones en febrero"},"content":{"rendered":"<p style=\"text-align: justify;\"><img fetchpriority=\"high\" decoding=\"async\" src=\"images\/Enero2021\/registra_enero.PNG\" alt=\"registra enero\" width=\"410\" height=\"242\" style=\"display: block; margin-left: auto; margin-right: auto;\" \/><\/p>\n<p style=\"text-align: justify;\">&nbsp;<\/p>\n<p class=\"x_MsoNormal\" style=\"text-align: justify;\"><span style=\"font-size: 14pt; font-family: arial, helvetica, sans-serif;\">A partir de este mi\u00e9rcoles 13 y hasta el 31 de enero, padres de familia y\/o tutores podr\u00e1n registrar la informaci\u00f3n de sus hijas e hijos para planear en familia la escuela de educaci\u00f3n b\u00e1sica en la que cursar\u00e1n el nivel b\u00e1sico para el Ciclo Escolar 2021-2022, inform\u00f3 el secretario de Educaci\u00f3n, Juan Alfonso Mej\u00eda L\u00f3pez, durante el arranque del proceso de registro en todo el estado con el lema \u201cme registro en enero, preinscribo en febrero\u201d.<\/span><\/p>\n<p style=\"text-align: justify;\">&nbsp;<\/p>\n<p class=\"x_MsoNormal\" style=\"text-align: justify;\"><span style=\"font-size: 14pt; font-family: arial, helvetica, sans-serif;\">El titular de la Secretar\u00eda de Educaci\u00f3n P\u00fablica y Cultura (SEPyC), inform\u00f3 que hoy se habilit\u00f3 la plataforma&nbsp;<a href=\"http:\/\/preinscripcionessinaloa.gob.mx\/\" target=\"_blank\" rel=\"noopener noreferrer\" data-auth=\"NotApplicable\">preinscripcionessinaloa.gob.mx<\/a>, en la que los usuarios podr\u00e1n elegir hasta cinco escuelas, lo que les facilitar\u00e1 el proceso de Preinscripciones en L\u00ednea, mismo que se realizar\u00e1 en febrero.<\/span><\/p>\n<p style=\"text-align: justify;\">&nbsp;<\/p>\n<p class=\"x_MsoNormal\" style=\"text-align: justify;\"><span style=\"font-size: 14pt; font-family: arial, helvetica, sans-serif;\">\u201c\u2018Me registro en enero, me preinscribo en febrero\u2019 tiene un objetivo: poner el piso m\u00e1s parejo para todas las familias y que las oportunidades para todos y cada uno de los ni\u00f1os sean cada vez m\u00e1s parejas\u201d, dijo.<\/span><\/p>\n<p style=\"text-align: justify;\">&nbsp;<\/p>\n<p class=\"x_MsoNormal\" style=\"text-align: justify;\"><span style=\"font-size: 14pt; font-family: arial, helvetica, sans-serif;\">El titular de SEPyC a\u00f1adi\u00f3 que otra de las ventajas de registrarse es que, a partir de esta informaci\u00f3n se garantiza una mayor comunicaci\u00f3n con los padres de familia y\/o tutores para futuros tr\u00e1mites, entre ellos, el programa de entrega de los uniformes y \u00fatiles escolares.<\/span><\/p>\n<p style=\"text-align: justify;\">&nbsp;<\/p>\n<p class=\"x_MsoNormal\" style=\"text-align: justify;\"><span style=\"font-size: 14pt; font-family: arial, helvetica, sans-serif;\">Con esta plataforma, a\u00f1adi\u00f3, se&nbsp;<b>aseguran espacios<\/b>&nbsp;para atender la demanda educativa en el cien por ciento de las escuelas de la entidad, permite a las familias&nbsp;<b>mayor equidad<\/b>&nbsp;y&nbsp;<b>un piso m\u00e1s parejo<\/b>&nbsp;en el proceso, as\u00ed como tambi\u00e9n&nbsp;<b>facilita<\/b>&nbsp;un acceso directo a todos los servicios educativos digitales (boleta, certificado electr\u00f3nico, entre otros).<\/span><\/p>\n<p style=\"text-align: justify;\">&nbsp;<\/p>\n<p class=\"x_MsoNormal\" style=\"text-align: justify;\"><span style=\"font-size: 14pt; font-family: arial, helvetica, sans-serif;\">Al realizar el tr\u00e1mite de registro durante el mes de febrero, las familias podr\u00e1n concluir el proceso de preinscripci\u00f3n con un solo clic en febrero.<\/span><\/p>\n<p style=\"text-align: justify;\">&nbsp;<\/p>\n<p class=\"x_MsoNormal\" style=\"text-align: justify;\"><span style=\"font-size: 14pt; font-family: arial, helvetica, sans-serif;\">Para el registro es necesario contar con una computadora o dispositivo m\u00f3vil con acceso a internet, un correo electr\u00f3nico personal, e ingresar a la p\u00e1gina&nbsp;<a href=\"http:\/\/preinscripcionessinaloa.gob.mx\/\" target=\"_blank\" rel=\"noopener noreferrer\" data-auth=\"NotApplicable\">preinscripcionessinaloa.gob.mx<\/a>&nbsp;donde deber\u00e1 crear un usuario y posteriormente capturar la informaci\u00f3n del alumno o alumna que ingresar\u00e1 a los primeros grados de preescolar, primaria o secundaria, as\u00ed como los datos del tutor o padre de familia. En el caso de los menores de tres a\u00f1os de edad, estos podr\u00e1n registrarse solo en los preescolares que cuenten con primer grado.&nbsp;<\/span><\/p>\n<p style=\"text-align: justify;\">&nbsp;<\/p>\n<p class=\"x_MsoNormal\" style=\"text-align: justify;\"><span style=\"font-size: 14pt; font-family: arial, helvetica, sans-serif;\">La plataforma estar\u00e1 disponible durante 19 d\u00edas, las 24 horas del d\u00eda. Se contar\u00e1 con un call center en el tel\u00e9fono (667) 846-42-40, que operar\u00e1 de lunes a viernes, en un horario de 08:00 a 15:00 horas. Tambi\u00e9n se tendr\u00e1n unidades de apoyo en las instalaciones de SEPyC, as\u00ed como los Servicios Regionales en todos los municipios, consulta las sedes en la p\u00e1gina&nbsp;<a href=\"http:\/\/preinscripciones.gob.mx\/\" target=\"_blank\" rel=\"noopener noreferrer\" data-auth=\"NotApplicable\">preinscripciones.gob.mx<\/a>.<\/span><\/p>\n<p style=\"text-align: justify;\">&nbsp;<\/p>\n<p class=\"x_MsoNormal\" style=\"text-align: justify;\"><span style=\"font-size: 14pt; font-family: arial, helvetica, sans-serif;\">En la primera edici\u00f3n de la etapa de registro, durante 2020, se logr\u00f3 la preinscripci\u00f3n de 7 mil 249 ni\u00f1os y ni\u00f1as con un solo clic. Con esta estrategia, se estableci\u00f3 un tiempo r\u00e9cord de 20 segundos para completar una preinscripci\u00f3n mientras que, de manera tradicional, esta se lograba en un m\u00ednimo de un minuto con 20 segundos.<\/span><\/p>\n<p style=\"text-align: justify;\">&nbsp;<\/p>\n<p class=\"x_MsoNormal\" style=\"text-align: justify;\"><span style=\"font-size: 14pt; font-family: arial, helvetica, sans-serif;\">Finalmente, Mej\u00eda L\u00f3pez enfatiz\u00f3 que \u201cregistrar no es preinscribir\u201d, pues el registro no garantiza la preinscripci\u00f3n, pero s\u00ed facilita y agiliza el tr\u00e1mite durante el mes de febrero.<\/span><\/p>\n<p style=\"text-align: justify;\">&nbsp;<\/p>\n<p style=\"text-align: justify;\">&nbsp;<\/p>\n<p style=\"text-align: justify;\"><span style=\"font-size: 14pt; font-family: arial, helvetica, sans-serif;\">REDACCI\u00d3N\/VISI\u00d3N CIUDADANA.<\/span><\/p>\n","protected":false},"excerpt":{"rendered":"<p>&nbsp; A partir de este mi\u00e9rcoles 13 y hasta el 31 de enero, padres de familia y\/o tutores podr\u00e1n registrar la informaci\u00f3n de sus hijas e hijos para planear en familia la escuela de educaci\u00f3n b\u00e1sica en la que cursar\u00e1n el nivel b\u00e1sico para el Ciclo Escolar 2021-2022, inform\u00f3 el secretario de Educaci\u00f3n, Juan Alfonso [&hellip;]<\/p>\n","protected":false},"author":1,"featured_media":6396,"comment_status":"closed","ping_status":"closed","sticky":false,"template":"","format":"standard","meta":{"footnotes":""},"categories":[24],"tags":[],"ppma_author":[31],"class_list":["post-14697","post","type-post","status-publish","format-standard","has-post-thumbnail","hentry","category-relevantes"],"aioseo_notices":[],"authors":[{"term_id":31,"user_id":1,"is_guest":0,"slug":"ivan3vino","display_name":"Iv\u00e1n Trevi\u00f1o","avatar_url":{"url":"https:\/\/visionciudadana.com.mx\/oficial\/wp-content\/uploads\/2025\/09\/columna-ivan-Trevino.png","url2x":"https:\/\/visionciudadana.com.mx\/oficial\/wp-content\/uploads\/2025\/09\/columna-ivan-Trevino.png"},"0":null,"1":"","2":"","3":"","4":"","5":"","6":"","7":"","8":""}],"_links":{"self":[{"href":"https:\/\/visionciudadana.com.mx\/oficial\/wp-json\/wp\/v2\/posts\/14697","targetHints":{"allow":["GET"]}}],"collection":[{"href":"https:\/\/visionciudadana.com.mx\/oficial\/wp-json\/wp\/v2\/posts"}],"about":[{"href":"https:\/\/visionciudadana.com.mx\/oficial\/wp-json\/wp\/v2\/types\/post"}],"author":[{"embeddable":true,"href":"https:\/\/visionciudadana.com.mx\/oficial\/wp-json\/wp\/v2\/users\/1"}],"replies":[{"embeddable":true,"href":"https:\/\/visionciudadana.com.mx\/oficial\/wp-json\/wp\/v2\/comments?post=14697"}],"version-history":[{"count":1,"href":"https:\/\/visionciudadana.com.mx\/oficial\/wp-json\/wp\/v2\/posts\/14697\/revisions"}],"predecessor-version":[{"id":31528,"href":"https:\/\/visionciudadana.com.mx\/oficial\/wp-json\/wp\/v2\/posts\/14697\/revisions\/31528"}],"wp:featuredmedia":[{"embeddable":true,"href":"https:\/\/visionciudadana.com.mx\/oficial\/wp-json\/wp\/v2\/posts\/6396"}],"wp:attachment":[{"href":"https:\/\/visionciudadana.com.mx\/oficial\/wp-json\/wp\/v2\/media?parent=14697"}],"wp:term":[{"taxonomy":"category","embeddable":true,"href":"https:\/\/visionciudadana.com.mx\/oficial\/wp-json\/wp\/v2\/categories?post=14697"},{"taxonomy":"post_tag","embeddable":true,"href":"https:\/\/visionciudadana.com.mx\/oficial\/wp-json\/wp\/v2\/tags?post=14697"},{"taxonomy":"author","embeddable":true,"href":"https:\/\/visionciudadana.com.mx\/oficial\/wp-json\/wp\/v2\/ppma_author?post=14697"}],"curies":[{"name":"wp","href":"https:\/\/api.w.org\/{rel}","templated":true}]}}