{"id":14696,"date":"2021-01-14T00:36:13","date_gmt":"2021-01-14T00:36:13","guid":{"rendered":"https:\/\/visionciudadana.com.mx\/prueba\/2021\/01\/14\/provoca-la-pandemia-un-aumento-en-el-numero-de-casos-de-depresion\/"},"modified":"2025-06-25T00:32:43","modified_gmt":"2025-06-25T00:32:43","slug":"provoca-la-pandemia-un-aumento-en-el-numero-de-casos-de-depresion","status":"publish","type":"post","link":"https:\/\/visionciudadana.com.mx\/oficial\/2021\/01\/14\/provoca-la-pandemia-un-aumento-en-el-numero-de-casos-de-depresion\/","title":{"rendered":"Provoca la pandemia un aumento en el n\u00famero de casos de depresi\u00f3n"},"content":{"rendered":"<p style=\"text-align: justify;\"><b><br \/><span style=\"font-size: 14pt; font-family: arial, helvetica, sans-serif;\"><\/span><\/b><\/p>\n<p><img fetchpriority=\"high\" decoding=\"async\" src=\"images\/Enero2021\/provoca_pandemia.PNG\" alt=\"provoca pandemia\" width=\"388\" height=\"228\" style=\"display: block; margin-left: auto; margin-right: auto;\" \/><\/p>\n<p class=\"x_MsoNormal\" style=\"text-align: justify;\"><span style=\"font-size: 14pt; font-family: arial, helvetica, sans-serif;\">Todos estamos expuestos a sufrir de depresi\u00f3n, trastorno que, a causa de la pandemia, ha incrementado considerablemente el porcentaje de personas que la padecen, inform\u00f3 el psic\u00f3logo universitario, Pa\u00fal Antonio Carl\u00f3n Garc\u00eda.<\/span><\/p>\n<p style=\"text-align: justify;\">&nbsp;<\/p>\n<p class=\"x_MsoNormal\" style=\"text-align: justify;\"><span style=\"font-size: 14pt; font-family: arial, helvetica, sans-serif;\">En el marco del D\u00eda Mundial de Lucha contra la Depresi\u00f3n, el docente de la Facultad de Psicolog\u00eda de la Universidad Aut\u00f3noma de Sinaloa (UAS), se\u00f1al\u00f3 que, en los \u00faltimos meses, este problema de salud p\u00fablica mundial ha aumentado el n\u00famero de casos en personas que sufren de este trastorno mental en un 50 por ciento.<\/span><\/p>\n<p style=\"text-align: justify;\">&nbsp;<\/p>\n<p class=\"x_MsoNormal\" style=\"text-align: justify;\"><span style=\"font-size: 14pt; font-family: arial, helvetica, sans-serif;\">\u201cAntes de la pandemia el cuatro por ciento de las personas a nivel mundial padec\u00edan depresi\u00f3n y esto ha aumentado m\u00ednimo a un ocho por ciento con la pandemia\u201d, indic\u00f3.<\/span><\/p>\n<p style=\"text-align: justify;\">&nbsp;<\/p>\n<p class=\"x_MsoNormal\" style=\"text-align: justify;\"><span style=\"font-size: 14pt; font-family: arial, helvetica, sans-serif;\">Explic\u00f3 que la persona que sufre de depresi\u00f3n llega a experimentar sentimientos de tristeza, tiene p\u00e9rdida de inter\u00e9s o de placer por algunas actividades que antes le generaban a la persona alegr\u00eda y satisfacci\u00f3n, trastorno en el sue\u00f1o y\/o de alimentaci\u00f3n, as\u00ed como aislamiento social.<\/span><\/p>\n<p style=\"text-align: justify;\">&nbsp;<\/p>\n<p class=\"x_MsoNormal\" style=\"text-align: justify;\"><span style=\"font-size: 14pt; font-family: arial, helvetica, sans-serif;\">\u201cLa persona puede que se aparte o tenga ahora una tendencia asocial. Pueden presentarse sentimientos de culpabilidad, evidentemente la autoestima tambi\u00e9n se puede ver impactada de manera desfavorable\u201d, puntualiz\u00f3.<\/span><\/p>\n<p style=\"text-align: justify;\">&nbsp;<\/p>\n<p class=\"x_MsoNormal\" style=\"text-align: justify;\"><span style=\"font-size: 14pt; font-family: arial, helvetica, sans-serif;\">De igual manera, mencion\u00f3 que cualquier persona es susceptible a experimentar o padecer este trastorno, pero que este se presenta de manera m\u00e1s frecuente en mujeres, j\u00f3venes y ancianos.<\/span><\/p>\n<p style=\"text-align: justify;\">&nbsp;<\/p>\n<p class=\"x_MsoNormal\" style=\"text-align: justify;\"><span style=\"font-size: 14pt; font-family: arial, helvetica, sans-serif;\">En ese sentido, opin\u00f3 que estos sectores poblacionales tienen menos recursos o herramientas que les permita poder afrontar cualquier tipo de situaci\u00f3n conflictiva, sin embargo, dijo, no existe un dato que precise el por qu\u00e9 son m\u00e1s susceptibles.<\/span><\/p>\n<p style=\"text-align: justify;\">&nbsp;<\/p>\n<p class=\"x_MsoNormal\" style=\"text-align: justify;\"><span style=\"font-size: 14pt; font-family: arial, helvetica, sans-serif;\">\u201cAunque nos estamos adaptando a esta nueva normalidad, todos estamos expuestos en alg\u00fan momento a tener o a padecer algunos s\u00edntomas depresivos o la depresi\u00f3n\u201d, subray\u00f3.<\/span><\/p>\n<p style=\"text-align: justify;\">&nbsp;<\/p>\n<p class=\"x_MsoNormal\" style=\"text-align: justify;\"><span style=\"font-size: 14pt; font-family: arial, helvetica, sans-serif;\">El especialista en psicoterapia human\u00edstica, manifest\u00f3 que en la mayor\u00eda de las ocasiones ignoramos que tenemos un problema o un conflicto, haciendo que este se agrave, por ello, recomend\u00f3 hacer frente a cualquier tipo de situaci\u00f3n.<\/span><\/p>\n<p style=\"text-align: justify;\">&nbsp;<\/p>\n<p class=\"x_MsoNormal\" style=\"text-align: justify;\"><span style=\"font-size: 14pt; font-family: arial, helvetica, sans-serif;\">\u201cSi las personas enfrentamos lo que sea, nuestra tristeza, lo que est\u00e9 generando nuestros conflictos, en ese momento lo vamos a resolver. Si lo evadimos y lo evitamos, las conductas de trastornos que tienen que ver con la depresi\u00f3n van a aumentar, entonces, aqu\u00ed la clave es enfrentar\u201d, enfatiz\u00f3.<\/span><\/p>\n<p style=\"text-align: justify;\">&nbsp;<\/p>\n<p class=\"x_MsoNormal\" style=\"text-align: justify;\"><span style=\"font-size: 14pt; font-family: arial, helvetica, sans-serif;\">Otras de las recomendaciones que hizo para no caer en un problema depresivo son: practicar alguna actividad f\u00edsica, leer y mantener pensamientos positivos.<\/span><\/p>\n<p style=\"text-align: justify;\">&nbsp;<\/p>\n<p class=\"x_MsoNormal\" style=\"text-align: justify;\"><span style=\"font-size: 14pt; font-family: arial, helvetica, sans-serif;\">Por \u00faltimo, Carl\u00f3n Garc\u00eda, dijo que en caso de que la persona presente un trastorno depresivo mayor, es importante solicitar la ayuda de un profesional de la salud mental.<\/span><\/p>\n<p style=\"text-align: justify;\">&nbsp;<\/p>\n<p class=\"x_MsoNormal\" style=\"text-align: justify;\"><span style=\"font-size: 14pt; font-family: arial, helvetica, sans-serif;\">\u201cEstamos viviendo momentos muy complicados y sumamente complejos y este es el momento, quiz\u00e1s que tenemos como un \u00e1rea de oportunidad y de crecimiento para poder desarrollarnos m\u00e1s y desarrollar nuestra capacidad emp\u00e1tica con la otredad, entendida la otredad como la existencia de los dem\u00e1s. Estrechar estos afectos mediante la empat\u00eda ser\u00eda muy ben\u00e9fico para todos nosotros\u201d, concluy\u00f3.<\/span><\/p>\n<p style=\"text-align: justify;\">&nbsp;<\/p>\n<p style=\"text-align: justify;\">&nbsp;<\/p>\n<p style=\"text-align: justify;\"><span style=\"font-size: 14pt; font-family: arial, helvetica, sans-serif;\">REDACCI\u00d3N\/VISI\u00d3N CIUDADANA.<\/span><\/p>\n","protected":false},"excerpt":{"rendered":"<p>Todos estamos expuestos a sufrir de depresi\u00f3n, trastorno que, a causa de la pandemia, ha incrementado considerablemente el porcentaje de personas que la padecen, inform\u00f3 el psic\u00f3logo universitario, Pa\u00fal Antonio Carl\u00f3n Garc\u00eda. &nbsp; En el marco del D\u00eda Mundial de Lucha contra la Depresi\u00f3n, el docente de la Facultad de Psicolog\u00eda de la Universidad Aut\u00f3noma [&hellip;]<\/p>\n","protected":false},"author":1,"featured_media":6394,"comment_status":"closed","ping_status":"closed","sticky":false,"template":"","format":"standard","meta":{"footnotes":""},"categories":[24],"tags":[],"ppma_author":[31],"class_list":["post-14696","post","type-post","status-publish","format-standard","has-post-thumbnail","hentry","category-relevantes"],"aioseo_notices":[],"authors":[{"term_id":31,"user_id":1,"is_guest":0,"slug":"ivan3vino","display_name":"Iv\u00e1n Trevi\u00f1o","avatar_url":{"url":"https:\/\/visionciudadana.com.mx\/oficial\/wp-content\/uploads\/2025\/09\/columna-ivan-Trevino.png","url2x":"https:\/\/visionciudadana.com.mx\/oficial\/wp-content\/uploads\/2025\/09\/columna-ivan-Trevino.png"},"0":null,"1":"","2":"","3":"","4":"","5":"","6":"","7":"","8":""}],"_links":{"self":[{"href":"https:\/\/visionciudadana.com.mx\/oficial\/wp-json\/wp\/v2\/posts\/14696","targetHints":{"allow":["GET"]}}],"collection":[{"href":"https:\/\/visionciudadana.com.mx\/oficial\/wp-json\/wp\/v2\/posts"}],"about":[{"href":"https:\/\/visionciudadana.com.mx\/oficial\/wp-json\/wp\/v2\/types\/post"}],"author":[{"embeddable":true,"href":"https:\/\/visionciudadana.com.mx\/oficial\/wp-json\/wp\/v2\/users\/1"}],"replies":[{"embeddable":true,"href":"https:\/\/visionciudadana.com.mx\/oficial\/wp-json\/wp\/v2\/comments?post=14696"}],"version-history":[{"count":1,"href":"https:\/\/visionciudadana.com.mx\/oficial\/wp-json\/wp\/v2\/posts\/14696\/revisions"}],"predecessor-version":[{"id":31529,"href":"https:\/\/visionciudadana.com.mx\/oficial\/wp-json\/wp\/v2\/posts\/14696\/revisions\/31529"}],"wp:featuredmedia":[{"embeddable":true,"href":"https:\/\/visionciudadana.com.mx\/oficial\/wp-json\/wp\/v2\/posts\/6394"}],"wp:attachment":[{"href":"https:\/\/visionciudadana.com.mx\/oficial\/wp-json\/wp\/v2\/media?parent=14696"}],"wp:term":[{"taxonomy":"category","embeddable":true,"href":"https:\/\/visionciudadana.com.mx\/oficial\/wp-json\/wp\/v2\/categories?post=14696"},{"taxonomy":"post_tag","embeddable":true,"href":"https:\/\/visionciudadana.com.mx\/oficial\/wp-json\/wp\/v2\/tags?post=14696"},{"taxonomy":"author","embeddable":true,"href":"https:\/\/visionciudadana.com.mx\/oficial\/wp-json\/wp\/v2\/ppma_author?post=14696"}],"curies":[{"name":"wp","href":"https:\/\/api.w.org\/{rel}","templated":true}]}}