{"id":14695,"date":"2021-01-14T00:29:44","date_gmt":"2021-01-14T00:29:44","guid":{"rendered":"https:\/\/visionciudadana.com.mx\/prueba\/2021\/01\/14\/con-donacion-de-edificio-foraleceran-ejecutivo-y-legislativo-a-ceaip\/"},"modified":"2025-06-25T00:32:43","modified_gmt":"2025-06-25T00:32:43","slug":"con-donacion-de-edificio-foraleceran-ejecutivo-y-legislativo-a-ceaip","status":"publish","type":"post","link":"https:\/\/visionciudadana.com.mx\/oficial\/2021\/01\/14\/con-donacion-de-edificio-foraleceran-ejecutivo-y-legislativo-a-ceaip\/","title":{"rendered":"Con donaci\u00f3n de edificio, foralecer\u00e1n Ejecutivo y Legislativo a Ceaip"},"content":{"rendered":"<p style=\"text-align: justify;\"><img fetchpriority=\"high\" decoding=\"async\" src=\"images\/Enero2021\/donaci\u00f3n_ceaip.PNG\" alt=\"donaci\u00f3n ceaip\" width=\"418\" height=\"236\" style=\"display: block; margin-left: auto; margin-right: auto;\" \/><\/p>\n<p class=\"x_MsoNormal\" style=\"text-align: justify;\" align=\"center\"><span style=\"font-size: 14pt; font-family: arial, helvetica, sans-serif;\">La propuesta de entregar en donaci\u00f3n a la Ceaip el edificio que actualmente ocupa, fortalece tanto el patrimonio del \u00f3rgano garante como las labores de transparencia que se realizan en Sinaloa, sostuvo Jos\u00e9 Alfredo Beltr\u00e1n Estrada.<\/span><\/p>\n<p style=\"text-align: justify;\">&nbsp;<\/p>\n<p class=\"x_MsoNormal\" style=\"text-align: justify;\"><span style=\"font-size: 14pt; font-family: arial, helvetica, sans-serif;\">El Presidente de la Comisi\u00f3n Estatal para el Acceso a la Informaci\u00f3n P\u00fablica abund\u00f3 que esta acci\u00f3n otorga un blindaje al \u00f3rgano garante, ofrece mayor certidumbre y pinta un escenario institucional m\u00e1s favorable dada la dif\u00edcil situaci\u00f3n actual que se vive.<\/span><\/p>\n<p style=\"text-align: justify;\">&nbsp;<\/p>\n<p class=\"x_MsoNormal\" style=\"text-align: justify;\"><span style=\"font-size: 14pt; font-family: arial, helvetica, sans-serif;\">Con fecha del 25 de noviembre del 2019, el Pleno de Ceaip present\u00f3 ante Gobierno del Estado de Sinaloa el documento CEA-PRES.31\/2019 firmado por el Comisionado Presidente, en el que solicita la donaci\u00f3n de la superficie de terreno y la construcci\u00f3n donde actualmente se encuentran las instalaciones del \u00f3rgano de transparencia.<\/span><\/p>\n<p style=\"text-align: justify;\">&nbsp;<\/p>\n<p class=\"x_MsoNormal\" style=\"text-align: justify;\"><span style=\"font-size: 14pt; font-family: arial, helvetica, sans-serif;\">Este martes en Sesi\u00f3n de Pleno, los Diputados de la 63 Legislatura dieron lectura al Decreto de donaci\u00f3n del terreno e inmueble que ocupa actualmente la Ceaip.<\/span><\/p>\n<p style=\"text-align: justify;\">&nbsp;<\/p>\n<p class=\"x_MsoNormal\" style=\"text-align: justify;\"><span style=\"font-size: 14pt; font-family: arial, helvetica, sans-serif;\">La propuesta de enajenaci\u00f3n a t\u00edtulo de donaci\u00f3n gratuita a favor de Ceaip, fue enviada por el Gobernador del Estado, Quirino Ordaz Coppel.<\/span><\/p>\n<p style=\"text-align: justify;\">&nbsp;<\/p>\n<p class=\"x_MsoNormal\" style=\"text-align: justify;\"><span style=\"font-size: 14pt; font-family: arial, helvetica, sans-serif;\">\u201cEn este sentido va todo nuestro reconocimiento al titular del Poder Ejecutivo y tambi\u00e9n, a los Diputados y Diputadas integrantes de la 63 Legislatura, que acompa\u00f1aron, y que han acompa\u00f1ado tambi\u00e9n este esfuerzo\u201d, expres\u00f3 Beltr\u00e1n Estrada.<\/span><\/p>\n<p style=\"text-align: justify;\">&nbsp;<\/p>\n<p class=\"x_MsoNormal\" style=\"text-align: justify;\"><span style=\"font-size: 14pt; font-family: arial, helvetica, sans-serif;\">Por su parte la Comisionada Rosa del Carmen Liz\u00e1rraga F\u00e9lix dijo que es muy satisfactorio ver cristalizado el esfuerzo que iniciaron desde hace a\u00f1os en este sentido.<\/span><\/p>\n<p style=\"text-align: justify;\">&nbsp;<\/p>\n<p class=\"x_MsoNormal\" style=\"text-align: justify;\"><span style=\"font-size: 14pt; font-family: arial, helvetica, sans-serif;\">Agradeci\u00f3 al gobernador el inter\u00e9s de impulsar el quehacer que d\u00eda a d\u00eda realiza el \u00f3rgano de transparencia.<\/span><\/p>\n<p style=\"text-align: justify;\">&nbsp;<\/p>\n<p class=\"x_MsoNormal\" style=\"text-align: justify;\"><span style=\"font-size: 14pt; font-family: arial, helvetica, sans-serif;\">Las instalaciones de Ceaip constan de dos plantas y estacionamiento y se encuentran en el Desarrollo Urbano Tres R\u00edos, en Culiac\u00e1n, Sinaloa. Se ubican en una superficie de 890 metros cuadrados, con 1096 metros cuadrados de construcci\u00f3n.<\/span><\/p>\n<p style=\"text-align: justify;\">&nbsp;<\/p>\n<p class=\"x_MsoNormal\" style=\"text-align: justify;\"><span style=\"font-size: 14pt; font-family: arial, helvetica, sans-serif;\">Fueron construidas en su totalidad por el Gobierno del Estado desde el 2018 y entregadas bajo el esquema de comodato en octubre de 2019.&nbsp;&nbsp;<\/span><\/p>\n<p style=\"text-align: justify;\">&nbsp;<\/p>\n<p style=\"text-align: justify;\"><span style=\"font-size: 14pt; font-family: arial, helvetica, sans-serif;\">REDACCI\u00d3N\/VISI\u00d3N CIUDADANA.<\/span><\/p>\n","protected":false},"excerpt":{"rendered":"<p>La propuesta de entregar en donaci\u00f3n a la Ceaip el edificio que actualmente ocupa, fortalece tanto el patrimonio del \u00f3rgano garante como las labores de transparencia que se realizan en Sinaloa, sostuvo Jos\u00e9 Alfredo Beltr\u00e1n Estrada. &nbsp; El Presidente de la Comisi\u00f3n Estatal para el Acceso a la Informaci\u00f3n P\u00fablica abund\u00f3 que esta acci\u00f3n otorga [&hellip;]<\/p>\n","protected":false},"author":1,"featured_media":6392,"comment_status":"closed","ping_status":"closed","sticky":false,"template":"","format":"standard","meta":{"footnotes":""},"categories":[13],"tags":[],"ppma_author":[31],"class_list":["post-14695","post","type-post","status-publish","format-standard","has-post-thumbnail","hentry","category-locales"],"aioseo_notices":[],"authors":[{"term_id":31,"user_id":1,"is_guest":0,"slug":"ivan3vino","display_name":"Iv\u00e1n Trevi\u00f1o","avatar_url":{"url":"https:\/\/visionciudadana.com.mx\/oficial\/wp-content\/uploads\/2025\/09\/columna-ivan-Trevino.png","url2x":"https:\/\/visionciudadana.com.mx\/oficial\/wp-content\/uploads\/2025\/09\/columna-ivan-Trevino.png"},"0":null,"1":"","2":"","3":"","4":"","5":"","6":"","7":"","8":""}],"_links":{"self":[{"href":"https:\/\/visionciudadana.com.mx\/oficial\/wp-json\/wp\/v2\/posts\/14695","targetHints":{"allow":["GET"]}}],"collection":[{"href":"https:\/\/visionciudadana.com.mx\/oficial\/wp-json\/wp\/v2\/posts"}],"about":[{"href":"https:\/\/visionciudadana.com.mx\/oficial\/wp-json\/wp\/v2\/types\/post"}],"author":[{"embeddable":true,"href":"https:\/\/visionciudadana.com.mx\/oficial\/wp-json\/wp\/v2\/users\/1"}],"replies":[{"embeddable":true,"href":"https:\/\/visionciudadana.com.mx\/oficial\/wp-json\/wp\/v2\/comments?post=14695"}],"version-history":[{"count":1,"href":"https:\/\/visionciudadana.com.mx\/oficial\/wp-json\/wp\/v2\/posts\/14695\/revisions"}],"predecessor-version":[{"id":31530,"href":"https:\/\/visionciudadana.com.mx\/oficial\/wp-json\/wp\/v2\/posts\/14695\/revisions\/31530"}],"wp:featuredmedia":[{"embeddable":true,"href":"https:\/\/visionciudadana.com.mx\/oficial\/wp-json\/wp\/v2\/posts\/6392"}],"wp:attachment":[{"href":"https:\/\/visionciudadana.com.mx\/oficial\/wp-json\/wp\/v2\/media?parent=14695"}],"wp:term":[{"taxonomy":"category","embeddable":true,"href":"https:\/\/visionciudadana.com.mx\/oficial\/wp-json\/wp\/v2\/categories?post=14695"},{"taxonomy":"post_tag","embeddable":true,"href":"https:\/\/visionciudadana.com.mx\/oficial\/wp-json\/wp\/v2\/tags?post=14695"},{"taxonomy":"author","embeddable":true,"href":"https:\/\/visionciudadana.com.mx\/oficial\/wp-json\/wp\/v2\/ppma_author?post=14695"}],"curies":[{"name":"wp","href":"https:\/\/api.w.org\/{rel}","templated":true}]}}