{"id":14686,"date":"2021-01-12T02:23:36","date_gmt":"2021-01-12T02:23:36","guid":{"rendered":"https:\/\/visionciudadana.com.mx\/prueba\/2021\/01\/12\/estamos-trabajando-en-el-tema-de-la-vacuna-contra-covid-que-prontamente-se-tendra-en-sinaloa-efren-encinas\/"},"modified":"2025-06-25T00:32:43","modified_gmt":"2025-06-25T00:32:43","slug":"estamos-trabajando-en-el-tema-de-la-vacuna-contra-covid-que-prontamente-se-tendra-en-sinaloa-efren-encinas","status":"publish","type":"post","link":"https:\/\/visionciudadana.com.mx\/oficial\/2021\/01\/12\/estamos-trabajando-en-el-tema-de-la-vacuna-contra-covid-que-prontamente-se-tendra-en-sinaloa-efren-encinas\/","title":{"rendered":"Estamos trabajando en el tema de la vacuna contra Covid, que prontamente se tendr\u00e1 en Sinaloa: Efr\u00e9n Encinas"},"content":{"rendered":"<p style=\"text-align: justify;\"><img fetchpriority=\"high\" decoding=\"async\" src=\"images\/Enero2021\/vacuna_sinaloa.PNG\" alt=\"vacuna sinaloa\" width=\"391\" height=\"248\" style=\"display: block; margin-left: auto; margin-right: auto;\" \/><\/p>\n<p style=\"text-align: justify;\"><span style=\"font-size: 14pt; font-family: arial, helvetica, sans-serif;\">El Gobierno del Estado de Sinaloa a trav\u00e9s de la Secretar\u00eda de Salud se encuentra preparando la log\u00edstica a implementar ante el pronto arribo de las vacunas contra el COVID-19 para ser aplicadas al personal de salud en una primera etapa.<\/span><\/p>\n<p style=\"text-align: justify;\">&nbsp;<\/p>\n<p class=\"x_MsoNormal\" style=\"text-align: justify;\"><span style=\"font-size: 14pt; font-family: arial, helvetica, sans-serif;\">El Secretario de Salud y titular de los Servicios de Salud de Sinaloa, Dr. Efr\u00e9n Encinas Torres, afirm\u00f3 que todos los d\u00edas se ha estado trabajando y revisando a detalle los procedimientos y protocolos a seguir una vez que llegue la vacuna contra el COVID-19 a la entidad, lo cual asegur\u00f3 ser\u00e1 en los pr\u00f3ximos d\u00edas y se estar\u00e1 informando a toda la poblaci\u00f3n.<\/span><\/p>\n<p style=\"text-align: justify;\">&nbsp;<\/p>\n<p class=\"x_MsoNormal\" style=\"text-align: justify;\"><span style=\"font-size: 14pt; font-family: arial, helvetica, sans-serif;\">\u201cEstamos trabajando en el tema de la vacuna contra el COVID-19, prontamente la tendremos ya en Sinaloa para aplicarse como todos sabemos primeramente al personal trabajador de salud atendiendo precisamente a quienes demandan la atenci\u00f3n de esta enfermedad que ha sido una calamidad por la pandemia que implica, estamos prepar\u00e1ndonos con toda la log\u00edstica como siempre lo hemos se\u00f1alado, recientemente acabamos de tener una reuni\u00f3n de manejo en espec\u00edfico revisando la metodolog\u00eda, contraindicaciones de la misma un \u00e1rea de valoraci\u00f3n, un triage, donde se va a determinar llenando alg\u00fan documento, una revisi\u00f3n, el candidato a la vacuna, no se preocupen por ello, ser\u00e1 debidamente elaborado y evaluado para que el desarrollo de la misma sea como es, atendiendo siempre la salud de Sinaloa\u201d, apunt\u00f3.<\/span><\/p>\n<p style=\"text-align: justify;\">&nbsp;<\/p>\n<p class=\"x_MsoNormal\" style=\"text-align: justify;\"><span style=\"font-size: 14pt; font-family: arial, helvetica, sans-serif;\">La vacunaci\u00f3n a personal de salud de la primera l\u00ednea de atenci\u00f3n a casos de COVID-19 en hospitales se realizar\u00e1 en este orden de prioridad:<\/span><\/p>\n<p class=\"x_MsoNormal\" style=\"text-align: justify;\"><span style=\"font-size: 14pt; font-family: arial, helvetica, sans-serif;\">1.&nbsp;&nbsp;&nbsp;&nbsp;&nbsp;&nbsp;&nbsp;&nbsp; Enfermeras<\/span><\/p>\n<p class=\"x_MsoNormal\" style=\"text-align: justify;\"><span style=\"font-size: 14pt; font-family: arial, helvetica, sans-serif;\">2.&nbsp;&nbsp;&nbsp;&nbsp;&nbsp;&nbsp;&nbsp;&nbsp; Inhaloterapeuta<\/span><\/p>\n<p class=\"x_MsoNormal\" style=\"text-align: justify;\"><span style=\"font-size: 14pt; font-family: arial, helvetica, sans-serif;\">3.&nbsp;&nbsp;&nbsp;&nbsp;&nbsp;&nbsp;&nbsp;&nbsp; M\u00e9dicos<\/span><\/p>\n<p class=\"x_MsoNormal\" style=\"text-align: justify;\"><span style=\"font-size: 14pt; font-family: arial, helvetica, sans-serif;\">4.&nbsp;&nbsp;&nbsp;&nbsp;&nbsp;&nbsp;&nbsp;&nbsp; Laboratoristas \/ Qu\u00edmicos<\/span><\/p>\n<p class=\"x_MsoNormal\" style=\"text-align: justify;\"><span style=\"font-size: 14pt; font-family: arial, helvetica, sans-serif;\">5.&nbsp;&nbsp;&nbsp;&nbsp;&nbsp;&nbsp;&nbsp;&nbsp; T\u00e9cnico Radi\u00f3logo<\/span><\/p>\n<p class=\"x_MsoNormal\" style=\"text-align: justify;\"><span style=\"font-size: 14pt; font-family: arial, helvetica, sans-serif;\">6.&nbsp;&nbsp;&nbsp;&nbsp;&nbsp;&nbsp;&nbsp;&nbsp; Camillero<\/span><\/p>\n<p class=\"x_MsoNormal\" style=\"text-align: justify;\"><span style=\"font-size: 14pt; font-family: arial, helvetica, sans-serif;\">7.&nbsp;&nbsp;&nbsp;&nbsp;&nbsp;&nbsp;&nbsp;&nbsp; Limpieza e higiene<\/span><\/p>\n<p class=\"x_MsoNormal\" style=\"text-align: justify;\"><span style=\"font-size: 14pt; font-family: arial, helvetica, sans-serif;\">8.&nbsp;&nbsp;&nbsp;&nbsp;&nbsp;&nbsp;&nbsp;&nbsp; Personal de ambulancia<\/span><\/p>\n<p class=\"x_MsoNormal\" style=\"text-align: justify;\"><span style=\"font-size: 14pt; font-family: arial, helvetica, sans-serif;\">9.&nbsp;&nbsp;&nbsp;&nbsp;&nbsp;&nbsp;&nbsp;&nbsp; Manejador de alimentos<\/span><\/p>\n<p class=\"x_MsoNormal\" style=\"text-align: justify;\"><span style=\"font-size: 14pt; font-family: arial, helvetica, sans-serif;\">10.&nbsp;&nbsp;&nbsp;&nbsp;&nbsp; Asistente m\u00e9dica<\/span><\/p>\n<p class=\"x_MsoNormal\" style=\"text-align: justify;\"><span style=\"font-size: 14pt; font-family: arial, helvetica, sans-serif;\">11.&nbsp;&nbsp;&nbsp;&nbsp;&nbsp; Trabajo social<\/span><\/p>\n<p class=\"x_MsoNormal\" style=\"text-align: justify;\"><span style=\"font-size: 14pt; font-family: arial, helvetica, sans-serif;\">*Incluye personal pasante, de confianza y eventuales.<\/span><\/p>\n<p>&nbsp;<\/p>\n<p class=\"x_MsoNormal\" style=\"text-align: justify;\"><span style=\"font-size: 14pt; font-family: arial, helvetica, sans-serif;\">Entre otras especificaciones a la hora de vacunarse contra el COVID-19 es preciso destacar que las mujeres que lactan a su beb\u00e9 pueden vacunarse y no se requiere suspender la lactancia antes o despu\u00e9s de la vacunaci\u00f3n. Considerando que la vacuna no contiene virus en su composici\u00f3n; a\u00fan en los casos en que la madre tiene un cuadro cl\u00ednico activo de COVID-19, la OMS ha recomendado mantener la lactancia materna; la COFEPRIS no incluye a la lactancia como contraindicaci\u00f3n para vacunarse.<\/span><\/p>\n<p style=\"text-align: justify;\">&nbsp;<\/p>\n<p class=\"x_MsoNormal\" style=\"text-align: justify;\"><span style=\"font-size: 14pt; font-family: arial, helvetica, sans-serif;\">Asimismo, la vacuna mRNA\/BioNTech BNTI62b2 no contiene virus atenuados ni inactivados por lo que es una vacuna potencialmente segura, sin embargo, la respuesta inmune a la vacunaci\u00f3n podr\u00eda ser inferior a la presentada por personas inmunocompetentes, es decir, personas con inmunosupresi\u00f3n.<\/span><\/p>\n<p style=\"text-align: justify;\">&nbsp;<\/p>\n<p class=\"x_MsoNormal\" style=\"text-align: justify;\"><span style=\"font-size: 14pt; font-family: arial, helvetica, sans-serif;\">Las contraindicaciones van para las personas que recientemente se enfermaron de COVID-19 y que a\u00fan no se recuperan (menos de 14 d\u00edas sin s\u00edntomas); personas con antecedentes de alergia grave (tipo reacci\u00f3n anafil\u00e1ctica); personas que han recibido en los 3 meses previos al d\u00eda de la vacunaci\u00f3n: transfusi\u00f3n sangu\u00ednea, hemoderivados conteniendo anticuerpos, tratamiento con plasma o anticuerpos monocionales contra COVID-19.<\/span><\/p>\n<p style=\"text-align: justify;\">&nbsp;<\/p>\n<p class=\"x_MsoNormal\" style=\"text-align: justify;\"><span style=\"font-size: 14pt; font-family: arial, helvetica, sans-serif;\">De igual manera las contraindicaciones van dirigidas para personas con hipersensibilidad conocida a los componentes de la vacuna (Polietilenglicol o PEG).<\/span><\/p>\n<p style=\"text-align: justify;\">&nbsp;<\/p>\n<p class=\"x_MsoNormal\" style=\"text-align: justify;\"><span style=\"font-size: 14pt; font-family: arial, helvetica, sans-serif;\">Al momento no se cuenta con informaci\u00f3n sobre la seguridad y eficacia de uso de la vacuna en mujeres embarazadas, si la solicitan se le puede aplicar con la firma de consentimiento; y ni\u00f1as y ni\u00f1os menores de edad.<\/span><\/p>\n<p style=\"text-align: justify;\">&nbsp;<\/p>\n<p style=\"text-align: justify;\">&nbsp;<\/p>\n<p style=\"text-align: justify;\"><span style=\"font-size: 14pt; font-family: arial, helvetica, sans-serif;\">REDACCI\u00d3N\/VISI\u00d3N CIUDADANA.<\/span><\/p>\n","protected":false},"excerpt":{"rendered":"<p>El Gobierno del Estado de Sinaloa a trav\u00e9s de la Secretar\u00eda de Salud se encuentra preparando la log\u00edstica a implementar ante el pronto arribo de las vacunas contra el COVID-19 para ser aplicadas al personal de salud en una primera etapa. &nbsp; El Secretario de Salud y titular de los Servicios de Salud de Sinaloa, [&hellip;]<\/p>\n","protected":false},"author":1,"featured_media":6381,"comment_status":"closed","ping_status":"closed","sticky":false,"template":"","format":"standard","meta":{"footnotes":""},"categories":[13],"tags":[],"ppma_author":[31],"class_list":["post-14686","post","type-post","status-publish","format-standard","has-post-thumbnail","hentry","category-locales"],"aioseo_notices":[],"authors":[{"term_id":31,"user_id":1,"is_guest":0,"slug":"ivan3vino","display_name":"Iv\u00e1n Trevi\u00f1o","avatar_url":{"url":"https:\/\/visionciudadana.com.mx\/oficial\/wp-content\/uploads\/2025\/09\/columna-ivan-Trevino.png","url2x":"https:\/\/visionciudadana.com.mx\/oficial\/wp-content\/uploads\/2025\/09\/columna-ivan-Trevino.png"},"0":null,"1":"","2":"","3":"","4":"","5":"","6":"","7":"","8":""}],"_links":{"self":[{"href":"https:\/\/visionciudadana.com.mx\/oficial\/wp-json\/wp\/v2\/posts\/14686","targetHints":{"allow":["GET"]}}],"collection":[{"href":"https:\/\/visionciudadana.com.mx\/oficial\/wp-json\/wp\/v2\/posts"}],"about":[{"href":"https:\/\/visionciudadana.com.mx\/oficial\/wp-json\/wp\/v2\/types\/post"}],"author":[{"embeddable":true,"href":"https:\/\/visionciudadana.com.mx\/oficial\/wp-json\/wp\/v2\/users\/1"}],"replies":[{"embeddable":true,"href":"https:\/\/visionciudadana.com.mx\/oficial\/wp-json\/wp\/v2\/comments?post=14686"}],"version-history":[{"count":1,"href":"https:\/\/visionciudadana.com.mx\/oficial\/wp-json\/wp\/v2\/posts\/14686\/revisions"}],"predecessor-version":[{"id":31532,"href":"https:\/\/visionciudadana.com.mx\/oficial\/wp-json\/wp\/v2\/posts\/14686\/revisions\/31532"}],"wp:featuredmedia":[{"embeddable":true,"href":"https:\/\/visionciudadana.com.mx\/oficial\/wp-json\/wp\/v2\/posts\/6381"}],"wp:attachment":[{"href":"https:\/\/visionciudadana.com.mx\/oficial\/wp-json\/wp\/v2\/media?parent=14686"}],"wp:term":[{"taxonomy":"category","embeddable":true,"href":"https:\/\/visionciudadana.com.mx\/oficial\/wp-json\/wp\/v2\/categories?post=14686"},{"taxonomy":"post_tag","embeddable":true,"href":"https:\/\/visionciudadana.com.mx\/oficial\/wp-json\/wp\/v2\/tags?post=14686"},{"taxonomy":"author","embeddable":true,"href":"https:\/\/visionciudadana.com.mx\/oficial\/wp-json\/wp\/v2\/ppma_author?post=14686"}],"curies":[{"name":"wp","href":"https:\/\/api.w.org\/{rel}","templated":true}]}}