{"id":14685,"date":"2021-01-12T02:11:55","date_gmt":"2021-01-12T02:11:55","guid":{"rendered":"https:\/\/visionciudadana.com.mx\/prueba\/2021\/01\/12\/reta-pri-a-morena-a-un-debate-sobre-resultados-de-gobierno\/"},"modified":"2025-06-25T00:32:43","modified_gmt":"2025-06-25T00:32:43","slug":"reta-pri-a-morena-a-un-debate-sobre-resultados-de-gobierno","status":"publish","type":"post","link":"https:\/\/visionciudadana.com.mx\/oficial\/2021\/01\/12\/reta-pri-a-morena-a-un-debate-sobre-resultados-de-gobierno\/","title":{"rendered":"Reta PRI a Morena a un debate sobre resultados de gobierno"},"content":{"rendered":"<p style=\"text-align: justify;\"><img fetchpriority=\"high\" decoding=\"async\" src=\"images\/Enero2021\/morreno.PNG\" alt=\"morreno\" width=\"401\" height=\"233\" style=\"display: block; margin-left: auto; margin-right: auto;\" \/><\/p>\n<p class=\"x_MsoNormal\" style=\"text-align: justify;\"><span style=\"font-size: 14pt; font-family: arial, helvetica, sans-serif;\">Alejandro Moreno, Presidente del Comit\u00e9 Ejecutivo Nacional (CEN) del Partido Revolucionario Institucional (PRI), ret\u00f3 a Mario Delgado, Presidente del CEN del partido del Movimiento de Regeneraci\u00f3n Nacional (Morena), a debatir p\u00fablicamente sobre resultados de gobierno, en el lugar y la hora que \u00e9l decida.<\/span><\/p>\n<p style=\"text-align: justify;\">&nbsp;<\/p>\n<p class=\"x_MsoNormal\" style=\"text-align: justify;\"><span style=\"font-size: 14pt; font-family: arial, helvetica, sans-serif;\">Lo anterior, luego de que Morena asegurara en sus redes sociales que el PRI pretende desaparecer los programas sociales.<\/span><\/p>\n<p style=\"text-align: justify;\">&nbsp;<\/p>\n<p class=\"x_MsoNormal\" style=\"text-align: justify;\"><span style=\"font-size: 14pt; font-family: arial, helvetica, sans-serif;\">\u201cMiente. Ante la incapacidad para dar resultados, buscan desviar la atenci\u00f3n del peligro que Morena representa para el presente y el futuro. Son la desgracia de M\u00e9xico\u201d, respondi\u00f3 el l\u00edder nacional del partido tricolor, tambi\u00e9n en sus redes sociales.<\/span><\/p>\n<p style=\"text-align: justify;\">&nbsp;<\/p>\n<p class=\"x_MsoNormal\" style=\"text-align: justify;\"><span style=\"font-size: 14pt; font-family: arial, helvetica, sans-serif;\">Cabe recordar que es el PRI quien de manera insistente ha cuestionado la decisi\u00f3n del partido en el poder de desaparecer programas esenciales, como el de las estancias infantiles y los refugios para mujeres, que eran un gran apoyo para las madres que trabajan y una opci\u00f3n para resguardarse ante la violencia dom\u00e9stica.<\/span><\/p>\n<p style=\"text-align: justify;\">&nbsp;<\/p>\n<p class=\"x_MsoNormal\" style=\"text-align: justify;\"><span style=\"font-size: 14pt; font-family: arial, helvetica, sans-serif;\">Adem\u00e1s, el Revolucionario Institucional se ha opuesto al recorte de recursos para apoyar a las peque\u00f1as y medianas empresas; a la falta de incentivos para la inversi\u00f3n y generaci\u00f3n de empleos; as\u00ed como a la desaparici\u00f3n de fideicomisos que aseguraban el apoyo en casos de desastres, para la salud, al sector campesino, para la investigaci\u00f3n y el desarrollo cient\u00edfico, para el&nbsp; impulso al turismo y los consulados, entre muchos otros rubros que han sido eliminados del presupuesto federal, en los \u00faltimos dos a\u00f1os.<\/span><\/p>\n<div style=\"text-align: justify;\"><span style=\"font-size: 14pt; font-family: arial, helvetica, sans-serif;\"><\/span><\/div>\n<div style=\"text-align: justify;\">&nbsp;<\/div>\n<div style=\"text-align: justify;\"><span style=\"font-size: 14pt; font-family: arial, helvetica, sans-serif;\">REDACCI\u00d3N\/VISI\u00d3N CIUDADANA.<\/span><\/div>\n","protected":false},"excerpt":{"rendered":"<p>Alejandro Moreno, Presidente del Comit\u00e9 Ejecutivo Nacional (CEN) del Partido Revolucionario Institucional (PRI), ret\u00f3 a Mario Delgado, Presidente del CEN del partido del Movimiento de Regeneraci\u00f3n Nacional (Morena), a debatir p\u00fablicamente sobre resultados de gobierno, en el lugar y la hora que \u00e9l decida. &nbsp; Lo anterior, luego de que Morena asegurara en sus redes [&hellip;]<\/p>\n","protected":false},"author":1,"featured_media":6379,"comment_status":"closed","ping_status":"closed","sticky":false,"template":"","format":"standard","meta":{"footnotes":""},"categories":[24],"tags":[],"ppma_author":[31],"class_list":["post-14685","post","type-post","status-publish","format-standard","has-post-thumbnail","hentry","category-relevantes"],"aioseo_notices":[],"authors":[{"term_id":31,"user_id":1,"is_guest":0,"slug":"ivan3vino","display_name":"Iv\u00e1n Trevi\u00f1o","avatar_url":{"url":"https:\/\/visionciudadana.com.mx\/oficial\/wp-content\/uploads\/2025\/09\/columna-ivan-Trevino.png","url2x":"https:\/\/visionciudadana.com.mx\/oficial\/wp-content\/uploads\/2025\/09\/columna-ivan-Trevino.png"},"0":null,"1":"","2":"","3":"","4":"","5":"","6":"","7":"","8":""}],"_links":{"self":[{"href":"https:\/\/visionciudadana.com.mx\/oficial\/wp-json\/wp\/v2\/posts\/14685","targetHints":{"allow":["GET"]}}],"collection":[{"href":"https:\/\/visionciudadana.com.mx\/oficial\/wp-json\/wp\/v2\/posts"}],"about":[{"href":"https:\/\/visionciudadana.com.mx\/oficial\/wp-json\/wp\/v2\/types\/post"}],"author":[{"embeddable":true,"href":"https:\/\/visionciudadana.com.mx\/oficial\/wp-json\/wp\/v2\/users\/1"}],"replies":[{"embeddable":true,"href":"https:\/\/visionciudadana.com.mx\/oficial\/wp-json\/wp\/v2\/comments?post=14685"}],"version-history":[{"count":1,"href":"https:\/\/visionciudadana.com.mx\/oficial\/wp-json\/wp\/v2\/posts\/14685\/revisions"}],"predecessor-version":[{"id":31533,"href":"https:\/\/visionciudadana.com.mx\/oficial\/wp-json\/wp\/v2\/posts\/14685\/revisions\/31533"}],"wp:featuredmedia":[{"embeddable":true,"href":"https:\/\/visionciudadana.com.mx\/oficial\/wp-json\/wp\/v2\/posts\/6379"}],"wp:attachment":[{"href":"https:\/\/visionciudadana.com.mx\/oficial\/wp-json\/wp\/v2\/media?parent=14685"}],"wp:term":[{"taxonomy":"category","embeddable":true,"href":"https:\/\/visionciudadana.com.mx\/oficial\/wp-json\/wp\/v2\/categories?post=14685"},{"taxonomy":"post_tag","embeddable":true,"href":"https:\/\/visionciudadana.com.mx\/oficial\/wp-json\/wp\/v2\/tags?post=14685"},{"taxonomy":"author","embeddable":true,"href":"https:\/\/visionciudadana.com.mx\/oficial\/wp-json\/wp\/v2\/ppma_author?post=14685"}],"curies":[{"name":"wp","href":"https:\/\/api.w.org\/{rel}","templated":true}]}}