{"id":14684,"date":"2021-01-12T02:02:40","date_gmt":"2021-01-12T02:02:40","guid":{"rendered":"https:\/\/visionciudadana.com.mx\/prueba\/2021\/01\/12\/reinician-el-ciclo-escolar-2020-2021-mas-de-578-mil-alumnos-de-educacion-basica\/"},"modified":"2025-06-25T00:32:44","modified_gmt":"2025-06-25T00:32:44","slug":"reinician-el-ciclo-escolar-2020-2021-mas-de-578-mil-alumnos-de-educacion-basica","status":"publish","type":"post","link":"https:\/\/visionciudadana.com.mx\/oficial\/2021\/01\/12\/reinician-el-ciclo-escolar-2020-2021-mas-de-578-mil-alumnos-de-educacion-basica\/","title":{"rendered":"Reinician el Ciclo Escolar 2020-2021 m\u00e1s de 578 mil alumnos de educaci\u00f3n b\u00e1sica"},"content":{"rendered":"<p style=\"text-align: justify;\"><img fetchpriority=\"high\" decoding=\"async\" src=\"images\/Enero2021\/a_clases.PNG\" alt=\"a clases\" width=\"433\" height=\"243\" style=\"display: block; margin-left: auto; margin-right: auto;\" \/><\/p>\n<p style=\"text-align: justify;\">&nbsp;<\/p>\n<p class=\"x_MsoNormal\" style=\"text-align: justify;\"><span style=\"font-size: 14pt; font-family: arial, helvetica, sans-serif;\">Un total de 578 mil 199 alumnos de educaci\u00f3n b\u00e1sica en Sinaloa volver\u00e1n a clases a partir de este lunes 11 de enero para continuar el Ciclo Escolar 2020-2021 a distancia, inform\u00f3 el secretario de Educaci\u00f3n en Sinaloa, Juan Alfonso Mej\u00eda L\u00f3pez.<\/span><\/p>\n<p style=\"text-align: justify;\">&nbsp;<\/p>\n<p class=\"x_MsoNormal\" style=\"text-align: justify;\"><span style=\"font-size: 14pt; font-family: arial, helvetica, sans-serif;\">El titular de la Secretar\u00eda de Educaci\u00f3n P\u00fablica y Cultura (SEPyC) indic\u00f3 que son&nbsp;<b>518 mil 507 alumnos<\/b>&nbsp;de 5 mil 209 escuelas p\u00fablicas en la entidad y&nbsp;<b>59 mil 692 alumnos<\/b>&nbsp;de 501 escuelas del sector privado los que retomar\u00e1n labores a partir de este lunes para lo cual directores, supervisores, jefes de sector y docentes celebraron el Consejo T\u00e9cnico Escolar, donde analizaron los aprendizajes que no se lograron durante el periodo septiembre a diciembre.&nbsp;<\/span><\/p>\n<p style=\"text-align: justify;\">&nbsp;<\/p>\n<p class=\"x_MsoNormal\" style=\"text-align: justify;\"><span style=\"font-size: 14pt; font-family: arial, helvetica, sans-serif;\">En general, se reintegrar\u00e1n a sus actividades acad\u00e9micas 107 mil 564 alumnos de preescolar, 314 mil 288 de primaria y 156 mil 347 del nivel secundaria, en tanto que supervisores, directores y docentes iniciaron actividades el jueves 7 y viernes 8 de enero, con la realizaci\u00f3n de Consejos T\u00e9cnicos para preparar este reinicio de clases.<\/span><\/p>\n<p style=\"text-align: justify;\">&nbsp;<\/p>\n<p class=\"x_MsoNormal\" style=\"text-align: justify;\"><span style=\"font-size: 14pt; font-family: arial, helvetica, sans-serif;\">\u201cNuestros maestros han estado trabajado una y otra vez en esas pr\u00e1cticas que han dado resultados a distancia, buenas pr\u00e1cticas que permiten que los ni\u00f1os sigan aprendiendo\u201d, dijo.<\/span><\/p>\n<p style=\"text-align: justify;\">&nbsp;<\/p>\n<p class=\"x_MsoNormal\" style=\"text-align: justify;\"><span style=\"font-size: 14pt; font-family: arial, helvetica, sans-serif;\">Mej\u00eda L\u00f3pez record\u00f3 que la Secretar\u00eda de Educaci\u00f3n P\u00fablica (SEP) estima que la tasa de deserci\u00f3n en el pa\u00eds puede alcanzar hasta el 10 por ciento en el pa\u00eds, sin embargo, en Sinaloa esta tasa alcanz\u00f3 el 1.8 por ciento. Lo que indica que Sinaloa acert\u00f3 en focalizar sus esfuerzos.<\/span><\/p>\n<p style=\"text-align: justify;\">&nbsp;<\/p>\n<p class=\"x_MsoNormal\" style=\"text-align: justify;\"><span style=\"font-size: 14pt; font-family: arial, helvetica, sans-serif;\">El Gobernador Quirino Ordaz Coppel instruy\u00f3 un claro enfoque en contra de la deserci\u00f3n escolar, por lo que se dio seguimiento a 132 mil 573 j\u00f3venes considerados en riesgo de abandono, se enviaron cartas personalizadas a los padres de familia de m\u00e1s de 16 mil 286 ni\u00f1as, ni\u00f1os y j\u00f3venes, detectados en la estrategia y que no se inscribieron en los tiempos acordados, y se recuper\u00f3 a 6 mil 137 estudiantes, gracias a la intervenci\u00f3n de los directores y maestros en el terreno.<\/span><\/p>\n<p style=\"text-align: justify;\">&nbsp;<\/p>\n<p class=\"x_MsoNormal\" style=\"text-align: justify;\"><span style=\"font-size: 14pt; font-family: arial, helvetica, sans-serif;\">Finalmente, indic\u00f3 que en Sinaloa ning\u00fan regreso ser\u00e1 improvisado, sin importar cu\u00e1ndo se d\u00e9. Ser\u00e1 bajo cinco principios:&nbsp;<b>gradualidad<\/b>, es decir, el regreso ser\u00e1 escalonado;&nbsp;<b>territorialidad<\/b>, tomando en cuenta los contextos de cada comunidad;&nbsp;<b>no obligatoriedad<\/b>, cuando las condiciones lo permitan; con el&nbsp;<b>acompa\u00f1amiento del sector salud<\/b>, y bajo resguardo de la&nbsp;<b>sana distancia<\/b>.<\/span><\/p>\n<p style=\"text-align: justify;\">&nbsp;<\/p>\n<p style=\"text-align: justify;\">&nbsp;<\/p>\n<p style=\"text-align: justify;\"><span style=\"font-size: 14pt; font-family: arial, helvetica, sans-serif;\">REDACCI\u00d3N\/VISI\u00d3N CIUDADANA.<\/span><\/p>\n","protected":false},"excerpt":{"rendered":"<p>&nbsp; Un total de 578 mil 199 alumnos de educaci\u00f3n b\u00e1sica en Sinaloa volver\u00e1n a clases a partir de este lunes 11 de enero para continuar el Ciclo Escolar 2020-2021 a distancia, inform\u00f3 el secretario de Educaci\u00f3n en Sinaloa, Juan Alfonso Mej\u00eda L\u00f3pez. &nbsp; El titular de la Secretar\u00eda de Educaci\u00f3n P\u00fablica y Cultura (SEPyC) [&hellip;]<\/p>\n","protected":false},"author":1,"featured_media":6377,"comment_status":"closed","ping_status":"closed","sticky":false,"template":"","format":"standard","meta":{"footnotes":""},"categories":[24],"tags":[],"ppma_author":[31],"class_list":["post-14684","post","type-post","status-publish","format-standard","has-post-thumbnail","hentry","category-relevantes"],"aioseo_notices":[],"authors":[{"term_id":31,"user_id":1,"is_guest":0,"slug":"ivan3vino","display_name":"Iv\u00e1n Trevi\u00f1o","avatar_url":{"url":"https:\/\/visionciudadana.com.mx\/oficial\/wp-content\/uploads\/2025\/09\/columna-ivan-Trevino.png","url2x":"https:\/\/visionciudadana.com.mx\/oficial\/wp-content\/uploads\/2025\/09\/columna-ivan-Trevino.png"},"0":null,"1":"","2":"","3":"","4":"","5":"","6":"","7":"","8":""}],"_links":{"self":[{"href":"https:\/\/visionciudadana.com.mx\/oficial\/wp-json\/wp\/v2\/posts\/14684","targetHints":{"allow":["GET"]}}],"collection":[{"href":"https:\/\/visionciudadana.com.mx\/oficial\/wp-json\/wp\/v2\/posts"}],"about":[{"href":"https:\/\/visionciudadana.com.mx\/oficial\/wp-json\/wp\/v2\/types\/post"}],"author":[{"embeddable":true,"href":"https:\/\/visionciudadana.com.mx\/oficial\/wp-json\/wp\/v2\/users\/1"}],"replies":[{"embeddable":true,"href":"https:\/\/visionciudadana.com.mx\/oficial\/wp-json\/wp\/v2\/comments?post=14684"}],"version-history":[{"count":1,"href":"https:\/\/visionciudadana.com.mx\/oficial\/wp-json\/wp\/v2\/posts\/14684\/revisions"}],"predecessor-version":[{"id":31534,"href":"https:\/\/visionciudadana.com.mx\/oficial\/wp-json\/wp\/v2\/posts\/14684\/revisions\/31534"}],"wp:featuredmedia":[{"embeddable":true,"href":"https:\/\/visionciudadana.com.mx\/oficial\/wp-json\/wp\/v2\/posts\/6377"}],"wp:attachment":[{"href":"https:\/\/visionciudadana.com.mx\/oficial\/wp-json\/wp\/v2\/media?parent=14684"}],"wp:term":[{"taxonomy":"category","embeddable":true,"href":"https:\/\/visionciudadana.com.mx\/oficial\/wp-json\/wp\/v2\/categories?post=14684"},{"taxonomy":"post_tag","embeddable":true,"href":"https:\/\/visionciudadana.com.mx\/oficial\/wp-json\/wp\/v2\/tags?post=14684"},{"taxonomy":"author","embeddable":true,"href":"https:\/\/visionciudadana.com.mx\/oficial\/wp-json\/wp\/v2\/ppma_author?post=14684"}],"curies":[{"name":"wp","href":"https:\/\/api.w.org\/{rel}","templated":true}]}}