{"id":14683,"date":"2021-01-12T01:53:43","date_gmt":"2021-01-12T01:53:43","guid":{"rendered":"https:\/\/visionciudadana.com.mx\/prueba\/2021\/01\/12\/pri-no-descansa-en-formacion-de-cuadros-para-la-mejor-politica-kechu-ramirez\/"},"modified":"2025-06-25T00:32:44","modified_gmt":"2025-06-25T00:32:44","slug":"pri-no-descansa-en-formacion-de-cuadros-para-la-mejor-politica-kechu-ramirez","status":"publish","type":"post","link":"https:\/\/visionciudadana.com.mx\/oficial\/2021\/01\/12\/pri-no-descansa-en-formacion-de-cuadros-para-la-mejor-politica-kechu-ramirez\/","title":{"rendered":"PRI no descansa en formaci\u00f3n de cuadros para la mejor pol\u00edtica: Kechu Ram\u00edrez"},"content":{"rendered":"<div>\n<div style=\"text-align: justify;\"><img fetchpriority=\"high\" decoding=\"async\" src=\"images\/Enero2021\/cuadros.PNG\" alt=\"cuadros\" width=\"398\" height=\"212\" style=\"display: block; margin-left: auto; margin-right: auto;\" \/><br \/><span style=\"font-size: 14pt; font-family: arial, helvetica, sans-serif;\">En continuaci\u00f3n con el diplomado de Liderazgo Positivo, los j\u00f3venes en formaci\u00f3n pol\u00edtica recibieron asesor\u00eda en imagen y marca p\u00fablica en el cuarto m\u00f3dulo de su impartici\u00f3n.<\/span><\/div>\n<div>&nbsp;<\/div>\n<div style=\"text-align: justify;\"><span style=\"font-size: 14pt; font-family: arial, helvetica, sans-serif;\">El diplomado organizado por el Instituto Reyes Heroles del Partido Revolucionario Institucional y el diputado local Jes\u00fas Armando Ram\u00edrez, cont\u00f3 con la mentor\u00eda de Mart\u00edn Guerrero quien es coach en marca personal y consultor certificado por la C\u00e1mara Nacional de empresas de consultor\u00eda.<\/span><\/div>\n<div style=\"text-align: justify;\">&nbsp;<\/div>\n<div style=\"text-align: justify;\"><span style=\"font-size: 14pt; font-family: arial, helvetica, sans-serif;\">Con ello, el PRI, IRH y el legislador, Kechu Ram\u00edrez, reiteran su compromiso de seguir apost\u00e1ndole a la profesionalizaci\u00f3n y preparaci\u00f3n de j\u00f3venes en la pol\u00edtica y brindar herramientas para garantizar la mejor representaci\u00f3n de los ciudadanos, as\u00ed como la construcci\u00f3n de mejores funcionarios p\u00fablicos.&nbsp;<\/span><\/div>\n<div>&nbsp;<\/div>\n<div style=\"text-align: justify;\">&nbsp;<\/div>\n<div style=\"text-align: justify;\"><span style=\"font-size: 14pt; font-family: arial, helvetica, sans-serif;\">En el siguiente y \u00faltimo m\u00f3dulo de este diplomado se abordar\u00e1 el tema relacionado a la exploraci\u00f3n y uso de redes sociales en la vida p\u00fablica. El legislador, Kechu Ram\u00edrez afirm\u00f3 que tales temas son de gran relevancia, sobre todo, en la actualidad donde las plataformas digitales son de utilidad casi indispensable en todos los \u00e1mbitos.<\/span><\/div>\n<div style=\"text-align: justify;\">&nbsp;<\/div>\n<div style=\"text-align: justify;\"><span style=\"font-size: 14pt; font-family: arial, helvetica, sans-serif;\">Al evento tambi\u00e9n acudi\u00f3, el presidente del Instituto Reyes Heroles, Gomer Monarrez y el presidente de la Red J\u00f3venes por M\u00e9xico Culiac\u00e1n, Eduardo Vela.<\/span><\/div>\n<\/div>\n<div style=\"text-align: justify;\">&nbsp;<\/div>\n<div style=\"text-align: justify;\">&nbsp;<\/div>\n<div style=\"text-align: justify;\"><span style=\"font-size: 14pt; font-family: arial, helvetica, sans-serif;\">REDACCI\u00d3N\/VISI\u00d3N CIUDADANA.<\/span><\/div>\n","protected":false},"excerpt":{"rendered":"<p>En continuaci\u00f3n con el diplomado de Liderazgo Positivo, los j\u00f3venes en formaci\u00f3n pol\u00edtica recibieron asesor\u00eda en imagen y marca p\u00fablica en el cuarto m\u00f3dulo de su impartici\u00f3n. &nbsp; El diplomado organizado por el Instituto Reyes Heroles del Partido Revolucionario Institucional y el diputado local Jes\u00fas Armando Ram\u00edrez, cont\u00f3 con la mentor\u00eda de Mart\u00edn Guerrero quien [&hellip;]<\/p>\n","protected":false},"author":1,"featured_media":6375,"comment_status":"closed","ping_status":"closed","sticky":false,"template":"","format":"standard","meta":{"footnotes":""},"categories":[13],"tags":[],"ppma_author":[31],"class_list":["post-14683","post","type-post","status-publish","format-standard","has-post-thumbnail","hentry","category-locales"],"aioseo_notices":[],"authors":[{"term_id":31,"user_id":1,"is_guest":0,"slug":"ivan3vino","display_name":"Iv\u00e1n Trevi\u00f1o","avatar_url":{"url":"https:\/\/visionciudadana.com.mx\/oficial\/wp-content\/uploads\/2025\/09\/columna-ivan-Trevino.png","url2x":"https:\/\/visionciudadana.com.mx\/oficial\/wp-content\/uploads\/2025\/09\/columna-ivan-Trevino.png"},"0":null,"1":"","2":"","3":"","4":"","5":"","6":"","7":"","8":""}],"_links":{"self":[{"href":"https:\/\/visionciudadana.com.mx\/oficial\/wp-json\/wp\/v2\/posts\/14683","targetHints":{"allow":["GET"]}}],"collection":[{"href":"https:\/\/visionciudadana.com.mx\/oficial\/wp-json\/wp\/v2\/posts"}],"about":[{"href":"https:\/\/visionciudadana.com.mx\/oficial\/wp-json\/wp\/v2\/types\/post"}],"author":[{"embeddable":true,"href":"https:\/\/visionciudadana.com.mx\/oficial\/wp-json\/wp\/v2\/users\/1"}],"replies":[{"embeddable":true,"href":"https:\/\/visionciudadana.com.mx\/oficial\/wp-json\/wp\/v2\/comments?post=14683"}],"version-history":[{"count":1,"href":"https:\/\/visionciudadana.com.mx\/oficial\/wp-json\/wp\/v2\/posts\/14683\/revisions"}],"predecessor-version":[{"id":31535,"href":"https:\/\/visionciudadana.com.mx\/oficial\/wp-json\/wp\/v2\/posts\/14683\/revisions\/31535"}],"wp:featuredmedia":[{"embeddable":true,"href":"https:\/\/visionciudadana.com.mx\/oficial\/wp-json\/wp\/v2\/posts\/6375"}],"wp:attachment":[{"href":"https:\/\/visionciudadana.com.mx\/oficial\/wp-json\/wp\/v2\/media?parent=14683"}],"wp:term":[{"taxonomy":"category","embeddable":true,"href":"https:\/\/visionciudadana.com.mx\/oficial\/wp-json\/wp\/v2\/categories?post=14683"},{"taxonomy":"post_tag","embeddable":true,"href":"https:\/\/visionciudadana.com.mx\/oficial\/wp-json\/wp\/v2\/tags?post=14683"},{"taxonomy":"author","embeddable":true,"href":"https:\/\/visionciudadana.com.mx\/oficial\/wp-json\/wp\/v2\/ppma_author?post=14683"}],"curies":[{"name":"wp","href":"https:\/\/api.w.org\/{rel}","templated":true}]}}