{"id":14682,"date":"2021-01-12T01:34:51","date_gmt":"2021-01-12T01:34:51","guid":{"rendered":"https:\/\/visionciudadana.com.mx\/prueba\/2021\/01\/12\/morena-prometio-crecimiento-economico-y-da-aumento-en-canasta-basica-pri\/"},"modified":"2025-06-25T00:32:44","modified_gmt":"2025-06-25T00:32:44","slug":"morena-prometio-crecimiento-economico-y-da-aumento-en-canasta-basica-pri","status":"publish","type":"post","link":"https:\/\/visionciudadana.com.mx\/oficial\/2021\/01\/12\/morena-prometio-crecimiento-economico-y-da-aumento-en-canasta-basica-pri\/","title":{"rendered":"Morena prometi\u00f3 crecimiento econ\u00f3mico y da aumento en canasta b\u00e1sica: PRI"},"content":{"rendered":"<p><img fetchpriority=\"high\" decoding=\"async\" src=\"images\/Enero2021\/morena_te_cuesta.PNG\" alt=\"morena te cuesta\" width=\"391\" height=\"252\" style=\"display: block; margin-left: auto; margin-right: auto;\" \/><\/p>\n<p class=\"x_MsoNormal\" style=\"text-align: justify;\"><span style=\"font-size: 14pt; font-family: arial, helvetica, sans-serif;\">El Comit\u00e9 Ejecutivo Nacional (CEN) del Partido Revolucionario Institucional (PRI), que encabezan el Presidente Alejandro Moreno y la Secretaria General Carolina Viggiano, sostuvo que los gobiernos de Morena prometieron crecimiento econ\u00f3mico del 4 por ciento, y lo que nos han dado es aumento de la canasta b\u00e1sica del 15 por ciento en un a\u00f1o, con lo que demuestra su ineficacia, traduci\u00e9ndose en un gran costo en la econom\u00eda familiar de los mexicanos,<\/span><\/p>\n<p style=\"text-align: justify;\">&nbsp;<\/p>\n<p class=\"x_MsoNormal\" style=\"text-align: justify;\"><span style=\"font-size: 14pt; font-family: arial, helvetica, sans-serif;\">\u201cLos precios de todos los productos han subido, con un r\u00e9cord de desempleo y sin apoyos\u201d, subray\u00f3 en sus redes sociales, al activar el Hashtag #MorenaTeCuesta.<\/span><\/p>\n<p style=\"text-align: justify;\">&nbsp;<\/p>\n<p class=\"x_MsoNormal\" style=\"text-align: justify;\"><span style=\"font-size: 14pt; font-family: arial, helvetica, sans-serif;\">El partido tricolor resalt\u00f3 que la econom\u00eda familiar est\u00e1 m\u00e1s deteriorada, debido a que los productos que compramos todos los d\u00edas est\u00e1n m\u00e1s caros, adem\u00e1s de la falta de empleo e impulso a las peque\u00f1as y medianas empresas.<\/span><\/p>\n<p style=\"text-align: justify;\">&nbsp;<\/p>\n<p class=\"x_MsoNormal\" style=\"text-align: justify;\"><span style=\"font-size: 14pt; font-family: arial, helvetica, sans-serif;\">La cuesta de enero, sostuvo el Partido de M\u00e9xico, ser\u00e1 la peor de los \u00faltimos a\u00f1os, debido a que el mal manejo de la econom\u00eda, por parte del partido en el poder, hace que todo suba.<\/span><\/p>\n<p style=\"text-align: justify;\">&nbsp;<\/p>\n<p class=\"x_MsoNormal\" style=\"text-align: justify;\"><span style=\"font-size: 14pt; font-family: arial, helvetica, sans-serif;\">Ejemplific\u00f3 que en 2018, el kilo de pollo costaba 58 pesos y en 2020 cuesta 69 pesos; el kilo de huevo costaba 29 pesos y ahora 36; la canasta b\u00e1sica ten\u00eda un precio de 1,490 pesos y en 2021, cuesta 1,858.<\/span><\/p>\n<p style=\"text-align: justify;\">&nbsp;<\/p>\n<p class=\"x_MsoNormal\" style=\"text-align: justify;\"><span style=\"font-size: 14pt; font-family: arial, helvetica, sans-serif;\">\u201cEste a\u00f1o ser\u00e1 malo para la econom\u00eda familiar, porque los precios de nuestros alimentos suben, el Gobierno Federal es indiferente, ganamos menos y gastamos m\u00e1s\u201d, concluy\u00f3 el Revolucionario Institucional.<\/span><\/p>\n<p style=\"text-align: justify;\">&nbsp;<\/p>\n<p style=\"text-align: justify;\"><span style=\"font-size: 14pt; font-family: arial, helvetica, sans-serif;\">REDACCI\u00d3N\/VISI\u00d3N CIUDADANA.<\/span><\/p>\n","protected":false},"excerpt":{"rendered":"<p>El Comit\u00e9 Ejecutivo Nacional (CEN) del Partido Revolucionario Institucional (PRI), que encabezan el Presidente Alejandro Moreno y la Secretaria General Carolina Viggiano, sostuvo que los gobiernos de Morena prometieron crecimiento econ\u00f3mico del 4 por ciento, y lo que nos han dado es aumento de la canasta b\u00e1sica del 15 por ciento en un a\u00f1o, con [&hellip;]<\/p>\n","protected":false},"author":1,"featured_media":6373,"comment_status":"closed","ping_status":"closed","sticky":false,"template":"","format":"standard","meta":{"footnotes":""},"categories":[24],"tags":[],"ppma_author":[31],"class_list":["post-14682","post","type-post","status-publish","format-standard","has-post-thumbnail","hentry","category-relevantes"],"aioseo_notices":[],"authors":[{"term_id":31,"user_id":1,"is_guest":0,"slug":"ivan3vino","display_name":"Iv\u00e1n Trevi\u00f1o","avatar_url":{"url":"https:\/\/visionciudadana.com.mx\/oficial\/wp-content\/uploads\/2025\/09\/columna-ivan-Trevino.png","url2x":"https:\/\/visionciudadana.com.mx\/oficial\/wp-content\/uploads\/2025\/09\/columna-ivan-Trevino.png"},"0":null,"1":"","2":"","3":"","4":"","5":"","6":"","7":"","8":""}],"_links":{"self":[{"href":"https:\/\/visionciudadana.com.mx\/oficial\/wp-json\/wp\/v2\/posts\/14682","targetHints":{"allow":["GET"]}}],"collection":[{"href":"https:\/\/visionciudadana.com.mx\/oficial\/wp-json\/wp\/v2\/posts"}],"about":[{"href":"https:\/\/visionciudadana.com.mx\/oficial\/wp-json\/wp\/v2\/types\/post"}],"author":[{"embeddable":true,"href":"https:\/\/visionciudadana.com.mx\/oficial\/wp-json\/wp\/v2\/users\/1"}],"replies":[{"embeddable":true,"href":"https:\/\/visionciudadana.com.mx\/oficial\/wp-json\/wp\/v2\/comments?post=14682"}],"version-history":[{"count":1,"href":"https:\/\/visionciudadana.com.mx\/oficial\/wp-json\/wp\/v2\/posts\/14682\/revisions"}],"predecessor-version":[{"id":31536,"href":"https:\/\/visionciudadana.com.mx\/oficial\/wp-json\/wp\/v2\/posts\/14682\/revisions\/31536"}],"wp:featuredmedia":[{"embeddable":true,"href":"https:\/\/visionciudadana.com.mx\/oficial\/wp-json\/wp\/v2\/posts\/6373"}],"wp:attachment":[{"href":"https:\/\/visionciudadana.com.mx\/oficial\/wp-json\/wp\/v2\/media?parent=14682"}],"wp:term":[{"taxonomy":"category","embeddable":true,"href":"https:\/\/visionciudadana.com.mx\/oficial\/wp-json\/wp\/v2\/categories?post=14682"},{"taxonomy":"post_tag","embeddable":true,"href":"https:\/\/visionciudadana.com.mx\/oficial\/wp-json\/wp\/v2\/tags?post=14682"},{"taxonomy":"author","embeddable":true,"href":"https:\/\/visionciudadana.com.mx\/oficial\/wp-json\/wp\/v2\/ppma_author?post=14682"}],"curies":[{"name":"wp","href":"https:\/\/api.w.org\/{rel}","templated":true}]}}