{"id":14681,"date":"2021-01-12T01:29:46","date_gmt":"2021-01-12T01:29:46","guid":{"rendered":"https:\/\/visionciudadana.com.mx\/prueba\/2021\/01\/12\/quirino-inaugura-el-crum-para-agilizar-atencion-medica-de-urgencias\/"},"modified":"2025-06-25T00:32:44","modified_gmt":"2025-06-25T00:32:44","slug":"quirino-inaugura-el-crum-para-agilizar-atencion-medica-de-urgencias","status":"publish","type":"post","link":"https:\/\/visionciudadana.com.mx\/oficial\/2021\/01\/12\/quirino-inaugura-el-crum-para-agilizar-atencion-medica-de-urgencias\/","title":{"rendered":"Quirino inaugura el CRUM para agilizar atenci\u00f3n m\u00e9dica de urgencias"},"content":{"rendered":"<p><img fetchpriority=\"high\" decoding=\"async\" src=\"images\/Enero2021\/inaugura_crum.PNG\" alt=\"inaugura crum\" width=\"432\" height=\"230\" style=\"display: block; margin-left: auto; margin-right: auto;\" \/><\/p>\n<p class=\"x_MsoNormal\" style=\"text-align: justify;\"><span lang=\"ES-TRAD\" style=\"font-size: 14pt; font-family: arial, helvetica, sans-serif;\">Con el objetivo de brindar a la poblaci\u00f3n de todo Sinaloa un servicio m\u00e1s \u00e1gil cuando la salud de las personas est\u00e9 en riesgo, el gobernador Quirino Ordaz Coppel inaugur\u00f3 el Centro Regulador de Urgencias M\u00e9dicas (CRUM), el cual recibir\u00e1 los reportes del n\u00famero de auxilio 911 y con personal m\u00e9dico valorar\u00e1 la emergencia, despachar\u00e1 las ambulancias al lugar del incidente y canalizar\u00e1 al paciente al hospital m\u00e1s cercano.<\/span><\/p>\n<p class=\"x_MsoNormal\" style=\"text-align: justify;\"><span lang=\"ES-TRAD\" style=\"font-size: 14pt; font-family: arial, helvetica, sans-serif;\"><\/span><\/p>\n<p class=\"x_MsoNormal\" style=\"text-align: justify;\"><span style=\"font-size: 14pt; font-family: arial, helvetica, sans-serif;\">En compa\u00f1\u00eda del secretario de Salud, Efr\u00e9n Encinas Torres, y de su esposa, la presidenta del Sistema DIF Sinaloa, Rosy Fuentes de Ordaz, el mandatario estatal visit\u00f3 el CRUM, que opera en la planta baja de la nueva Unidad Administrativa del Gobierno del Estado, ubicada al lado del estadio de futbol de Los Dorados, para inaugurar formalmente este innovador entro que adem\u00e1s de atender los llamados de emergencias por accidentes o cualquier otra eventualidad, brindar\u00e1 la misma atenci\u00f3n personalizada del Call Center COVID.<\/span><\/p>\n<p style=\"text-align: justify;\">&nbsp;<\/p>\n<p class=\"x_MsoNormal\" style=\"text-align: justify;\"><span style=\"font-size: 14pt; font-family: arial, helvetica, sans-serif;\">\u201cEsto es nuevo, esto no exist\u00eda, no lo cambiamos de un lugar a otro, es algo innovador, y hoy estamos en una situaci\u00f3n m\u00e9dica muy delicada, siempre lo dijimos que en el mes de enero se iba a reflejar la movilidad del mes de diciembre y adem\u00e1s las bajas temperaturas que estamos padeciendo y seguiremos teniendo durante las pr\u00f3ximas semanas, nos van a poner es una situaci\u00f3n mucho m\u00e1s expuesta\u201d, dijo.<\/span><\/p>\n<p style=\"text-align: justify;\">&nbsp;<\/p>\n<p class=\"x_MsoNormal\" style=\"text-align: justify;\"><span style=\"font-size: 14pt; font-family: arial, helvetica, sans-serif;\">Ordaz Coppel mencion\u00f3 que la idea de instalar en este nuevo edificio el Centro Regulador de Urgencias M\u00e9dicas surgi\u00f3 hace un mes, durante una de las visitas de supervisi\u00f3n que hizo, ya que la nueva Unidad Administrativa ser\u00e1 inaugurada este jueves, y adem\u00e1s del CRUM, albergar\u00e1 a cinco Secretar\u00edas y varios organismos descentralizados.<\/span><\/p>\n<p style=\"text-align: justify;\">&nbsp;<\/p>\n<p class=\"x_MsoNormal\" style=\"text-align: justify;\"><span style=\"font-size: 14pt; font-family: arial, helvetica, sans-serif;\">El gobernador del estado aprovech\u00f3 para hacer un reconocimiento al secretario de Salud, Efr\u00e9n Encinas Torres, por su incansable trabajo para atender la contingencia sanitaria del COVID, siempre dispuesto y haci\u00e9ndole frente personalmente con todo su equipo de trabajo. De igual manera, felicit\u00f3 al secretario de Innovaci\u00f3n, Jos\u00e9 de Jes\u00fas G\u00e1lvez C\u00e1zarez, por la idea de crear el CRUM, y dise\u00f1ar toda la log\u00edstica de operaci\u00f3n, como lo ha hecho con todos los Call Center COVID que se han instalado en diferentes ciudades del estado.<\/span><\/p>\n<p style=\"text-align: justify;\">&nbsp;<\/p>\n<p class=\"x_MsoNormal\" style=\"text-align: justify;\"><span style=\"font-size: 14pt; font-family: arial, helvetica, sans-serif;\">El CRUM operar\u00e1 24 horas al d\u00eda, con tres turnos de personal, para la atenci\u00f3n prehospitalaria de emergencias m\u00e9dicas, y tendr\u00e1 a su disposici\u00f3n 87 ambulancias distribuidas en tres regiones (Centro, Norte y Sur), con la participaci\u00f3n de 10 instituciones, como&nbsp;<span lang=\"ES-TRAD\">Cruz Roja, Coordinaci\u00f3n Municipal de Salud, Protecci\u00f3n Civil, Bomberos, Bomberos Veteranos, DIF, Servicios de Urgencias M\u00e9dicas del Municipio de Ahome (SUMA), CAPUFE, PAC-Emergencias y Hospitales de la SSA. En la derivaci\u00f3n de pacientes participan tambi\u00e9n la Secretar\u00eda de Salud Federal, ISSSTE, IMSS, Hospital Civil y, muy pronto, hospitales privados y el Hospital Naval de Mazatl\u00e1n.<\/span><\/span><\/p>\n<p class=\"x_MsoNormal\" style=\"text-align: justify;\"><span lang=\"ES-TRAD\" style=\"font-size: 14pt; font-family: arial, helvetica, sans-serif;\"><\/span><\/p>\n<p class=\"x_MsoNormal\" style=\"text-align: justify;\"><span style=\"font-size: 14pt; font-family: arial, helvetica, sans-serif;\">Precisamente, durante la inauguraci\u00f3n del CRUM, el servicio no se interrumpi\u00f3, y el gobernador Quirino Ordaz Coppel platic\u00f3 con los m\u00e9dicos que atienden los llamados de emergencia, quienes en promedio ya ten\u00edan 15 atenciones brindadas.<\/span><\/p>\n<p style=\"text-align: justify;\">&nbsp;<\/p>\n<p class=\"x_MsoNormal\" style=\"text-align: justify;\"><span style=\"font-size: 14pt; font-family: arial, helvetica, sans-serif;\">Adem\u00e1s de los secretarios de Salud y de Innovaci\u00f3n, tambi\u00e9n acompa\u00f1aron al mandatario estatal el director del Instituto de Protecci\u00f3n Civil, Juan Francisco Vega Meza; el comisionado de la COEPRISS, Jorge Al\u00e1n Urbina Vidales; el director de Promoci\u00f3n y Prevenci\u00f3n de la Salud, Christian Aldo Mu\u00f1oz Madrid; y el delegado del IMSS, Luis Rafael L\u00f3pez Oca\u00f1a.<\/span><\/p>\n<p style=\"text-align: justify;\">&nbsp;<\/p>\n<p style=\"text-align: justify;\">&nbsp;<\/p>\n<p style=\"text-align: justify;\"><span style=\"font-size: 14pt; font-family: arial, helvetica, sans-serif;\">REDACCION\/VISI\u00d3N CIUDADANA.<\/span><\/p>\n","protected":false},"excerpt":{"rendered":"<p>Con el objetivo de brindar a la poblaci\u00f3n de todo Sinaloa un servicio m\u00e1s \u00e1gil cuando la salud de las personas est\u00e9 en riesgo, el gobernador Quirino Ordaz Coppel inaugur\u00f3 el Centro Regulador de Urgencias M\u00e9dicas (CRUM), el cual recibir\u00e1 los reportes del n\u00famero de auxilio 911 y con personal m\u00e9dico valorar\u00e1 la emergencia, despachar\u00e1 [&hellip;]<\/p>\n","protected":false},"author":1,"featured_media":6371,"comment_status":"closed","ping_status":"closed","sticky":false,"template":"","format":"standard","meta":{"footnotes":""},"categories":[24],"tags":[],"ppma_author":[31],"class_list":["post-14681","post","type-post","status-publish","format-standard","has-post-thumbnail","hentry","category-relevantes"],"aioseo_notices":[],"authors":[{"term_id":31,"user_id":1,"is_guest":0,"slug":"ivan3vino","display_name":"Iv\u00e1n Trevi\u00f1o","avatar_url":{"url":"https:\/\/visionciudadana.com.mx\/oficial\/wp-content\/uploads\/2025\/09\/columna-ivan-Trevino.png","url2x":"https:\/\/visionciudadana.com.mx\/oficial\/wp-content\/uploads\/2025\/09\/columna-ivan-Trevino.png"},"0":null,"1":"","2":"","3":"","4":"","5":"","6":"","7":"","8":""}],"_links":{"self":[{"href":"https:\/\/visionciudadana.com.mx\/oficial\/wp-json\/wp\/v2\/posts\/14681","targetHints":{"allow":["GET"]}}],"collection":[{"href":"https:\/\/visionciudadana.com.mx\/oficial\/wp-json\/wp\/v2\/posts"}],"about":[{"href":"https:\/\/visionciudadana.com.mx\/oficial\/wp-json\/wp\/v2\/types\/post"}],"author":[{"embeddable":true,"href":"https:\/\/visionciudadana.com.mx\/oficial\/wp-json\/wp\/v2\/users\/1"}],"replies":[{"embeddable":true,"href":"https:\/\/visionciudadana.com.mx\/oficial\/wp-json\/wp\/v2\/comments?post=14681"}],"version-history":[{"count":1,"href":"https:\/\/visionciudadana.com.mx\/oficial\/wp-json\/wp\/v2\/posts\/14681\/revisions"}],"predecessor-version":[{"id":31537,"href":"https:\/\/visionciudadana.com.mx\/oficial\/wp-json\/wp\/v2\/posts\/14681\/revisions\/31537"}],"wp:featuredmedia":[{"embeddable":true,"href":"https:\/\/visionciudadana.com.mx\/oficial\/wp-json\/wp\/v2\/posts\/6371"}],"wp:attachment":[{"href":"https:\/\/visionciudadana.com.mx\/oficial\/wp-json\/wp\/v2\/media?parent=14681"}],"wp:term":[{"taxonomy":"category","embeddable":true,"href":"https:\/\/visionciudadana.com.mx\/oficial\/wp-json\/wp\/v2\/categories?post=14681"},{"taxonomy":"post_tag","embeddable":true,"href":"https:\/\/visionciudadana.com.mx\/oficial\/wp-json\/wp\/v2\/tags?post=14681"},{"taxonomy":"author","embeddable":true,"href":"https:\/\/visionciudadana.com.mx\/oficial\/wp-json\/wp\/v2\/ppma_author?post=14681"}],"curies":[{"name":"wp","href":"https:\/\/api.w.org\/{rel}","templated":true}]}}