{"id":14680,"date":"2021-01-12T01:18:19","date_gmt":"2021-01-12T01:18:19","guid":{"rendered":"https:\/\/visionciudadana.com.mx\/prueba\/2021\/01\/12\/quirino-ordaz-coppel-cumple-a-los-sinaloenses-en-materia-de-obra-publica\/"},"modified":"2025-06-25T00:32:44","modified_gmt":"2025-06-25T00:32:44","slug":"quirino-ordaz-coppel-cumple-a-los-sinaloenses-en-materia-de-obra-publica","status":"publish","type":"post","link":"https:\/\/visionciudadana.com.mx\/oficial\/2021\/01\/12\/quirino-ordaz-coppel-cumple-a-los-sinaloenses-en-materia-de-obra-publica\/","title":{"rendered":"Quirino Ordaz Coppel cumple a los sinaloenses en materia de obra p\u00fablica"},"content":{"rendered":"<p><img fetchpriority=\"high\" decoding=\"async\" src=\"images\/Enero2021\/materia_de_obra.PNG\" alt=\"materia de obra\" width=\"431\" height=\"237\" style=\"display: block; margin-left: auto; margin-right: auto;\" \/><\/p>\n<p class=\"x_MsoNormal\" style=\"text-align: justify;\" align=\"right\"><span style=\"font-size: 14pt; font-family: arial, helvetica, sans-serif;\">En lo que fue la primera comparecencia con motivo de la glosa del Cuarto informe, el grupo parlamentario del PRI en el Congreso de Sinaloa destac\u00f3 la gran obra en material de comunicaciones y obra p\u00fablica que ha realizado el Gobernador Quirino Ordaz Coppel durante su administraci\u00f3n, lo que ha contribuido a elevar la competitividad econ\u00f3mica, disminuir la brecha entre regiones, mejorar los servicios p\u00fablicos y ampliar la capacidad en materia de salud y educaci\u00f3n.<\/span><\/p>\n<p style=\"text-align: justify;\">&nbsp;<\/p>\n<p class=\"x_MsoNormal\" style=\"text-align: justify;\"><span style=\"font-size: 14pt; font-family: arial, helvetica, sans-serif;\">En su intervenci\u00f3n, la diputada local del PRI Guadalupe Iribe Gasc\u00f3n destac\u00f3 el cumplimiento puntual de los objetivos planteados por el Ejecutivo dentro del Plan Estatal de Desarrollo, entre los que destacan obras macro como el caso de la carretera Badiraguato-Parral la cual beneficiar\u00e1 a los habitantes de la zona serrana,&nbsp; as\u00ed como de obras m\u00e1s peque\u00f1as, como son la construcci\u00f3n del Hospital General de Mazatl\u00e1n y del Hospital General de Culiac\u00e1n, as\u00ed como los avances de remodelaci\u00f3n del Hospital Pedi\u00e1trico de Sinaloa y el Centro de Salud en Culiac\u00e1n.<\/span><\/p>\n<p style=\"text-align: justify;\">&nbsp;<\/p>\n<p class=\"x_MsoNormal\" style=\"text-align: justify;\"><span style=\"font-size: 14pt; font-family: arial, helvetica, sans-serif;\">Iribe Gasc\u00f3n se\u00f1alo que \u201cLa carretera Badiraguato-Parral es una obra con sentido de futuro. Se trata de un gigantesco esfuerzo de integraci\u00f3n territorial, que unir\u00e1 regiones que han estado aisladas por las condiciones orogr\u00e1ficas, y unir\u00e1 a dos de los grandes mercados mundiales, la Cuenca del Pac\u00edfico asi\u00e1tico y el sureste de los Estados Unidos\u201d.<\/span><\/p>\n<p style=\"text-align: justify;\">&nbsp;<\/p>\n<p class=\"x_MsoNormal\" style=\"text-align: justify;\"><span style=\"font-size: 14pt; font-family: arial, helvetica, sans-serif;\">Dijo tambi\u00e9n que esta obra propiciar\u00e1 adem\u00e1s el desarrollo acelerado del mercado interno, diversificando actividades productivas, generando nuevas inversiones, creando empleos, y aprovechando las enormes riquezas naturales de una zona en gran medida inexplorada.<\/span><\/p>\n<p style=\"text-align: justify;\">&nbsp;<\/p>\n<p class=\"x_MsoNormal\" style=\"text-align: justify;\"><span style=\"font-size: 14pt; font-family: arial, helvetica, sans-serif;\">Por su parte, la diputada M\u00f3nica L\u00f3pez Hern\u00e1ndez aprovecho la presencia&nbsp; del secretario de Comunicaciones y Obras P\u00fablicas para destacar la modernizaci\u00f3n del sistema de ciudades,&nbsp; que se ha realizado durante esta administraci\u00f3n estatal, al realizarse un cambio significativo en la fisonom\u00eda de los espacios urbano y el mejoramiento en las condiciones para la expansi\u00f3n de las actividades econ\u00f3micas, al incorporar \u00e1reas y regiones mucho tiempo&nbsp; descuidadas.<\/span><\/p>\n<p style=\"text-align: justify;\">&nbsp;<\/p>\n<p class=\"x_MsoNormal\" style=\"text-align: justify;\"><span style=\"font-size: 14pt; font-family: arial, helvetica, sans-serif;\">\u201cEl avance en la modernizaci\u00f3n de nuestro sistema de ciudades ha significado un considerable cambio cualitativo en la fisonom\u00eda de los espacios urbanos en Sinaloa. No son ciudades de espaldas al progreso, ancladas en el pasado, sino zonas que miran con renovada certidumbre hacia el futuro\u201d, dijo la legisladora pri\u00edsta.<\/span><\/p>\n<p style=\"text-align: justify;\">&nbsp;<\/p>\n<p class=\"x_MsoNormal\" style=\"text-align: justify;\"><span style=\"font-size: 14pt; font-family: arial, helvetica, sans-serif;\">Finalmente,&nbsp; la diputada Elva Margarita Inzunza Valenzuela destac\u00f3 la voluntad del Gobernador Quirino Ordaz Coppel para convertir esta Glosa en un ejercicio republicano de rendici\u00f3n de cuentas, donde se realiza un real di\u00e1logo entre los poderes Ejecutivo y Legislativo para revisar las acciones emprendidas por la administraci\u00f3n p\u00fablica en el cumplimiento de las metas y objetivos, en medio de un ambiente de libertad y respeto.<\/span><\/p>\n<p style=\"text-align: justify;\">&nbsp;<\/p>\n<p class=\"x_MsoNormal\" style=\"text-align: justify;\"><span style=\"font-size: 14pt; font-family: arial, helvetica, sans-serif;\">\u201cAl igual que lo hemos hecho en los dos a\u00f1os precedentes en lo que corresponde a esta 63 Legislatura, queremos que esta revisi\u00f3n e intercambio de ideas, contribuya tambi\u00e9n a mejorar el ambiente de trabajo que hemos venido construyendo en este periodo.<\/span><\/p>\n<p style=\"text-align: justify;\">&nbsp;<\/p>\n<p class=\"x_MsoNormal\" style=\"text-align: justify;\" align=\"center\"><span style=\"font-size: 14pt; font-family: arial, helvetica, sans-serif;\">\u201cEstamos convencidos de que de este intercambio habr\u00e1n de salir mejores orientaciones para profundizar en las pol\u00edticas p\u00fablicas que hoy demanda la sociedad sinaloense, y en el prop\u00f3sito de contribuir a mejorar la eficacia directiva del gobierno y la consolidaci\u00f3n de una direcci\u00f3n p\u00fablica profesional\u201d, manifest\u00f3 la legisladora\u201d.<b>&nbsp;<\/b><\/span><\/p>\n<p style=\"text-align: justify;\">&nbsp;<\/p>\n<p style=\"text-align: justify;\">&nbsp;<\/p>\n<p style=\"text-align: justify;\"><span style=\"font-size: 14pt; font-family: arial, helvetica, sans-serif;\">REDACCI\u00d3N\/VISI\u00d3N CIUDADANA.<\/span><\/p>\n","protected":false},"excerpt":{"rendered":"<p>En lo que fue la primera comparecencia con motivo de la glosa del Cuarto informe, el grupo parlamentario del PRI en el Congreso de Sinaloa destac\u00f3 la gran obra en material de comunicaciones y obra p\u00fablica que ha realizado el Gobernador Quirino Ordaz Coppel durante su administraci\u00f3n, lo que ha contribuido a elevar la competitividad [&hellip;]<\/p>\n","protected":false},"author":1,"featured_media":6369,"comment_status":"closed","ping_status":"closed","sticky":false,"template":"","format":"standard","meta":{"footnotes":""},"categories":[13],"tags":[],"ppma_author":[31],"class_list":["post-14680","post","type-post","status-publish","format-standard","has-post-thumbnail","hentry","category-locales"],"aioseo_notices":[],"authors":[{"term_id":31,"user_id":1,"is_guest":0,"slug":"ivan3vino","display_name":"Iv\u00e1n Trevi\u00f1o","avatar_url":{"url":"https:\/\/visionciudadana.com.mx\/oficial\/wp-content\/uploads\/2025\/09\/columna-ivan-Trevino.png","url2x":"https:\/\/visionciudadana.com.mx\/oficial\/wp-content\/uploads\/2025\/09\/columna-ivan-Trevino.png"},"0":null,"1":"","2":"","3":"","4":"","5":"","6":"","7":"","8":""}],"_links":{"self":[{"href":"https:\/\/visionciudadana.com.mx\/oficial\/wp-json\/wp\/v2\/posts\/14680","targetHints":{"allow":["GET"]}}],"collection":[{"href":"https:\/\/visionciudadana.com.mx\/oficial\/wp-json\/wp\/v2\/posts"}],"about":[{"href":"https:\/\/visionciudadana.com.mx\/oficial\/wp-json\/wp\/v2\/types\/post"}],"author":[{"embeddable":true,"href":"https:\/\/visionciudadana.com.mx\/oficial\/wp-json\/wp\/v2\/users\/1"}],"replies":[{"embeddable":true,"href":"https:\/\/visionciudadana.com.mx\/oficial\/wp-json\/wp\/v2\/comments?post=14680"}],"version-history":[{"count":1,"href":"https:\/\/visionciudadana.com.mx\/oficial\/wp-json\/wp\/v2\/posts\/14680\/revisions"}],"predecessor-version":[{"id":31538,"href":"https:\/\/visionciudadana.com.mx\/oficial\/wp-json\/wp\/v2\/posts\/14680\/revisions\/31538"}],"wp:featuredmedia":[{"embeddable":true,"href":"https:\/\/visionciudadana.com.mx\/oficial\/wp-json\/wp\/v2\/posts\/6369"}],"wp:attachment":[{"href":"https:\/\/visionciudadana.com.mx\/oficial\/wp-json\/wp\/v2\/media?parent=14680"}],"wp:term":[{"taxonomy":"category","embeddable":true,"href":"https:\/\/visionciudadana.com.mx\/oficial\/wp-json\/wp\/v2\/categories?post=14680"},{"taxonomy":"post_tag","embeddable":true,"href":"https:\/\/visionciudadana.com.mx\/oficial\/wp-json\/wp\/v2\/tags?post=14680"},{"taxonomy":"author","embeddable":true,"href":"https:\/\/visionciudadana.com.mx\/oficial\/wp-json\/wp\/v2\/ppma_author?post=14680"}],"curies":[{"name":"wp","href":"https:\/\/api.w.org\/{rel}","templated":true}]}}