{"id":14679,"date":"2021-01-12T01:07:06","date_gmt":"2021-01-12T01:07:06","guid":{"rendered":"https:\/\/visionciudadana.com.mx\/prueba\/2021\/01\/12\/mantiene-la-uas-labores-durante-la-pandemia-cuidando-la-salud-de-la-comunidad-universitaria\/"},"modified":"2025-06-25T00:32:44","modified_gmt":"2025-06-25T00:32:44","slug":"mantiene-la-uas-labores-durante-la-pandemia-cuidando-la-salud-de-la-comunidad-universitaria","status":"publish","type":"post","link":"https:\/\/visionciudadana.com.mx\/oficial\/2021\/01\/12\/mantiene-la-uas-labores-durante-la-pandemia-cuidando-la-salud-de-la-comunidad-universitaria\/","title":{"rendered":"Mantiene la UAS labores durante la pandemia cuidando la salud de la comunidad universitaria"},"content":{"rendered":"<p style=\"text-align: justify;\"><img fetchpriority=\"high\" decoding=\"async\" src=\"images\/Enero2021\/mantenido_labores.PNG\" alt=\"mantenido labores\" width=\"420\" height=\"220\" style=\"display: block; margin-left: auto; margin-right: auto;\" \/><\/p>\n<p class=\"x_MsoNormal\" style=\"text-align: justify;\" align=\"right\"><span style=\"font-size: 14pt; font-family: arial, helvetica, sans-serif;\">Las actividades acad\u00e9micas y administrativas en la Universidad Aut\u00f3noma de Sinaloa (UAS) no se han detenido, pese a la pandemia por COVID-19 se han sostenido los trabajos en todas las \u00e1reas de la instituci\u00f3n cuid\u00e1ndose la salud de los trabajadores y la calidad de los servicios, estableci\u00f3 el Rector, doctor Juan Eulogio Guerra Liera.<\/span><\/p>\n<p>&nbsp;<\/p>\n<p class=\"x_MsoNormal\" style=\"text-align: justify;\"><span style=\"font-size: 14pt; font-family: arial, helvetica, sans-serif;\">Indic\u00f3 que la pandemia lleg\u00f3 a M\u00e9xico a finales del mes de febrero del a\u00f1o pasado impactando en todas las esferas de la sociedad, pero en la Universidad se actu\u00f3 de manera inmediata e integral informando a la comunidad y adoptando medidas preventivas y transitando a la modalidad en l\u00ednea de manera satisfactoria.<\/span><\/p>\n<p class=\"x_MsoNormal\" style=\"text-align: justify;\"><span style=\"font-size: 14pt; font-family: arial, helvetica, sans-serif;\">&nbsp;&nbsp;&nbsp;&nbsp;&nbsp;&nbsp;&nbsp;&nbsp;&nbsp;&nbsp;&nbsp;&nbsp;&nbsp;&nbsp;&nbsp;&nbsp;&nbsp;&nbsp;&nbsp;&nbsp;&nbsp;&nbsp;&nbsp;&nbsp;&nbsp;&nbsp;&nbsp;&nbsp;&nbsp;&nbsp;&nbsp;&nbsp;&nbsp;&nbsp;&nbsp;&nbsp;&nbsp;&nbsp;&nbsp;&nbsp;&nbsp;&nbsp;&nbsp;&nbsp;&nbsp;&nbsp;&nbsp;&nbsp;&nbsp;&nbsp;&nbsp;&nbsp;&nbsp;&nbsp;<\/span><\/p>\n<p class=\"x_MsoNormal\" style=\"text-align: justify;\"><span style=\"font-size: 14pt; font-family: arial, helvetica, sans-serif;\">\u201cLo hemos hecho tambi\u00e9n en el contexto de nuestro compromiso con la responsabilidad social apoyando a decenas de instituciones con diferentes materiales de higiene, cursos de actualizaci\u00f3n y equipos de atenci\u00f3n y protecci\u00f3n m\u00e9dica; as\u00ed como hemos actuado para prevenir el COVID-19 hoy estamos dando un paso m\u00e1s y nos hemos declarado listos para contribuir tambi\u00e9n en los esfuerzos para aplicar las vacunas que dentro de poco estar\u00e1n disponibles en nuestra entidad\u201d, dijo.<\/span><\/p>\n<p style=\"text-align: justify;\">&nbsp;<\/p>\n<p class=\"x_MsoNormal\" style=\"text-align: justify;\"><span style=\"font-size: 14pt; font-family: arial, helvetica, sans-serif;\">\u201cHemos sido una instituci\u00f3n pionera en diferentes aspectos y la respuesta ante la pandemia no ha sido la excepci\u00f3n, al d\u00eda de hoy tenemos 30 ultracongeladores capaces de almacenar y conservar 1 mill\u00f3n 200 mil dosis, equipos que est\u00e1n a disposici\u00f3n de las autoridades educativas y de salud, as\u00ed mismo como una muestra de la solidaridad de los universitarios tenemos un padr\u00f3n de 3 mil 250 docentes, pasantes y estudiantes del \u00e1rea de la salud listos para recibir la capacitaci\u00f3n espec\u00edfica para la aplicaci\u00f3n de la vacuna atendiendo el plan nacional de vacunaci\u00f3n&nbsp;contra COVID-19\u201d, detall\u00f3.<\/span><\/p>\n<p style=\"text-align: justify;\">&nbsp;<\/p>\n<p class=\"x_MsoNormal\" style=\"text-align: justify;\"><span style=\"font-size: 14pt; font-family: arial, helvetica, sans-serif;\">Guerra Liera enfatiz\u00f3 que las actividades acad\u00e9micas y administrativas en esta m\u00e1xima casa de estudios no se han detenido a ra\u00edz de la pandemia, y desde el primer momento se trabaj\u00f3 para migrar a la modalidad en l\u00ednea, de esta forma se concluy\u00f3 con \u00e9xito el ciclo escolar 2019-2020 y se dio inicio oportuno y adecuado al actual periodo lectivo.<\/span><\/p>\n<p style=\"text-align: justify;\">&nbsp;<\/p>\n<p class=\"x_MsoNormal\" style=\"text-align: justify;\"><span style=\"font-size: 14pt; font-family: arial, helvetica, sans-serif;\">Detall\u00f3 que el proceso de nuevo ingreso al nivel medio superior y superior para el actual ciclo escolar implic\u00f3 esfuerzos colectivos, y en un acto de prevenci\u00f3n el Consejo Universitario dispens\u00f3 la aplicaci\u00f3n del examen CENEVAL a preparatoria y se ingres\u00f3 al 100 por ciento de los aspirantes, mientras que en el nivel superior se aplic\u00f3 el examen CENEVAL en modalidad desde casa logrando una atenci\u00f3n de la demanda del 99.8 por ciento.<\/span><\/p>\n<p style=\"text-align: justify;\">&nbsp;<\/p>\n<p class=\"x_MsoNormal\" style=\"text-align: justify;\"><span style=\"font-size: 14pt; font-family: arial, helvetica, sans-serif;\">\u201cEn este tiempo de confinamiento la totalidad de la matr\u00edcula est\u00e1 tomando clases, y toda la planta docente est\u00e1 cumpliendo con la responsabilidad de ense\u00f1ar, para lo cual se han brindado infinidad de cursos de actualizaci\u00f3n, en el aprovechamiento de la tecnolog\u00eda adecuada y&nbsp; se han llevado a cabo cientos de trabajos y actividades a distancia\u201d, inform\u00f3,<\/span><\/p>\n<p style=\"text-align: justify;\">&nbsp;<\/p>\n<p class=\"x_MsoNormal\" style=\"text-align: justify;\"><span style=\"font-size: 14pt; font-family: arial, helvetica, sans-serif;\">Agreg\u00f3 que con base en la cultura de la calidad acad\u00e9mica en este tiempo se han evaluado ocho licenciaturas, de las cuales seis han sido acreditadas, dos est\u00e1n a la espera de resultados, indicador que coloca a la UAS entre las 10 universidades del pa\u00eds con m\u00e1s programas acreditados durante el a\u00f1o 2020; adem\u00e1s nueve programas educativos han enviado sus informes de autoevaluaci\u00f3n y est\u00e9n pendientes la visita remota, mientras que 14 m\u00e1s est\u00e1n elaborando el informe correspondiente y dos maestr\u00edas y dos doctorados ingresaron al PNPC y 13 programas m\u00e1s refrendaron su sello de calidad ante Conacyt.<\/span><\/p>\n<p style=\"text-align: justify;\">&nbsp;<\/p>\n<p class=\"x_MsoNormal\" style=\"text-align: justify;\"><span style=\"font-size: 14pt; font-family: arial, helvetica, sans-serif;\">\u201cEn el plano nacional e internacional hemos mantenido nuestra presencia en diferentes espacios de cooperaci\u00f3n participando en foros acad\u00e9micos de gesti\u00f3n, posicionando el trabajo de toda la comunidad rosalina, en estos meses hemos logrado la firme renovaci\u00f3n de 196 convenios de colaboraci\u00f3n con los sectores privados, gubernamental, sociedad civil e instituciones acad\u00e9micas tanto nacionales como extranjeras; de igual manera la movilidad estudiantil est\u00e1 siendo posible gracias a las estrategias en la modalidad virtual, as\u00ed como programas de formaci\u00f3n de emprendedores o bolsa de trabajo\u201d, manifest\u00f3.<\/span><\/p>\n<p style=\"text-align: justify;\">&nbsp;<\/p>\n<p class=\"x_MsoNormal\" style=\"text-align: justify;\"><span style=\"font-size: 14pt; font-family: arial, helvetica, sans-serif;\">Por \u00faltimo, el Rector agreg\u00f3 que de especial significado son las acciones de atenci\u00f3n a la diversidad, toda vez que en ADIUAS se han intensificado durante el aislamiento social para garantizar el apoyo especializado a los j\u00f3venes que as\u00ed lo requieren.<\/span><\/p>\n<p style=\"text-align: justify;\">&nbsp;<\/p>\n<p class=\"x_MsoNormal\" style=\"text-align: justify;\"><span style=\"font-size: 14pt; font-family: arial, helvetica, sans-serif;\">\u201cTodo este quehacer nos ha sostenido en un lugar de liderazgo nacional y nos ha colocado tambi\u00e9n en el Ranking Mundial de universidades como una de las mejores&nbsp;casas de estudio de M\u00e9xico; como se puede observar, hemos sido capaces de responder con hechos ante la pandemia y as\u00ed habremos de continuar durante los pr\u00f3ximos meses\u201d, puntualiz\u00f3.<\/span><\/p>\n<p style=\"text-align: justify;\">&nbsp;<\/p>\n<p style=\"text-align: justify;\">&nbsp;<\/p>\n<p style=\"text-align: justify;\"><span style=\"font-size: 14pt; font-family: arial, helvetica, sans-serif;\">REDACCI\u00d3N\/VISI\u00d3N CIUDADANA.<\/span><\/p>\n","protected":false},"excerpt":{"rendered":"<p>Las actividades acad\u00e9micas y administrativas en la Universidad Aut\u00f3noma de Sinaloa (UAS) no se han detenido, pese a la pandemia por COVID-19 se han sostenido los trabajos en todas las \u00e1reas de la instituci\u00f3n cuid\u00e1ndose la salud de los trabajadores y la calidad de los servicios, estableci\u00f3 el Rector, doctor Juan Eulogio Guerra Liera. &nbsp; [&hellip;]<\/p>\n","protected":false},"author":1,"featured_media":6367,"comment_status":"closed","ping_status":"closed","sticky":false,"template":"","format":"standard","meta":{"footnotes":""},"categories":[13],"tags":[],"ppma_author":[31],"class_list":["post-14679","post","type-post","status-publish","format-standard","has-post-thumbnail","hentry","category-locales"],"aioseo_notices":[],"authors":[{"term_id":31,"user_id":1,"is_guest":0,"slug":"ivan3vino","display_name":"Iv\u00e1n Trevi\u00f1o","avatar_url":{"url":"https:\/\/visionciudadana.com.mx\/oficial\/wp-content\/uploads\/2025\/09\/columna-ivan-Trevino.png","url2x":"https:\/\/visionciudadana.com.mx\/oficial\/wp-content\/uploads\/2025\/09\/columna-ivan-Trevino.png"},"0":null,"1":"","2":"","3":"","4":"","5":"","6":"","7":"","8":""}],"_links":{"self":[{"href":"https:\/\/visionciudadana.com.mx\/oficial\/wp-json\/wp\/v2\/posts\/14679","targetHints":{"allow":["GET"]}}],"collection":[{"href":"https:\/\/visionciudadana.com.mx\/oficial\/wp-json\/wp\/v2\/posts"}],"about":[{"href":"https:\/\/visionciudadana.com.mx\/oficial\/wp-json\/wp\/v2\/types\/post"}],"author":[{"embeddable":true,"href":"https:\/\/visionciudadana.com.mx\/oficial\/wp-json\/wp\/v2\/users\/1"}],"replies":[{"embeddable":true,"href":"https:\/\/visionciudadana.com.mx\/oficial\/wp-json\/wp\/v2\/comments?post=14679"}],"version-history":[{"count":1,"href":"https:\/\/visionciudadana.com.mx\/oficial\/wp-json\/wp\/v2\/posts\/14679\/revisions"}],"predecessor-version":[{"id":31539,"href":"https:\/\/visionciudadana.com.mx\/oficial\/wp-json\/wp\/v2\/posts\/14679\/revisions\/31539"}],"wp:featuredmedia":[{"embeddable":true,"href":"https:\/\/visionciudadana.com.mx\/oficial\/wp-json\/wp\/v2\/posts\/6367"}],"wp:attachment":[{"href":"https:\/\/visionciudadana.com.mx\/oficial\/wp-json\/wp\/v2\/media?parent=14679"}],"wp:term":[{"taxonomy":"category","embeddable":true,"href":"https:\/\/visionciudadana.com.mx\/oficial\/wp-json\/wp\/v2\/categories?post=14679"},{"taxonomy":"post_tag","embeddable":true,"href":"https:\/\/visionciudadana.com.mx\/oficial\/wp-json\/wp\/v2\/tags?post=14679"},{"taxonomy":"author","embeddable":true,"href":"https:\/\/visionciudadana.com.mx\/oficial\/wp-json\/wp\/v2\/ppma_author?post=14679"}],"curies":[{"name":"wp","href":"https:\/\/api.w.org\/{rel}","templated":true}]}}