{"id":14677,"date":"2021-01-12T00:47:06","date_gmt":"2021-01-12T00:47:06","guid":{"rendered":"https:\/\/visionciudadana.com.mx\/prueba\/2021\/01\/12\/responde-ceaip-91-de-solicitudes-de-informacion-sobre-el-covid-en-sinaloa\/"},"modified":"2025-06-25T00:32:45","modified_gmt":"2025-06-25T00:32:45","slug":"responde-ceaip-91-de-solicitudes-de-informacion-sobre-el-covid-en-sinaloa","status":"publish","type":"post","link":"https:\/\/visionciudadana.com.mx\/oficial\/2021\/01\/12\/responde-ceaip-91-de-solicitudes-de-informacion-sobre-el-covid-en-sinaloa\/","title":{"rendered":"Responde Ceaip 91% de solicitudes de informaci\u00f3n sobre el Covid en Sinaloa"},"content":{"rendered":"<p class=\"x_MsoNormal\" align=\"center\"><b><br \/><img fetchpriority=\"high\" decoding=\"async\" src=\"images\/Enero2021\/solicitud_covid_ceaip.PNG\" alt=\"solicitud covid ceaip\" width=\"423\" height=\"254\" style=\"display: block; margin-left: auto; margin-right: auto;\" \/><br \/><\/b><\/p>\n<p class=\"x_MsoNormal\" style=\"text-align: justify;\"><span style=\"font-size: 14pt; font-family: arial, helvetica, sans-serif;\"><i>Los datos entregados corresponden a aplicaci\u00f3n de recursos ante la pandemia, capacidades en Salud, entregas de apoyos, criterios de medidas aplicadas y pueden ser consultados en el micrositio de la Ceaip&nbsp;<\/i><i><a href=\"http:\/\/www.covid.ceaipsinaloa.org.mx\/\" target=\"_blank\" rel=\"noopener noreferrer\" data-auth=\"NotApplicable\">www.covid.ceaipsinaloa.org.mx<\/a><\/p>\n<p><\/i><i><\/i><\/span><\/p>\n<p class=\"x_MsoNormal\" style=\"text-align: justify;\"><span style=\"font-size: 14pt; font-family: arial, helvetica, sans-serif;\">El 90 por ciento de las solicitudes de informaci\u00f3n p\u00fablica relacionadas con el Covid-19 en Sinaloa han sido respondidas, afirm\u00f3 Jos\u00e9 Alfredo Beltr\u00e1n Estrada, Presidente de la Ceaip.<\/span><\/p>\n<p style=\"text-align: justify;\">&nbsp;<\/p>\n<p class=\"x_MsoNormal\" style=\"text-align: justify;\"><span style=\"font-size: 14pt; font-family: arial, helvetica, sans-serif;\">El titular de la Comisi\u00f3n Estatal para el Acceso a la informaci\u00f3n p\u00fablica explic\u00f3 que de las 796 peticiones de informaci\u00f3n presentadas desde inicios del 2020 hacia 134 dependencias estatales y municipales, 729 han sido respondidas.<\/span><\/p>\n<p style=\"text-align: justify;\">&nbsp;<\/p>\n<p class=\"x_MsoNormal\" style=\"text-align: justify;\"><span style=\"font-size: 14pt; font-family: arial, helvetica, sans-serif;\">Abund\u00f3 que las respuestas a las solicitudes se encuentran en formato abierto y a disposici\u00f3n de los ciudadanos en el micrositio creado por Ceaip con diversa informaci\u00f3n proactiva sobre la pandemia, disponible en la direcci\u00f3n&nbsp;<i><a href=\"http:\/\/www.covid.ceaipsinaloa.org.mx\/\" target=\"_blank\" rel=\"noopener noreferrer\" data-auth=\"NotApplicable\">www.covid.ceaipsinaloa.org.mx<\/a><\/p>\n<p><\/i><\/span><\/p>\n<p style=\"text-align: justify;\">&nbsp;<\/p>\n<p class=\"x_MsoNormal\" style=\"text-align: justify;\"><span style=\"font-size: 14pt; font-family: arial, helvetica, sans-serif;\">Invit\u00f3 a los ciudadanos a realizar su consulta pues representan una utilidad para la toma de decisiones vitales enmarcadas en la contingencia.<\/span><\/p>\n<p style=\"text-align: justify;\">&nbsp;<\/p>\n<p class=\"x_MsoNormal\" style=\"text-align: justify;\"><span style=\"font-size: 14pt; font-family: arial, helvetica, sans-serif;\">Reiter\u00f3 el llamado a los sujetos obligados de la Ley de Transparencia en Sinaloa a generar informaci\u00f3n \u00fatil en sus sitios de internet sobre acciones emprendidas ante la propagaci\u00f3n del virus.<\/span><\/p>\n<p style=\"text-align: justify;\">&nbsp;<\/p>\n<p class=\"x_MsoNormal\" style=\"text-align: justify;\"><span style=\"font-size: 14pt; font-family: arial, helvetica, sans-serif;\">Dijo que las solicitudes respondidas fueron presentadas a las Secretar\u00edas de Salud, de Seguridad P\u00fablica, Ayuntamientos y paramunicipales principalmente de Ahome, Culiac\u00e1n, Mazatl\u00e1n.<\/span><\/p>\n<p style=\"text-align: justify;\">&nbsp;<\/p>\n<p class=\"x_MsoNormal\" style=\"text-align: justify;\"><span style=\"font-size: 14pt; font-family: arial, helvetica, sans-serif;\">Explic\u00f3 que versan sobre capacidades del sector salud, estad\u00edsticas de contagios, decesos, pruebas realizadas, beneficiarios de apoyos con cr\u00e9ditos, entrega de despensas, medidas econ\u00f3micas, laborales, preventivas y sus criterios para la aplicaci\u00f3n.<\/span><\/p>\n<p style=\"text-align: justify;\">&nbsp;<\/p>\n<p class=\"x_MsoNormal\" style=\"text-align: justify;\"><span style=\"font-size: 14pt; font-family: arial, helvetica, sans-serif;\">Las respuestas de las dependencias tambi\u00e9n contienen informaci\u00f3n de asignaci\u00f3n de recursos estatales y federales, servidores p\u00fablicos contagiados, denuncias por mal uso de recursos del Covid-19, entre otros.<\/span><\/p>\n<p style=\"text-align: justify;\">&nbsp;<\/p>\n<p class=\"x_MsoNormal\" style=\"text-align: justify;\"><span style=\"font-size: 14pt; font-family: arial, helvetica, sans-serif;\">Advirti\u00f3 que en caso de que las contestaciones no sean satisfactorias, los ciudadanos se pueden inconformar ante Ceaip presentando recurso de revisi\u00f3n para que el \u00f3rgano aut\u00f3nomo constitucional analice y resuelva los casos en espec\u00edfico.<\/span><\/p>\n<p style=\"text-align: justify;\">&nbsp;<\/p>\n<p style=\"text-align: justify;\">&nbsp;<\/p>\n<p style=\"text-align: justify;\"><span style=\"font-size: 14pt; font-family: arial, helvetica, sans-serif;\">REDACCI\u00d3N\/VISI\u00d3N CIUDADANA.<\/span><\/p>\n","protected":false},"excerpt":{"rendered":"<p>Los datos entregados corresponden a aplicaci\u00f3n de recursos ante la pandemia, capacidades en Salud, entregas de apoyos, criterios de medidas aplicadas y pueden ser consultados en el micrositio de la Ceaip&nbsp;www.covid.ceaipsinaloa.org.mx El 90 por ciento de las solicitudes de informaci\u00f3n p\u00fablica relacionadas con el Covid-19 en Sinaloa han sido respondidas, afirm\u00f3 Jos\u00e9 Alfredo Beltr\u00e1n Estrada, [&hellip;]<\/p>\n","protected":false},"author":1,"featured_media":6363,"comment_status":"closed","ping_status":"closed","sticky":false,"template":"","format":"standard","meta":{"footnotes":""},"categories":[24],"tags":[],"ppma_author":[31],"class_list":["post-14677","post","type-post","status-publish","format-standard","has-post-thumbnail","hentry","category-relevantes"],"aioseo_notices":[],"authors":[{"term_id":31,"user_id":1,"is_guest":0,"slug":"ivan3vino","display_name":"Iv\u00e1n Trevi\u00f1o","avatar_url":{"url":"https:\/\/visionciudadana.com.mx\/oficial\/wp-content\/uploads\/2025\/09\/columna-ivan-Trevino.png","url2x":"https:\/\/visionciudadana.com.mx\/oficial\/wp-content\/uploads\/2025\/09\/columna-ivan-Trevino.png"},"0":null,"1":"","2":"","3":"","4":"","5":"","6":"","7":"","8":""}],"_links":{"self":[{"href":"https:\/\/visionciudadana.com.mx\/oficial\/wp-json\/wp\/v2\/posts\/14677","targetHints":{"allow":["GET"]}}],"collection":[{"href":"https:\/\/visionciudadana.com.mx\/oficial\/wp-json\/wp\/v2\/posts"}],"about":[{"href":"https:\/\/visionciudadana.com.mx\/oficial\/wp-json\/wp\/v2\/types\/post"}],"author":[{"embeddable":true,"href":"https:\/\/visionciudadana.com.mx\/oficial\/wp-json\/wp\/v2\/users\/1"}],"replies":[{"embeddable":true,"href":"https:\/\/visionciudadana.com.mx\/oficial\/wp-json\/wp\/v2\/comments?post=14677"}],"version-history":[{"count":1,"href":"https:\/\/visionciudadana.com.mx\/oficial\/wp-json\/wp\/v2\/posts\/14677\/revisions"}],"predecessor-version":[{"id":31541,"href":"https:\/\/visionciudadana.com.mx\/oficial\/wp-json\/wp\/v2\/posts\/14677\/revisions\/31541"}],"wp:featuredmedia":[{"embeddable":true,"href":"https:\/\/visionciudadana.com.mx\/oficial\/wp-json\/wp\/v2\/posts\/6363"}],"wp:attachment":[{"href":"https:\/\/visionciudadana.com.mx\/oficial\/wp-json\/wp\/v2\/media?parent=14677"}],"wp:term":[{"taxonomy":"category","embeddable":true,"href":"https:\/\/visionciudadana.com.mx\/oficial\/wp-json\/wp\/v2\/categories?post=14677"},{"taxonomy":"post_tag","embeddable":true,"href":"https:\/\/visionciudadana.com.mx\/oficial\/wp-json\/wp\/v2\/tags?post=14677"},{"taxonomy":"author","embeddable":true,"href":"https:\/\/visionciudadana.com.mx\/oficial\/wp-json\/wp\/v2\/ppma_author?post=14677"}],"curies":[{"name":"wp","href":"https:\/\/api.w.org\/{rel}","templated":true}]}}