{"id":14676,"date":"2021-01-12T00:33:35","date_gmt":"2021-01-12T00:33:35","guid":{"rendered":"https:\/\/visionciudadana.com.mx\/prueba\/2021\/01\/12\/por-encima-de-todo-esta-el-proyecto-partido-sinaloense-hector-melesio-cuen\/"},"modified":"2025-06-25T00:32:45","modified_gmt":"2025-06-25T00:32:45","slug":"por-encima-de-todo-esta-el-proyecto-partido-sinaloense-hector-melesio-cuen","status":"publish","type":"post","link":"https:\/\/visionciudadana.com.mx\/oficial\/2021\/01\/12\/por-encima-de-todo-esta-el-proyecto-partido-sinaloense-hector-melesio-cuen\/","title":{"rendered":"\u00abPor encima de todo est\u00e1 el proyecto Partido Sinaloense\u00bb: H\u00e9ctor Melesio Cu\u00e9n"},"content":{"rendered":"<div style=\"text-align: justify;\"><img fetchpriority=\"high\" decoding=\"async\" src=\"images\/Enero2021\/es_el_momento.PNG\" alt=\"es el momento\" width=\"396\" height=\"215\" style=\"display: block; margin-left: auto; margin-right: auto;\" \/><\/p>\n<p><span style=\"font-size: 14pt; font-family: arial, helvetica, sans-serif;\">Estamos listos para iniciar la precampa\u00f1a a gobernador del 16 al 31 de enero,&nbsp; ya que tenemos la mejor estructura territorial de los 10 partidos nacionales registrados y contamos con mucho m\u00e1s militantes que la suma de todos esos institutos pol\u00edticos.<\/span><\/div>\n<p style=\"text-align: justify;\">&nbsp;<\/p>\n<div style=\"text-align: justify;\"><span style=\"font-size: 14pt; font-family: arial, helvetica, sans-serif;\">Hoy y ma\u00f1ana el PAS abrir\u00e1 la convocatoria para los puestos de elecci\u00f3n popular en todo el estado, estamos abiertos al registro de ciudadanos los cuales ser\u00e1n evaluados para poder ser aceptados, pero tambi\u00e9n esperamos que nuestros militantes se registren para estar en condiciones de&nbsp; iniciar una campa\u00f1a electoral el 4 de abril, dijo H\u00e9ctor Melesio Cu\u00e9n Ojeda.<\/span><\/div>\n<div style=\"text-align: justify;\">\n<p><span style=\"font-size: 14pt; font-family: arial, helvetica, sans-serif;\">Iniciamos el s\u00e1bado a la 10 de la ma\u00f1ana en Culiac\u00e1n y a las 16 horas en Mazatl\u00e1n.<\/span><\/div>\n<div style=\"text-align: justify;\">\n<p><span style=\"font-size: 14pt; font-family: arial, helvetica, sans-serif;\">Respecto a las coaliciones tuvimos reuniones con los l\u00edderes de los diferentes partidos, pero al no conocer el abanderado para la gubernatura ni la plataforma electoral a enarbolar, no suscribimos acuerdo alguno, nosotros respetamos a nuestra militancia y no podemos hacer alianzas a ciegas, sin evaluar a quien nos puede representar ante el electorado.<\/span><\/div>\n<div style=\"text-align: justify;\">\n<p><span style=\"font-size: 14pt; font-family: arial, helvetica, sans-serif;\">Es decir, nos negamos a firmar un cheque en blanco.<\/span><\/div>\n<div style=\"text-align: justify;\">\n<p><span style=\"font-size: 14pt; font-family: arial, helvetica, sans-serif;\">\u201cEn estas charlas que tuvimos para llegar a un acuerdo de coalici\u00f3n con los partidos nacionales, yo fui muy claro y les puse sobre la mesa que no puedo firmar este tipo de convenio si el dirigente del PAS no es evaluado junto a los dem\u00e1s precandidatos, esa fue una de las razones por la que no aceptamos un arreglo.<\/span><\/div>\n<div style=\"text-align: justify;\">\n<p><span style=\"font-size: 14pt; font-family: arial, helvetica, sans-serif;\">El PAS pone por delante la productividad, su estructura, pero, adem\u00e1s, nosotros no hemos dejado de trabajar en beneficio de los ciudadanos de Sinaloa\u201d, expres\u00f3 H\u00e9ctor Melesio Cu\u00e9n Ojeda.<\/span><\/div>\n<div style=\"text-align: justify;\">\n<p><span style=\"font-size: 14pt; font-family: arial, helvetica, sans-serif;\">Ahora la ley permite las candidaturas comunes y por ello nosotros estamos en disposici\u00f3n de participar en ellas. Es importante decir que con los \u00fanicos partidos que podemos tener candidaturas comunes es con Movimiento Ciudadano, Morena, Partido del Trabajo y Verde Ecologista, pero de no llegar a un acuerdo, los datos que tenemos es que nosotros podemos ganar este proceso electoral 2021.<\/span><\/div>\n<div style=\"text-align: justify;\">\n<p><span style=\"font-size: 14pt; font-family: arial, helvetica, sans-serif;\">En relaci\u00f3n a declaraciones de algunos integrantes de MORENA, las entendemos como diferencias que hay entre otros partidos, y siempre hemos dicho que respetamos la vida interna de otros organismos pol\u00edticos, les corresponde a ellos resolver.<\/span><\/div>\n<div style=\"text-align: justify;\">\n<p><span style=\"font-size: 14pt; font-family: arial, helvetica, sans-serif;\">Fue lamentable que no usaran la conferencia para sumar al interior y al exterior la unidad que tanto necesita M\u00e9xico, de reconocer los esfuerzos que est\u00e1n haciendo sus l\u00edderes, iniciando por el presidente Andr\u00e9s Manuel L\u00f3pez Obrador.<\/span><\/div>\n<div style=\"text-align: justify;\">\n<p><span style=\"font-size: 14pt; font-family: arial, helvetica, sans-serif;\">Yo aspiro a ser gobernador del estado, no me interesa otro tipo de puestos de elecci\u00f3n, por encima de esto \u00faltimo est\u00e1 el proyecto social que enarbola el PAS.&nbsp;<\/span><\/div>\n<div style=\"text-align: justify;\">&nbsp;<\/div>\n<div style=\"text-align: justify;\">&nbsp;<\/div>\n<div style=\"text-align: justify;\">&nbsp;<\/div>\n<div style=\"text-align: justify;\"><span style=\"font-size: 14pt; font-family: arial, helvetica, sans-serif;\">REDACCI\u00d3N\/VISI\u00d3N CIUDADANA.<\/span><\/div>\n","protected":false},"excerpt":{"rendered":"<p>Estamos listos para iniciar la precampa\u00f1a a gobernador del 16 al 31 de enero,&nbsp; ya que tenemos la mejor estructura territorial de los 10 partidos nacionales registrados y contamos con mucho m\u00e1s militantes que la suma de todos esos institutos pol\u00edticos. &nbsp; Hoy y ma\u00f1ana el PAS abrir\u00e1 la convocatoria para los puestos de elecci\u00f3n [&hellip;]<\/p>\n","protected":false},"author":1,"featured_media":6361,"comment_status":"closed","ping_status":"closed","sticky":false,"template":"","format":"standard","meta":{"footnotes":""},"categories":[24],"tags":[],"ppma_author":[31],"class_list":["post-14676","post","type-post","status-publish","format-standard","has-post-thumbnail","hentry","category-relevantes"],"aioseo_notices":[],"authors":[{"term_id":31,"user_id":1,"is_guest":0,"slug":"ivan3vino","display_name":"Iv\u00e1n Trevi\u00f1o","avatar_url":{"url":"https:\/\/visionciudadana.com.mx\/oficial\/wp-content\/uploads\/2025\/09\/columna-ivan-Trevino.png","url2x":"https:\/\/visionciudadana.com.mx\/oficial\/wp-content\/uploads\/2025\/09\/columna-ivan-Trevino.png"},"0":null,"1":"","2":"","3":"","4":"","5":"","6":"","7":"","8":""}],"_links":{"self":[{"href":"https:\/\/visionciudadana.com.mx\/oficial\/wp-json\/wp\/v2\/posts\/14676","targetHints":{"allow":["GET"]}}],"collection":[{"href":"https:\/\/visionciudadana.com.mx\/oficial\/wp-json\/wp\/v2\/posts"}],"about":[{"href":"https:\/\/visionciudadana.com.mx\/oficial\/wp-json\/wp\/v2\/types\/post"}],"author":[{"embeddable":true,"href":"https:\/\/visionciudadana.com.mx\/oficial\/wp-json\/wp\/v2\/users\/1"}],"replies":[{"embeddable":true,"href":"https:\/\/visionciudadana.com.mx\/oficial\/wp-json\/wp\/v2\/comments?post=14676"}],"version-history":[{"count":1,"href":"https:\/\/visionciudadana.com.mx\/oficial\/wp-json\/wp\/v2\/posts\/14676\/revisions"}],"predecessor-version":[{"id":31542,"href":"https:\/\/visionciudadana.com.mx\/oficial\/wp-json\/wp\/v2\/posts\/14676\/revisions\/31542"}],"wp:featuredmedia":[{"embeddable":true,"href":"https:\/\/visionciudadana.com.mx\/oficial\/wp-json\/wp\/v2\/posts\/6361"}],"wp:attachment":[{"href":"https:\/\/visionciudadana.com.mx\/oficial\/wp-json\/wp\/v2\/media?parent=14676"}],"wp:term":[{"taxonomy":"category","embeddable":true,"href":"https:\/\/visionciudadana.com.mx\/oficial\/wp-json\/wp\/v2\/categories?post=14676"},{"taxonomy":"post_tag","embeddable":true,"href":"https:\/\/visionciudadana.com.mx\/oficial\/wp-json\/wp\/v2\/tags?post=14676"},{"taxonomy":"author","embeddable":true,"href":"https:\/\/visionciudadana.com.mx\/oficial\/wp-json\/wp\/v2\/ppma_author?post=14676"}],"curies":[{"name":"wp","href":"https:\/\/api.w.org\/{rel}","templated":true}]}}