{"id":14670,"date":"2021-01-09T23:34:46","date_gmt":"2021-01-09T23:34:46","guid":{"rendered":"https:\/\/visionciudadana.com.mx\/prueba\/2021\/01\/09\/es-autoritario-querer-desaparecer-los-organos-autonomos-carlos-castanos\/"},"modified":"2025-06-25T00:32:45","modified_gmt":"2025-06-25T00:32:45","slug":"es-autoritario-querer-desaparecer-los-organos-autonomos-carlos-castanos","status":"publish","type":"post","link":"https:\/\/visionciudadana.com.mx\/oficial\/2021\/01\/09\/es-autoritario-querer-desaparecer-los-organos-autonomos-carlos-castanos\/","title":{"rendered":"Es autoritario querer desaparecer los \u00f3rganos aut\u00f3nomos: Carlos Casta\u00f1os"},"content":{"rendered":"<p><img fetchpriority=\"high\" decoding=\"async\" src=\"images\/Enero2021\/Carlos-Casta\u00f1os-2.gif\" alt=\"Carlos Casta\u00f1os 2\" width=\"720\" height=\"480\" style=\"display: block; margin-left: auto; margin-right: auto;\" \/><\/p>\n<p>&nbsp;<\/p>\n<p style=\"text-align: justify;\"><span style=\"font-size: 14pt; font-family: arial, helvetica, sans-serif;\"><em>Los gobiernos de morena no aceptan contrapesos, no lo debemos permitir<\/em><\/span><\/p>\n<p>&nbsp;<\/p>\n<p style=\"text-align: justify;\"><span style=\"font-size: 14pt; font-family: arial, helvetica, sans-serif;\">El Presidente Andr\u00e9s Manuel L\u00f3pez Obrador inform\u00f3 que presentar\u00e1 una iniciativa para extinguir distintos \u00f3rganos aut\u00f3nomos como la Comisi\u00f3n Federal de Competencia Econ\u00f3mica (COFECE), el Instituto Federal de Telecomunicaciones (IFT), el Instituto Nacional de Acceso a la Informaci\u00f3n (INAI), el Instituto Nacional de Estad\u00edstica y Geograf\u00eda (INEGI), entre otros. En ese sentido, inform\u00f3 el Presidente que buscar\u00eda que pasar\u00e1n a formar parte de la estructura de la administraci\u00f3n p\u00fablica federal.<\/span><\/p>\n<p>&nbsp;<\/p>\n<p style=\"text-align: justify;\"><span style=\"font-size: 14pt; font-family: arial, helvetica, sans-serif;\">La administraci\u00f3n federal ha sido exhibida plenamente no solo por su incongruencia, sino por una grav\u00edsima falta de eficiencia y profesionalismo. La incompetencia ha sido el com\u00fan denominador en las reformas y pol\u00edticas instrumentadas por los gobiernos de Morena, dijo Carlos Casta\u00f1os Valenzuela.<\/span><\/p>\n<p>&nbsp;<\/p>\n<p style=\"text-align: justify;\"><span style=\"font-size: 14pt; font-family: arial, helvetica, sans-serif;\">\u201cCon esta iniciativa de migrar los \u00f3rganos aut\u00f3nomos de su car\u00e1cter independiente hacia dentro de las secretar\u00edas de Estado, se estar\u00edan convirtiendo en \u00f3rganos pol\u00edticos, por lo que perder\u00edan la raz\u00f3n de ser por la que fueron originalmente creados, que es tomar decisiones t\u00e9cnicas con independencia.<\/span><\/p>\n<p>&nbsp;<\/p>\n<p style=\"text-align: justify;\"><span style=\"font-size: 14pt; font-family: arial, helvetica, sans-serif;\">\u201cLos \u00d3rganos Constitucionales Aut\u00f3nomos forman parte del Estado Mexicano y son un contrapeso fundamental para los Poderes de la Uni\u00f3n, expres\u00f3 el Diputado Federal Panista.<\/span><\/p>\n<p>&nbsp;<\/p>\n<p style=\"text-align: justify;\"><span style=\"font-size: 14pt; font-family: arial, helvetica, sans-serif;\">El presidente prefiere eliminar a sus contrapesos institucionales, ya que no permite el disenso, ni dialoga con la sociedad civil y los dem\u00e1s poderes p\u00fablicos.<\/span><\/p>\n<p>&nbsp;<\/p>\n<p style=\"text-align: justify;\"><span style=\"font-size: 14pt; font-family: arial, helvetica, sans-serif;\">\u201cLa concentraci\u00f3n del poder, la eliminaci\u00f3n de controles y del conocimiento t\u00e9cnico especializado no contribuir\u00e1n nunca a alcanzar resultados positivos en ninguna de las \u00e1reas reguladas actualmente de forma aut\u00f3noma.<\/span><\/p>\n<p>&nbsp;<\/p>\n<p style=\"text-align: justify;\"><span style=\"font-size: 14pt; font-family: arial, helvetica, sans-serif;\">\u201cGracias a estas instituciones es que se han descubierto escandalosos casos de negligencia y corrupci\u00f3n del gobierno\u201d, coment\u00f3 Casta\u00f1os Valenzuela.<\/span><\/p>\n<p>&nbsp;<\/p>\n<p style=\"text-align: justify;\"><span style=\"font-size: 14pt; font-family: arial, helvetica, sans-serif;\">Detr\u00e1s de querer desaparecer los \u00f3rganos aut\u00f3nomos est\u00e1 la verdadera intenci\u00f3n de seguir con la destrucci\u00f3n institucional de aquello que le inc\u00f3modo al gobierno, as\u00ed como eliminar los contrapesos democr\u00e1ticos.<\/span><\/p>\n<p>&nbsp;<\/p>\n<p style=\"text-align: justify;\"><span style=\"font-size: 14pt; font-family: arial, helvetica, sans-serif;\">\u201cEn el caso del Instituto Nacional de Acceso a la Informaci\u00f3n (INAI) y el Instituto Nacional de Estad\u00edstica y Geograf\u00eda (INEGI), es todav\u00eda m\u00e1s grave porque son dos enormes pilares institucionales que sostienen la democracia en el pa\u00eds. A trav\u00e9s de ellos es que se pueden medir y conocer datos important\u00edsimos sobre el pa\u00eds. Entre ellos, destacan las mediciones de pobreza, crecimiento y desarrollo econ\u00f3mico, as\u00ed como acceso a toda la informaci\u00f3n p\u00fablica para consumo de la ciudadan\u00eda\u201d, finaliz\u00f3 el panista sinaloense.<\/span><\/p>\n<p>&nbsp;<\/p>\n<p style=\"text-align: justify;\"><span style=\"font-size: 14pt; font-family: arial, helvetica, sans-serif;\">En el Grupo Parlamentario del PAN NO PERMITIREMOS la desaparici\u00f3n del INAI y de la autonom\u00eda de los \u00f3rganos que con tanto trabajo han dado solidez institucional a M\u00e9xico.<\/span><\/p>\n<p style=\"text-align: justify;\"><span style=\"font-size: 14pt; font-family: arial, helvetica, sans-serif;\">Redacci\u00f3n\/VisionCiudadana<\/span><\/p>\n","protected":false},"excerpt":{"rendered":"<p>&nbsp; Los gobiernos de morena no aceptan contrapesos, no lo debemos permitir &nbsp; El Presidente Andr\u00e9s Manuel L\u00f3pez Obrador inform\u00f3 que presentar\u00e1 una iniciativa para extinguir distintos \u00f3rganos aut\u00f3nomos como la Comisi\u00f3n Federal de Competencia Econ\u00f3mica (COFECE), el Instituto Federal de Telecomunicaciones (IFT), el Instituto Nacional de Acceso a la Informaci\u00f3n (INAI), el Instituto Nacional [&hellip;]<\/p>\n","protected":false},"author":1,"featured_media":6354,"comment_status":"closed","ping_status":"closed","sticky":false,"template":"","format":"standard","meta":{"footnotes":""},"categories":[24],"tags":[],"ppma_author":[31],"class_list":["post-14670","post","type-post","status-publish","format-standard","has-post-thumbnail","hentry","category-relevantes"],"aioseo_notices":[],"authors":[{"term_id":31,"user_id":1,"is_guest":0,"slug":"ivan3vino","display_name":"Iv\u00e1n Trevi\u00f1o","avatar_url":{"url":"https:\/\/visionciudadana.com.mx\/oficial\/wp-content\/uploads\/2025\/09\/columna-ivan-Trevino.png","url2x":"https:\/\/visionciudadana.com.mx\/oficial\/wp-content\/uploads\/2025\/09\/columna-ivan-Trevino.png"},"0":null,"1":"","2":"","3":"","4":"","5":"","6":"","7":"","8":""}],"_links":{"self":[{"href":"https:\/\/visionciudadana.com.mx\/oficial\/wp-json\/wp\/v2\/posts\/14670","targetHints":{"allow":["GET"]}}],"collection":[{"href":"https:\/\/visionciudadana.com.mx\/oficial\/wp-json\/wp\/v2\/posts"}],"about":[{"href":"https:\/\/visionciudadana.com.mx\/oficial\/wp-json\/wp\/v2\/types\/post"}],"author":[{"embeddable":true,"href":"https:\/\/visionciudadana.com.mx\/oficial\/wp-json\/wp\/v2\/users\/1"}],"replies":[{"embeddable":true,"href":"https:\/\/visionciudadana.com.mx\/oficial\/wp-json\/wp\/v2\/comments?post=14670"}],"version-history":[{"count":1,"href":"https:\/\/visionciudadana.com.mx\/oficial\/wp-json\/wp\/v2\/posts\/14670\/revisions"}],"predecessor-version":[{"id":31543,"href":"https:\/\/visionciudadana.com.mx\/oficial\/wp-json\/wp\/v2\/posts\/14670\/revisions\/31543"}],"wp:featuredmedia":[{"embeddable":true,"href":"https:\/\/visionciudadana.com.mx\/oficial\/wp-json\/wp\/v2\/posts\/6354"}],"wp:attachment":[{"href":"https:\/\/visionciudadana.com.mx\/oficial\/wp-json\/wp\/v2\/media?parent=14670"}],"wp:term":[{"taxonomy":"category","embeddable":true,"href":"https:\/\/visionciudadana.com.mx\/oficial\/wp-json\/wp\/v2\/categories?post=14670"},{"taxonomy":"post_tag","embeddable":true,"href":"https:\/\/visionciudadana.com.mx\/oficial\/wp-json\/wp\/v2\/tags?post=14670"},{"taxonomy":"author","embeddable":true,"href":"https:\/\/visionciudadana.com.mx\/oficial\/wp-json\/wp\/v2\/ppma_author?post=14670"}],"curies":[{"name":"wp","href":"https:\/\/api.w.org\/{rel}","templated":true}]}}