{"id":14668,"date":"2021-01-09T16:24:00","date_gmt":"2021-01-09T16:24:00","guid":{"rendered":"https:\/\/visionciudadana.com.mx\/prueba\/2021\/01\/09\/morena-pretende-desaparecer-instituciones-y-organismos-autonomos-jesus-valdes\/"},"modified":"2025-06-25T00:32:45","modified_gmt":"2025-06-25T00:32:45","slug":"morena-pretende-desaparecer-instituciones-y-organismos-autonomos-jesus-valdes","status":"publish","type":"post","link":"https:\/\/visionciudadana.com.mx\/oficial\/2021\/01\/09\/morena-pretende-desaparecer-instituciones-y-organismos-autonomos-jesus-valdes\/","title":{"rendered":"Morena pretende desaparecer  instituciones  y organismos aut\u00f3nomos: Jes\u00fas Vald\u00e9s"},"content":{"rendered":"<p><img fetchpriority=\"high\" decoding=\"async\" src=\"images\/Enero2021\/chuy-21.gif\" alt=\"chuy 21\" width=\"720\" height=\"480\" style=\"display: block; margin-left: auto; margin-right: auto;\" \/><\/p>\n<p style=\"text-align: justify;\"><span style=\"font-size: 14pt; font-family: arial, helvetica, sans-serif;\">En gira de trabajo por este municipio, el presidente del Comit\u00e9 PRI en Sinaloa, Jes\u00fas Vald\u00e9s Palazuelos se\u00f1al\u00f3 no estar de acuerdo en la nueva reforma administrativa que prepar\u00e1 el gobierno federal para que organismos como el Instituto Federal de Telecomunicaciones, (ITF); el Instituto Nacional de Transparencia, Acceso a la Informaci\u00f3n y Protecci\u00f3n de Datos Personales (INAI) y el Sistema de Protecci\u00f3n Integral de los Derechos de las Ni\u00f1as, Ni\u00f1os y Adolescentes (SIPINNA), desaparezcan.<\/span><\/p>\n<p>&nbsp;<\/p>\n<p style=\"text-align: justify;\"><span style=\"font-size: 14pt; font-family: arial, helvetica, sans-serif;\">Una vez m\u00e1s, con este tipo de decisiones, la 4T reafirma su intenci\u00f3n de controlar, \u00abellos insisten en desaparecer organismos aut\u00f3nomos\u00bb, indic\u00f3 Vald\u00e9s Palazuelos.<\/span><\/p>\n<p>&nbsp;<\/p>\n<p style=\"text-align: justify;\"><span style=\"font-size: 14pt; font-family: arial, helvetica, sans-serif;\">Durante su mensaje, en el marco de una reuni\u00f3n informativa, ante la presidenta Mar\u00eda Le\u00f3n; de \u00d3scar L\u00f3pez, presidente del PRI municipal; as\u00ed como de Diana Armenta, presidenta del ONMPRI y de Alfredo Valenzuela, dirigente de la Red de los j\u00f3venes del PRI, Jes\u00fas Vald\u00e9s destac\u00f3 que el gobierno federal contin\u00faa en una gran farsa, \u00abes curioso que ahora que el IFAI, est\u00e1 desenmascarando este mal gobierno, se convierta en un enemigo m\u00e1s\u00bb se\u00f1al\u00f3.<\/span><\/p>\n<p>&nbsp;<\/p>\n<p style=\"text-align: justify;\"><span style=\"font-size: 14pt; font-family: arial, helvetica, sans-serif;\">Indic\u00f3 que el INAI, se encuentra en el nivel tres en materia de Gobierno abierto y transparencia, luego del Banco de M\u00e9xico, y el INEGI; \u00bfcu\u00e1l es la intenci\u00f3n de la 4T en desaparecerlo? \u00bfAcaso para no transparentar su mal gobierno?, a\u00f1adi\u00f3 Jes\u00fas Vald\u00e9s.<\/span><\/p>\n<p>&nbsp;<\/p>\n<p style=\"text-align: justify;\"><span style=\"font-size: 14pt; font-family: arial, helvetica, sans-serif;\">El dirigente del PRI, expres\u00f3, que el gobierno federal debe enfocarse en la salud, seguridad y una econom\u00eda real, no en seguir desapareciendo organismos aut\u00f3nomos como lo hizo con los fideicomisos.<\/span><\/p>\n<p>&nbsp;<\/p>\n<p>&nbsp;<\/p>\n<p>&nbsp;<\/p>\n<p style=\"text-align: justify;\"><span style=\"font-size: 14pt; font-family: arial, helvetica, sans-serif;\">Redacci\u00f3n\/VisionCiudadana<\/span><\/p>\n","protected":false},"excerpt":{"rendered":"<p>En gira de trabajo por este municipio, el presidente del Comit\u00e9 PRI en Sinaloa, Jes\u00fas Vald\u00e9s Palazuelos se\u00f1al\u00f3 no estar de acuerdo en la nueva reforma administrativa que prepar\u00e1 el gobierno federal para que organismos como el Instituto Federal de Telecomunicaciones, (ITF); el Instituto Nacional de Transparencia, Acceso a la Informaci\u00f3n y Protecci\u00f3n de Datos [&hellip;]<\/p>\n","protected":false},"author":1,"featured_media":6351,"comment_status":"closed","ping_status":"closed","sticky":false,"template":"","format":"standard","meta":{"footnotes":""},"categories":[24],"tags":[],"ppma_author":[31],"class_list":["post-14668","post","type-post","status-publish","format-standard","has-post-thumbnail","hentry","category-relevantes"],"aioseo_notices":[],"authors":[{"term_id":31,"user_id":1,"is_guest":0,"slug":"ivan3vino","display_name":"Iv\u00e1n Trevi\u00f1o","avatar_url":{"url":"https:\/\/visionciudadana.com.mx\/oficial\/wp-content\/uploads\/2025\/09\/columna-ivan-Trevino.png","url2x":"https:\/\/visionciudadana.com.mx\/oficial\/wp-content\/uploads\/2025\/09\/columna-ivan-Trevino.png"},"0":null,"1":"","2":"","3":"","4":"","5":"","6":"","7":"","8":""}],"_links":{"self":[{"href":"https:\/\/visionciudadana.com.mx\/oficial\/wp-json\/wp\/v2\/posts\/14668","targetHints":{"allow":["GET"]}}],"collection":[{"href":"https:\/\/visionciudadana.com.mx\/oficial\/wp-json\/wp\/v2\/posts"}],"about":[{"href":"https:\/\/visionciudadana.com.mx\/oficial\/wp-json\/wp\/v2\/types\/post"}],"author":[{"embeddable":true,"href":"https:\/\/visionciudadana.com.mx\/oficial\/wp-json\/wp\/v2\/users\/1"}],"replies":[{"embeddable":true,"href":"https:\/\/visionciudadana.com.mx\/oficial\/wp-json\/wp\/v2\/comments?post=14668"}],"version-history":[{"count":1,"href":"https:\/\/visionciudadana.com.mx\/oficial\/wp-json\/wp\/v2\/posts\/14668\/revisions"}],"predecessor-version":[{"id":31544,"href":"https:\/\/visionciudadana.com.mx\/oficial\/wp-json\/wp\/v2\/posts\/14668\/revisions\/31544"}],"wp:featuredmedia":[{"embeddable":true,"href":"https:\/\/visionciudadana.com.mx\/oficial\/wp-json\/wp\/v2\/posts\/6351"}],"wp:attachment":[{"href":"https:\/\/visionciudadana.com.mx\/oficial\/wp-json\/wp\/v2\/media?parent=14668"}],"wp:term":[{"taxonomy":"category","embeddable":true,"href":"https:\/\/visionciudadana.com.mx\/oficial\/wp-json\/wp\/v2\/categories?post=14668"},{"taxonomy":"post_tag","embeddable":true,"href":"https:\/\/visionciudadana.com.mx\/oficial\/wp-json\/wp\/v2\/tags?post=14668"},{"taxonomy":"author","embeddable":true,"href":"https:\/\/visionciudadana.com.mx\/oficial\/wp-json\/wp\/v2\/ppma_author?post=14668"}],"curies":[{"name":"wp","href":"https:\/\/api.w.org\/{rel}","templated":true}]}}