{"id":14664,"date":"2021-01-08T22:19:35","date_gmt":"2021-01-08T22:19:35","guid":{"rendered":"https:\/\/visionciudadana.com.mx\/prueba\/2021\/01\/08\/sostiene-el-pas-encuentros-sociales-en-el-municipio-de-elota\/"},"modified":"2025-06-25T00:32:45","modified_gmt":"2025-06-25T00:32:45","slug":"sostiene-el-pas-encuentros-sociales-en-el-municipio-de-elota","status":"publish","type":"post","link":"https:\/\/visionciudadana.com.mx\/oficial\/2021\/01\/08\/sostiene-el-pas-encuentros-sociales-en-el-municipio-de-elota\/","title":{"rendered":"Sostiene el PAS encuentros sociales en el municipio de Elota"},"content":{"rendered":"<div style=\"text-align: justify;\">&nbsp;<img fetchpriority=\"high\" decoding=\"async\" src=\"images\/Enero2021\/sostiene_reuniones.PNG\" alt=\"sostiene reuniones\" width=\"346\" height=\"202\" style=\"display: block; margin-left: auto; margin-right: auto;\" \/><\/p>\n<p><span style=\"font-size: 14pt; font-family: arial, helvetica, sans-serif;\">Cu\u00e9n Ojeda inici\u00f3 su gira de trabajo en la comunidad de Ibon\u00eda sindicatura de Zoquititl\u00e1n del municipio de Elota reuni\u00e9ndose con la comunidad educativa de la secundaria de esta comunidad, a la cual asistieron administrativos, docentes, alumnos y padres de familia de esta escuela.<\/span><\/div>\n<div style=\"text-align: justify;\">\n<p><span style=\"font-size: 14pt; font-family: arial, helvetica, sans-serif;\">Correspondi\u00f3 a la alumna de primer grado Brendi Lizzeth Beltr\u00e1n Dur\u00e1n reconocer y agradecer el gesto y las acciones realizadas por Partido Sinaloense representado por su presidente Cu\u00e9n Ojeda para que a trav\u00e9s de sus programas sociales coadyuben a resolver las necesidades de esta secundaria, resumiendo su participaci\u00f3n con la siguiente expresi\u00f3n: No nos dejen solos en este camino.<\/span><\/div>\n<div style=\"text-align: justify;\">\n<p><span style=\"font-size: 14pt; font-family: arial, helvetica, sans-serif;\">Tambi\u00e9n particip\u00f3 una alumna de la secundaria del Rinc\u00f3n de Ibon\u00eda y agradeci\u00f3 la gesti\u00f3n realizada para iniciar la construcci\u00f3n de un aula en esa comunidad.<\/span><\/div>\n<div style=\"text-align: justify;\">\n<p><span style=\"font-size: 14pt; font-family: arial, helvetica, sans-serif;\">Cu\u00e9n Ojeda en su participaci\u00f3n exhort\u00f3 a los alumnos presentes a no ceder en la vida y por el contrario obtener un t\u00edtulo profesional, dado que ello les permitir\u00e1 abrir muchas puertas en el futuro.<\/span><\/div>\n<div style=\"text-align: justify;\">\n<p><span style=\"font-size: 14pt; font-family: arial, helvetica, sans-serif;\">La educaci\u00f3n publica ha sido de gran importancia en la formaci\u00f3n de muchos mexicanos, y ustedes en este momento tienen la oportunidad de estar estudiando. No olviden que la educaci\u00f3n es el mejor factor para lograr la igualdad social, y la educaci\u00f3n inicia en el hogar con el aprendizaje de los valores m\u00e1s importantes en la vida.<\/span><\/div>\n<div style=\"text-align: justify;\">\n<p><span style=\"font-size: 14pt; font-family: arial, helvetica, sans-serif;\">Las necesidades atendidas fueron mobiliario para las secundarias, construcci\u00f3n de una aula y entrega de huertos familiares de Ibon\u00eda, Rinc\u00f3n de Ibon\u00eda y El Solito, En toda la gira Cu\u00e9n Ojeda estuvo acompa\u00f1ado por la Dra. Viridiana Camacho, presidenta del Comit\u00e9 Directivo Municipal del municipio de Elota los presidentes del subcomit\u00e9 # 6 y los seccionales 1816 y 1817.<\/span><\/div>\n<div style=\"text-align: justify;\">&nbsp;<\/div>\n<div style=\"text-align: justify;\">&nbsp;<\/div>\n<div style=\"text-align: justify;\">&nbsp;<\/div>\n<div style=\"text-align: justify;\"><span style=\"font-size: 14pt; font-family: arial, helvetica, sans-serif;\">REDACCI\u00d3N\/VISI\u00d3N CIUDADANA.<\/span><\/div>\n","protected":false},"excerpt":{"rendered":"<p>&nbsp; Cu\u00e9n Ojeda inici\u00f3 su gira de trabajo en la comunidad de Ibon\u00eda sindicatura de Zoquititl\u00e1n del municipio de Elota reuni\u00e9ndose con la comunidad educativa de la secundaria de esta comunidad, a la cual asistieron administrativos, docentes, alumnos y padres de familia de esta escuela. Correspondi\u00f3 a la alumna de primer grado Brendi Lizzeth Beltr\u00e1n [&hellip;]<\/p>\n","protected":false},"author":1,"featured_media":6345,"comment_status":"closed","ping_status":"closed","sticky":false,"template":"","format":"standard","meta":{"footnotes":""},"categories":[13],"tags":[],"ppma_author":[31],"class_list":["post-14664","post","type-post","status-publish","format-standard","has-post-thumbnail","hentry","category-locales"],"aioseo_notices":[],"authors":[{"term_id":31,"user_id":1,"is_guest":0,"slug":"ivan3vino","display_name":"Iv\u00e1n Trevi\u00f1o","avatar_url":{"url":"https:\/\/visionciudadana.com.mx\/oficial\/wp-content\/uploads\/2025\/09\/columna-ivan-Trevino.png","url2x":"https:\/\/visionciudadana.com.mx\/oficial\/wp-content\/uploads\/2025\/09\/columna-ivan-Trevino.png"},"0":null,"1":"","2":"","3":"","4":"","5":"","6":"","7":"","8":""}],"_links":{"self":[{"href":"https:\/\/visionciudadana.com.mx\/oficial\/wp-json\/wp\/v2\/posts\/14664","targetHints":{"allow":["GET"]}}],"collection":[{"href":"https:\/\/visionciudadana.com.mx\/oficial\/wp-json\/wp\/v2\/posts"}],"about":[{"href":"https:\/\/visionciudadana.com.mx\/oficial\/wp-json\/wp\/v2\/types\/post"}],"author":[{"embeddable":true,"href":"https:\/\/visionciudadana.com.mx\/oficial\/wp-json\/wp\/v2\/users\/1"}],"replies":[{"embeddable":true,"href":"https:\/\/visionciudadana.com.mx\/oficial\/wp-json\/wp\/v2\/comments?post=14664"}],"version-history":[{"count":1,"href":"https:\/\/visionciudadana.com.mx\/oficial\/wp-json\/wp\/v2\/posts\/14664\/revisions"}],"predecessor-version":[{"id":31546,"href":"https:\/\/visionciudadana.com.mx\/oficial\/wp-json\/wp\/v2\/posts\/14664\/revisions\/31546"}],"wp:featuredmedia":[{"embeddable":true,"href":"https:\/\/visionciudadana.com.mx\/oficial\/wp-json\/wp\/v2\/posts\/6345"}],"wp:attachment":[{"href":"https:\/\/visionciudadana.com.mx\/oficial\/wp-json\/wp\/v2\/media?parent=14664"}],"wp:term":[{"taxonomy":"category","embeddable":true,"href":"https:\/\/visionciudadana.com.mx\/oficial\/wp-json\/wp\/v2\/categories?post=14664"},{"taxonomy":"post_tag","embeddable":true,"href":"https:\/\/visionciudadana.com.mx\/oficial\/wp-json\/wp\/v2\/tags?post=14664"},{"taxonomy":"author","embeddable":true,"href":"https:\/\/visionciudadana.com.mx\/oficial\/wp-json\/wp\/v2\/ppma_author?post=14664"}],"curies":[{"name":"wp","href":"https:\/\/api.w.org\/{rel}","templated":true}]}}