{"id":14659,"date":"2021-01-08T00:27:58","date_gmt":"2021-01-08T00:27:58","guid":{"rendered":"https:\/\/visionciudadana.com.mx\/prueba\/2021\/01\/08\/inaugura-quirino-ordaz-reencarpetado-de-calles-de-juan-jose-rios\/"},"modified":"2025-06-25T00:32:46","modified_gmt":"2025-06-25T00:32:46","slug":"inaugura-quirino-ordaz-reencarpetado-de-calles-de-juan-jose-rios","status":"publish","type":"post","link":"https:\/\/visionciudadana.com.mx\/oficial\/2021\/01\/08\/inaugura-quirino-ordaz-reencarpetado-de-calles-de-juan-jose-rios\/","title":{"rendered":"Inaugura Quirino Ordaz reencarpetado de calles de Juan Jos\u00e9 R\u00edos"},"content":{"rendered":"<p style=\"text-align: justify;\"><img fetchpriority=\"high\" decoding=\"async\" src=\"images\/Enero2021\/reencarpetado_quiri.PNG\" alt=\"reencarpetado quiri\" width=\"410\" height=\"214\" style=\"display: block; margin-left: auto; margin-right: auto;\" \/><\/p>\n<p class=\"x_MsoNormal\" style=\"text-align: justify;\"><span lang=\"ES-TRAD\" style=\"font-size: 14pt; font-family: arial, helvetica, sans-serif;\">Como se comprometi\u00f3 con la poblaci\u00f3n de la sindicatura de Juan Jos\u00e9 R\u00edos, en Guasave, el gobernador Quirino Ordaz Coppel regres\u00f3 para entregar formalmente los trabajos de reencarpetado de dos importantes vialidades, obras que eran la principal demanda tanto de comerciantes como de colonos, y en las que se invirtieron 3 millones 300 mil pesos.<\/span><\/p>\n<p class=\"x_MsoNormal\" style=\"text-align: justify;\"><span lang=\"ES-TRAD\" style=\"font-size: 14pt; font-family: arial, helvetica, sans-serif;\"><\/span><\/p>\n<p class=\"x_MsoNormal\" style=\"text-align: justify;\"><span lang=\"ES-TRAD\" style=\"font-size: 14pt; font-family: arial, helvetica, sans-serif;\">Acompa\u00f1ado por la alcaldesa de Guasave, Mar\u00eda Aurelia Leal L\u00f3pez y por el secretario de Obras P\u00fablicas, Osbaldo L\u00f3pez Angulo, el mandatario estatal arrib\u00f3 a esta sindicatura, justamente al cruce que hace la calle M\u00e9xico con la calle Cero, y sin ning\u00fan acto protocolario se dedic\u00f3 a recorrer a pie las calles reci\u00e9n reencarpetadas, tanto la M\u00e9xico como la Sinalo\u00edta, ocasi\u00f3n que aprovech\u00f3 para saludar a los comerciantes que le agradecieron el haber atendido esta demanda de reparaci\u00f3n de ambas vialidades, que rodean el centro comercial.<\/span><\/p>\n<p class=\"x_MsoNormal\" style=\"text-align: justify;\"><span lang=\"ES-TRAD\" style=\"font-size: 14pt; font-family: arial, helvetica, sans-serif;\"><\/span><\/p>\n<p class=\"x_MsoNormal\" style=\"text-align: justify;\"><span style=\"font-size: 14pt; font-family: arial, helvetica, sans-serif;\">\u201cVamos a continuar, a Juan Jos\u00e9 R\u00edos le falta m\u00e1s inversi\u00f3n y la mejor forma de responderle a la gente es con obra\u201d, dijo el gobernador del estado luego de hacer el recorrido, en el cual tambi\u00e9n estuvo acompa\u00f1ado por el secretario de Desarrollo Social, Ricardo Madrid P\u00e9rez.<\/span><\/p>\n<p style=\"text-align: justify;\">&nbsp;<\/p>\n<p class=\"x_MsoNormal\" style=\"text-align: justify;\"><span style=\"font-size: 14pt; font-family: arial, helvetica, sans-serif;\">Por su parte, el secretario de Obras P\u00fablicas, Osbaldo L\u00f3pez Angulo, al hacer la explicaci\u00f3n t\u00e9cnica inform\u00f3 que se trat\u00f3 de una inversi\u00f3n de 3 millones 300 mil pesos con recursos estatales, y los trabajos consistieron primero en el levantamiento de la carpeta da\u00f1ada, la nivelaci\u00f3n de la terracer\u00eda y el reencarpetado nuevo. A\u00f1adi\u00f3 que con estas dos calles, queda finiquitado el paquete de obras del 2020 para la sindicatura de Juan Jos\u00e9 R\u00edos.<\/span><\/p>\n<p style=\"text-align: justify;\">&nbsp;<\/p>\n<p class=\"x_MsoNormal\" style=\"text-align: justify;\"><span style=\"font-size: 14pt; font-family: arial, helvetica, sans-serif;\">Durante la entrevista posterior con los medios de comunicaci\u00f3n, el gobernador Quirino Ordaz Coppel, adelant\u00f3 que solicit\u00f3 al presidente de la Rep\u00fablica, Andr\u00e9s Manuel L\u00f3pez Obrador la culminaci\u00f3n de los restantes ocho kil\u00f3metros de la carretera a Las Glorias.<\/span><\/p>\n<p style=\"text-align: justify;\">&nbsp;<\/p>\n<p class=\"x_MsoNormal\" style=\"text-align: justify;\"><span style=\"font-size: 14pt; font-family: arial, helvetica, sans-serif;\">\u201cVa en muy buen avance \u2013la carretera-, el Estado ha hecho ya 25 kil\u00f3metros, yo le ped\u00ed al presidente que nos ayudara con los \u00faltimos ocho kil\u00f3metros, y ya est\u00e1 SCT haciendo toda la planeaci\u00f3n para que ojal\u00e1 as\u00ed sea, pues se requiere de 60 millones de pesos\u201d, concluy\u00f3.<\/span><\/p>\n<p style=\"text-align: justify;\">&nbsp;<\/p>\n<p style=\"text-align: justify;\">&nbsp;<\/p>\n<p style=\"text-align: justify;\"><span style=\"font-size: 14pt; font-family: arial, helvetica, sans-serif;\">REDACCI\u00d3N\/VISI\u00d3N CIUDADANA.<\/span><\/p>\n","protected":false},"excerpt":{"rendered":"<p>Como se comprometi\u00f3 con la poblaci\u00f3n de la sindicatura de Juan Jos\u00e9 R\u00edos, en Guasave, el gobernador Quirino Ordaz Coppel regres\u00f3 para entregar formalmente los trabajos de reencarpetado de dos importantes vialidades, obras que eran la principal demanda tanto de comerciantes como de colonos, y en las que se invirtieron 3 millones 300 mil pesos. [&hellip;]<\/p>\n","protected":false},"author":1,"featured_media":6339,"comment_status":"closed","ping_status":"closed","sticky":false,"template":"","format":"standard","meta":{"footnotes":""},"categories":[24],"tags":[],"ppma_author":[31],"class_list":["post-14659","post","type-post","status-publish","format-standard","has-post-thumbnail","hentry","category-relevantes"],"aioseo_notices":[],"authors":[{"term_id":31,"user_id":1,"is_guest":0,"slug":"ivan3vino","display_name":"Iv\u00e1n Trevi\u00f1o","avatar_url":{"url":"https:\/\/visionciudadana.com.mx\/oficial\/wp-content\/uploads\/2025\/09\/columna-ivan-Trevino.png","url2x":"https:\/\/visionciudadana.com.mx\/oficial\/wp-content\/uploads\/2025\/09\/columna-ivan-Trevino.png"},"0":null,"1":"","2":"","3":"","4":"","5":"","6":"","7":"","8":""}],"_links":{"self":[{"href":"https:\/\/visionciudadana.com.mx\/oficial\/wp-json\/wp\/v2\/posts\/14659","targetHints":{"allow":["GET"]}}],"collection":[{"href":"https:\/\/visionciudadana.com.mx\/oficial\/wp-json\/wp\/v2\/posts"}],"about":[{"href":"https:\/\/visionciudadana.com.mx\/oficial\/wp-json\/wp\/v2\/types\/post"}],"author":[{"embeddable":true,"href":"https:\/\/visionciudadana.com.mx\/oficial\/wp-json\/wp\/v2\/users\/1"}],"replies":[{"embeddable":true,"href":"https:\/\/visionciudadana.com.mx\/oficial\/wp-json\/wp\/v2\/comments?post=14659"}],"version-history":[{"count":1,"href":"https:\/\/visionciudadana.com.mx\/oficial\/wp-json\/wp\/v2\/posts\/14659\/revisions"}],"predecessor-version":[{"id":31547,"href":"https:\/\/visionciudadana.com.mx\/oficial\/wp-json\/wp\/v2\/posts\/14659\/revisions\/31547"}],"wp:featuredmedia":[{"embeddable":true,"href":"https:\/\/visionciudadana.com.mx\/oficial\/wp-json\/wp\/v2\/posts\/6339"}],"wp:attachment":[{"href":"https:\/\/visionciudadana.com.mx\/oficial\/wp-json\/wp\/v2\/media?parent=14659"}],"wp:term":[{"taxonomy":"category","embeddable":true,"href":"https:\/\/visionciudadana.com.mx\/oficial\/wp-json\/wp\/v2\/categories?post=14659"},{"taxonomy":"post_tag","embeddable":true,"href":"https:\/\/visionciudadana.com.mx\/oficial\/wp-json\/wp\/v2\/tags?post=14659"},{"taxonomy":"author","embeddable":true,"href":"https:\/\/visionciudadana.com.mx\/oficial\/wp-json\/wp\/v2\/ppma_author?post=14659"}],"curies":[{"name":"wp","href":"https:\/\/api.w.org\/{rel}","templated":true}]}}