{"id":14657,"date":"2021-01-08T00:11:30","date_gmt":"2021-01-08T00:11:30","guid":{"rendered":"https:\/\/visionciudadana.com.mx\/prueba\/2021\/01\/08\/morena-traiciona-al-campo-jesus-valdes\/"},"modified":"2025-06-25T00:32:46","modified_gmt":"2025-06-25T00:32:46","slug":"morena-traiciona-al-campo-jesus-valdes","status":"publish","type":"post","link":"https:\/\/visionciudadana.com.mx\/oficial\/2021\/01\/08\/morena-traiciona-al-campo-jesus-valdes\/","title":{"rendered":"Morena traiciona al campo: Jes\u00fas Vald\u00e9s"},"content":{"rendered":"<p><img fetchpriority=\"high\" decoding=\"async\" src=\"images\/Enero2021\/morena_traiciona.PNG\" alt=\"morena traiciona\" width=\"447\" height=\"267\" style=\"display: block; margin-left: auto; margin-right: auto;\" \/><\/p>\n<p class=\"x_MsoNormal\" style=\"text-align: justify;\"><span style=\"font-size: 14pt; font-family: arial, helvetica, sans-serif;\">Al&nbsp; conmemorarse hoy el 106 aniversario de la Promulgaci\u00f3n de la Ley Agraria, el presidente del PRI, Jes\u00fas Vald\u00e9s Palazuelos afirm\u00f3 que el gobierno de Morena, tambi\u00e9n le ha dado la espalda al campo, a un sector que contribuye con el siete por ciento de la riqueza de nuestro pa\u00eds.<\/span><\/p>\n<p style=\"text-align: justify;\">&nbsp;<\/p>\n<p class=\"x_MsoNormal\" style=\"text-align: justify;\"><span style=\"font-size: 14pt; font-family: arial, helvetica, sans-serif;\">El diputado local Faustino Hern\u00e1ndez y presidente de la CNC, coincidi\u00f3 con el dirigente estatal y record\u00f3 que los priistas han reprobado y se han manifestado en contra de los recortes sistem\u00e1ticos al presupuesto del campo y la desaparici\u00f3n de fideicomisos destinados a sostener la producci\u00f3n en caso de crisis.<\/span><\/p>\n<p style=\"text-align: justify;\">&nbsp;<\/p>\n<p class=\"x_MsoNormal\" style=\"text-align: justify;\"><span style=\"font-size: 14pt; font-family: arial, helvetica, sans-serif;\">Faustino Hern\u00e1ndez \u00c1lvarez, record\u00f3 adem\u00e1s, que en tribuna tambi\u00e9n ha sido cr\u00edtico de c\u00f3mo el gobierno federal ha mostrado nulo inter\u00e9s hacia las actividades econ\u00f3micas primarias, como la agricultura, la ganader\u00eda y la pesca,&nbsp; lo cual, ha tra\u00eddo como consecuencia la desaparici\u00f3n de organismos y programas establecidos para su apoyo.<\/span><\/p>\n<p style=\"text-align: justify;\">&nbsp;<\/p>\n<p class=\"x_MsoNormal\" style=\"text-align: justify;\"><span style=\"font-size: 14pt; font-family: arial, helvetica, sans-serif;\">A su vez, Jes\u00fas Vald\u00e9s lament\u00f3 c\u00f3mo a los morenistas no les ha importado atender&nbsp; y resolver los estragos de la pandemia, la ca\u00edda hist\u00f3rica de la econom\u00eda nacional, la inseguridad y la carencia que&nbsp; existe en&nbsp; las comunidades rurales de nuestro pa\u00eds.<\/span><\/p>\n<p style=\"text-align: justify;\">&nbsp;<\/p>\n<p class=\"x_MsoNormal\" style=\"text-align: justify;\"><span style=\"font-size: 14pt; font-family: arial, helvetica, sans-serif;\">El presidente estatal, habl\u00f3 sobre la necesidad de fortalecer \u00abnuestra agenda de trabajo y las causas de todos los sectores que representamos, esto basado en la unidad que caracteriza a nuestro partido\u00bb.<\/span><\/p>\n<p style=\"text-align: justify;\">&nbsp;<\/p>\n<p style=\"text-align: justify;\">&nbsp;<\/p>\n<p style=\"text-align: justify;\"><span style=\"font-size: 14pt; font-family: arial, helvetica, sans-serif;\">REDACCI\u00d3N\/VISI\u00d3N CIUDADANA.<\/span><\/p>\n<p style=\"text-align: justify;\">&nbsp;<\/p>\n<div style=\"text-align: justify;\"><span style=\"font-size: 14pt; font-family: arial, helvetica, sans-serif;\"><\/span><\/div>\n","protected":false},"excerpt":{"rendered":"<p>Al&nbsp; conmemorarse hoy el 106 aniversario de la Promulgaci\u00f3n de la Ley Agraria, el presidente del PRI, Jes\u00fas Vald\u00e9s Palazuelos afirm\u00f3 que el gobierno de Morena, tambi\u00e9n le ha dado la espalda al campo, a un sector que contribuye con el siete por ciento de la riqueza de nuestro pa\u00eds. &nbsp; El diputado local Faustino [&hellip;]<\/p>\n","protected":false},"author":1,"featured_media":6335,"comment_status":"closed","ping_status":"closed","sticky":false,"template":"","format":"standard","meta":{"footnotes":""},"categories":[24],"tags":[],"ppma_author":[31],"class_list":["post-14657","post","type-post","status-publish","format-standard","has-post-thumbnail","hentry","category-relevantes"],"aioseo_notices":[],"authors":[{"term_id":31,"user_id":1,"is_guest":0,"slug":"ivan3vino","display_name":"Iv\u00e1n Trevi\u00f1o","avatar_url":{"url":"https:\/\/visionciudadana.com.mx\/oficial\/wp-content\/uploads\/2025\/09\/columna-ivan-Trevino.png","url2x":"https:\/\/visionciudadana.com.mx\/oficial\/wp-content\/uploads\/2025\/09\/columna-ivan-Trevino.png"},"0":null,"1":"","2":"","3":"","4":"","5":"","6":"","7":"","8":""}],"_links":{"self":[{"href":"https:\/\/visionciudadana.com.mx\/oficial\/wp-json\/wp\/v2\/posts\/14657","targetHints":{"allow":["GET"]}}],"collection":[{"href":"https:\/\/visionciudadana.com.mx\/oficial\/wp-json\/wp\/v2\/posts"}],"about":[{"href":"https:\/\/visionciudadana.com.mx\/oficial\/wp-json\/wp\/v2\/types\/post"}],"author":[{"embeddable":true,"href":"https:\/\/visionciudadana.com.mx\/oficial\/wp-json\/wp\/v2\/users\/1"}],"replies":[{"embeddable":true,"href":"https:\/\/visionciudadana.com.mx\/oficial\/wp-json\/wp\/v2\/comments?post=14657"}],"version-history":[{"count":1,"href":"https:\/\/visionciudadana.com.mx\/oficial\/wp-json\/wp\/v2\/posts\/14657\/revisions"}],"predecessor-version":[{"id":31549,"href":"https:\/\/visionciudadana.com.mx\/oficial\/wp-json\/wp\/v2\/posts\/14657\/revisions\/31549"}],"wp:featuredmedia":[{"embeddable":true,"href":"https:\/\/visionciudadana.com.mx\/oficial\/wp-json\/wp\/v2\/posts\/6335"}],"wp:attachment":[{"href":"https:\/\/visionciudadana.com.mx\/oficial\/wp-json\/wp\/v2\/media?parent=14657"}],"wp:term":[{"taxonomy":"category","embeddable":true,"href":"https:\/\/visionciudadana.com.mx\/oficial\/wp-json\/wp\/v2\/categories?post=14657"},{"taxonomy":"post_tag","embeddable":true,"href":"https:\/\/visionciudadana.com.mx\/oficial\/wp-json\/wp\/v2\/tags?post=14657"},{"taxonomy":"author","embeddable":true,"href":"https:\/\/visionciudadana.com.mx\/oficial\/wp-json\/wp\/v2\/ppma_author?post=14657"}],"curies":[{"name":"wp","href":"https:\/\/api.w.org\/{rel}","templated":true}]}}