{"id":14656,"date":"2021-01-08T00:04:00","date_gmt":"2021-01-08T00:04:00","guid":{"rendered":"https:\/\/visionciudadana.com.mx\/prueba\/2021\/01\/08\/policia-estatal-interviene-en-arrancones-hay-ocho-personas-detenidos\/"},"modified":"2025-06-25T00:32:46","modified_gmt":"2025-06-25T00:32:46","slug":"policia-estatal-interviene-en-arrancones-hay-ocho-personas-detenidos","status":"publish","type":"post","link":"https:\/\/visionciudadana.com.mx\/oficial\/2021\/01\/08\/policia-estatal-interviene-en-arrancones-hay-ocho-personas-detenidos\/","title":{"rendered":"Polic\u00eda Estatal interviene en \u00abarrancones\u00bb, hay ocho personas detenidos"},"content":{"rendered":"<p style=\"text-align: justify;\">&nbsp;<\/p>\n<p style=\"text-align: justify;\"><img fetchpriority=\"high\" decoding=\"async\" src=\"images\/Enero2021\/arrancones.PNG\" alt=\"arrancones\" width=\"382\" height=\"207\" style=\"display: block; margin-left: auto; margin-right: auto;\" \/><\/p>\n<p class=\"x_MsoNormal\" style=\"text-align: justify;\"><span style=\"font-size: 14pt; font-family: arial, helvetica, sans-serif;\">Un total de ocho personas aseguradas, as\u00ed como cinco unidades fue el resultado de un despliegue operativo implementado por elementos de la Polic\u00eda Estatal Preventiva (PEP) en la capital del estado.<\/span><\/p>\n<p style=\"text-align: justify;\">&nbsp;<\/p>\n<p class=\"x_MsoNormal\" style=\"text-align: justify;\"><span style=\"font-size: 14pt; font-family: arial, helvetica, sans-serif;\">El aseguramiento ocurri\u00f3 luego de que se recibiera el reporte de que varias personas estaban reunidas, al parecer, para realizar \u201carrancones\u201d en la carretera Culiac\u00e1n-Los Mochis en un tramo cercano a la comunidad el Lim\u00f3n de los Ramos.<\/span><\/p>\n<p style=\"text-align: justify;\">&nbsp;<\/p>\n<p class=\"x_MsoNormal\" style=\"text-align: justify;\"><span style=\"font-size: 14pt; font-family: arial, helvetica, sans-serif;\">Al arribar al sitio los elementos se percataron que varias personas de sexo masculino a bordo de unidades motrices conduc\u00edan fuera de los l\u00edmites de velocidad, adem\u00e1s, los conductores presuntamente se encontraban en estado inconveniente con lo que pon\u00edan en riesgo la integridad f\u00edsica de terceras personas.<\/span><\/p>\n<p style=\"text-align: justify;\">&nbsp;<\/p>\n<p class=\"x_MsoNormal\" style=\"text-align: justify;\"><span style=\"font-size: 14pt; font-family: arial, helvetica, sans-serif;\">Por tal motivo, los civiles fueron asegurados y puestos a disposici\u00f3n de la autoridad competente quien ser\u00e1 la encargada de deslindar responsabilidades.<\/span><\/p>\n<p style=\"text-align: justify;\">&nbsp;<\/p>\n<p class=\"x_MsoNormal\" style=\"text-align: justify;\"><span style=\"font-size: 14pt; font-family: arial, helvetica, sans-serif;\">Respecto a las unidades aseguradas fueron llevadas ante la autoridad en espera de definir su situaci\u00f3n de acuerdo a la base de datos que corresponde.<\/span><\/p>\n<p style=\"text-align: justify;\">&nbsp;<\/p>\n<p class=\"x_MsoNormal\" style=\"text-align: justify;\"><span style=\"font-size: 14pt; font-family: arial, helvetica, sans-serif;\">Con estas acciones, la Secretar\u00eda de Seguridad P\u00fablica de Sinaloa por medio de los trabajos de la Polic\u00eda Estatal Preventiva, brinda seguridad a la ciudadan\u00eda al salvaguardar su integridad f\u00edsica y patrimonial.<\/span><\/p>\n<p style=\"text-align: justify;\">&nbsp;<\/p>\n<p style=\"text-align: justify;\">&nbsp;<\/p>\n<p style=\"text-align: justify;\"><span style=\"font-size: 14pt; font-family: arial, helvetica, sans-serif;\">REDACCI\u00d3N\/VISI\u00d3N CIUDADANA.<\/span><\/p>\n","protected":false},"excerpt":{"rendered":"<p>&nbsp; Un total de ocho personas aseguradas, as\u00ed como cinco unidades fue el resultado de un despliegue operativo implementado por elementos de la Polic\u00eda Estatal Preventiva (PEP) en la capital del estado. &nbsp; El aseguramiento ocurri\u00f3 luego de que se recibiera el reporte de que varias personas estaban reunidas, al parecer, para realizar \u201carrancones\u201d en [&hellip;]<\/p>\n","protected":false},"author":1,"featured_media":6333,"comment_status":"closed","ping_status":"closed","sticky":false,"template":"","format":"standard","meta":{"footnotes":""},"categories":[13],"tags":[],"ppma_author":[31],"class_list":["post-14656","post","type-post","status-publish","format-standard","has-post-thumbnail","hentry","category-locales"],"aioseo_notices":[],"authors":[{"term_id":31,"user_id":1,"is_guest":0,"slug":"ivan3vino","display_name":"Iv\u00e1n Trevi\u00f1o","avatar_url":{"url":"https:\/\/visionciudadana.com.mx\/oficial\/wp-content\/uploads\/2025\/09\/columna-ivan-Trevino.png","url2x":"https:\/\/visionciudadana.com.mx\/oficial\/wp-content\/uploads\/2025\/09\/columna-ivan-Trevino.png"},"0":null,"1":"","2":"","3":"","4":"","5":"","6":"","7":"","8":""}],"_links":{"self":[{"href":"https:\/\/visionciudadana.com.mx\/oficial\/wp-json\/wp\/v2\/posts\/14656","targetHints":{"allow":["GET"]}}],"collection":[{"href":"https:\/\/visionciudadana.com.mx\/oficial\/wp-json\/wp\/v2\/posts"}],"about":[{"href":"https:\/\/visionciudadana.com.mx\/oficial\/wp-json\/wp\/v2\/types\/post"}],"author":[{"embeddable":true,"href":"https:\/\/visionciudadana.com.mx\/oficial\/wp-json\/wp\/v2\/users\/1"}],"replies":[{"embeddable":true,"href":"https:\/\/visionciudadana.com.mx\/oficial\/wp-json\/wp\/v2\/comments?post=14656"}],"version-history":[{"count":1,"href":"https:\/\/visionciudadana.com.mx\/oficial\/wp-json\/wp\/v2\/posts\/14656\/revisions"}],"predecessor-version":[{"id":31550,"href":"https:\/\/visionciudadana.com.mx\/oficial\/wp-json\/wp\/v2\/posts\/14656\/revisions\/31550"}],"wp:featuredmedia":[{"embeddable":true,"href":"https:\/\/visionciudadana.com.mx\/oficial\/wp-json\/wp\/v2\/posts\/6333"}],"wp:attachment":[{"href":"https:\/\/visionciudadana.com.mx\/oficial\/wp-json\/wp\/v2\/media?parent=14656"}],"wp:term":[{"taxonomy":"category","embeddable":true,"href":"https:\/\/visionciudadana.com.mx\/oficial\/wp-json\/wp\/v2\/categories?post=14656"},{"taxonomy":"post_tag","embeddable":true,"href":"https:\/\/visionciudadana.com.mx\/oficial\/wp-json\/wp\/v2\/tags?post=14656"},{"taxonomy":"author","embeddable":true,"href":"https:\/\/visionciudadana.com.mx\/oficial\/wp-json\/wp\/v2\/ppma_author?post=14656"}],"curies":[{"name":"wp","href":"https:\/\/api.w.org\/{rel}","templated":true}]}}