{"id":14655,"date":"2021-01-07T23:57:38","date_gmt":"2021-01-07T23:57:38","guid":{"rendered":"https:\/\/visionciudadana.com.mx\/prueba\/2021\/01\/07\/en-sinaloa-estamos-viviendo-una-utopia-en-relacion-a-la-pandemia-del-covid-19\/"},"modified":"2025-06-25T00:32:46","modified_gmt":"2025-06-25T00:32:46","slug":"en-sinaloa-estamos-viviendo-una-utopia-en-relacion-a-la-pandemia-del-covid-19","status":"publish","type":"post","link":"https:\/\/visionciudadana.com.mx\/oficial\/2021\/01\/07\/en-sinaloa-estamos-viviendo-una-utopia-en-relacion-a-la-pandemia-del-covid-19\/","title":{"rendered":"En Sinaloa estamos viviendo una utop\u00eda en relaci\u00f3n a la pandemia del COVID-19"},"content":{"rendered":"<div style=\"text-align: justify;\"><img fetchpriority=\"high\" decoding=\"async\" src=\"images\/Enero2021\/pasz.PNG\" alt=\"pasz\" width=\"452\" height=\"234\" style=\"display: block; margin-left: auto; margin-right: auto;\" \/><\/p>\n<p><span style=\"font-size: 14pt; font-family: arial, helvetica, sans-serif;\">Para que M\u00e9xico logre abatir la pandemia del corona virus en un a\u00f1o se requiere vacunar un promedio de 350 mil personas al d\u00eda, lo cual se ve muy lejano a la realidad.<\/span><\/div>\n<div style=\"text-align: justify;\">\n<p><span style=\"font-size: 14pt; font-family: arial, helvetica, sans-serif;\">El gobierno se debe dinamizar para aspirar a otros escenarios de la pandemia, por ning\u00fan motivo la aplicaci\u00f3n de la vacuna se debe politizar, sin embargo, creo necesario que la iniciativa privada en el \u00e1rea de la salud debe de entrar a comercializar y a la aplicaci\u00f3n de la vacuna, coment\u00f3 H\u00e9ctor Melesio Cu\u00e9n Ojeda.<\/span><\/div>\n<div style=\"text-align: justify;\">\n<p><span style=\"font-size: 14pt; font-family: arial, helvetica, sans-serif;\">El repunte de la pandemia es enorme, tan solo el d\u00eda de ayer en Reyno Unido se presentaron alrededor de 60 mil contagios, en EUA fueron 300 mil, y en M\u00e9xico se rompi\u00f3 el r\u00e9cord hist\u00f3rico, pues llegamos a 13 mil contagios con 1 mil 165 fallecimientos, esto se refleja en Sinaloa, lo que estamos viviendo en nuestra entidad es una utop\u00eda, no estamos viviendo la realidad, estamos muy relajados, est\u00e1 muriendo mucha gente, el \u00edndice de letalidad en Sinaloa es el m\u00e1s alto en todo M\u00e9xico de cada 100 contagiados est\u00e1n muriendo alrededor de 16, lo cual es una cat\u00e1strofe.<\/span><\/div>\n<div style=\"text-align: justify;\">\n<p><span style=\"font-size: 14pt; font-family: arial, helvetica, sans-serif;\">Que pongan el color amarillo para que haya juegos de futbol y beisbol no es justo porque se est\u00e1 arriesgando la vida de los sinaloenses, A la gente se le tiene que decir la verdad dejando de lado el maquillaje de los datos. El relajamiento que estamos viviendo obedece al \u201ctel\u00e9fono descompuesto\u201d, es decir al flujo de informaci\u00f3n entre las autoridades y la poblaci\u00f3n y esto est\u00e1 trayendo resultados muy lamentables con el alto n\u00famero de sinaloenses que est\u00e1n muriendo.<\/span><\/div>\n<div style=\"text-align: justify;\">\n<p><span style=\"font-size: 14pt; font-family: arial, helvetica, sans-serif;\">Muchas de las personas que est\u00e1n falleciendo lo est\u00e1n haciendo en sus hogares, porque la atenci\u00f3n medica llega muy tarde, esto est\u00e1 ocurriendo sobre todo en la clase media baja que ni tan siquiera tienen condiciones para tener acceso a un tanque de oxigeno y esto es injusto, el gobierno est\u00e1 obligado en atender a la poblaci\u00f3n para que las secuelas sean las m\u00ednimas.<\/span><\/div>\n<div style=\"text-align: justify;\">&nbsp;<\/div>\n<div style=\"text-align: justify;\">&nbsp;<\/div>\n<div style=\"text-align: justify;\">&nbsp;<\/div>\n<div style=\"text-align: justify;\"><span style=\"font-size: 14pt; font-family: arial, helvetica, sans-serif;\">REDACCI\u00d3N\/VISI\u00d3N CIUDADANA.<\/span><\/div>\n","protected":false},"excerpt":{"rendered":"<p>Para que M\u00e9xico logre abatir la pandemia del corona virus en un a\u00f1o se requiere vacunar un promedio de 350 mil personas al d\u00eda, lo cual se ve muy lejano a la realidad. El gobierno se debe dinamizar para aspirar a otros escenarios de la pandemia, por ning\u00fan motivo la aplicaci\u00f3n de la vacuna se [&hellip;]<\/p>\n","protected":false},"author":1,"featured_media":6331,"comment_status":"closed","ping_status":"closed","sticky":false,"template":"","format":"standard","meta":{"footnotes":""},"categories":[24],"tags":[],"ppma_author":[31],"class_list":["post-14655","post","type-post","status-publish","format-standard","has-post-thumbnail","hentry","category-relevantes"],"aioseo_notices":[],"authors":[{"term_id":31,"user_id":1,"is_guest":0,"slug":"ivan3vino","display_name":"Iv\u00e1n Trevi\u00f1o","avatar_url":{"url":"https:\/\/visionciudadana.com.mx\/oficial\/wp-content\/uploads\/2025\/09\/columna-ivan-Trevino.png","url2x":"https:\/\/visionciudadana.com.mx\/oficial\/wp-content\/uploads\/2025\/09\/columna-ivan-Trevino.png"},"0":null,"1":"","2":"","3":"","4":"","5":"","6":"","7":"","8":""}],"_links":{"self":[{"href":"https:\/\/visionciudadana.com.mx\/oficial\/wp-json\/wp\/v2\/posts\/14655","targetHints":{"allow":["GET"]}}],"collection":[{"href":"https:\/\/visionciudadana.com.mx\/oficial\/wp-json\/wp\/v2\/posts"}],"about":[{"href":"https:\/\/visionciudadana.com.mx\/oficial\/wp-json\/wp\/v2\/types\/post"}],"author":[{"embeddable":true,"href":"https:\/\/visionciudadana.com.mx\/oficial\/wp-json\/wp\/v2\/users\/1"}],"replies":[{"embeddable":true,"href":"https:\/\/visionciudadana.com.mx\/oficial\/wp-json\/wp\/v2\/comments?post=14655"}],"version-history":[{"count":1,"href":"https:\/\/visionciudadana.com.mx\/oficial\/wp-json\/wp\/v2\/posts\/14655\/revisions"}],"predecessor-version":[{"id":31551,"href":"https:\/\/visionciudadana.com.mx\/oficial\/wp-json\/wp\/v2\/posts\/14655\/revisions\/31551"}],"wp:featuredmedia":[{"embeddable":true,"href":"https:\/\/visionciudadana.com.mx\/oficial\/wp-json\/wp\/v2\/posts\/6331"}],"wp:attachment":[{"href":"https:\/\/visionciudadana.com.mx\/oficial\/wp-json\/wp\/v2\/media?parent=14655"}],"wp:term":[{"taxonomy":"category","embeddable":true,"href":"https:\/\/visionciudadana.com.mx\/oficial\/wp-json\/wp\/v2\/categories?post=14655"},{"taxonomy":"post_tag","embeddable":true,"href":"https:\/\/visionciudadana.com.mx\/oficial\/wp-json\/wp\/v2\/tags?post=14655"},{"taxonomy":"author","embeddable":true,"href":"https:\/\/visionciudadana.com.mx\/oficial\/wp-json\/wp\/v2\/ppma_author?post=14655"}],"curies":[{"name":"wp","href":"https:\/\/api.w.org\/{rel}","templated":true}]}}