{"id":14654,"date":"2021-01-07T23:48:55","date_gmt":"2021-01-07T23:48:55","guid":{"rendered":"https:\/\/visionciudadana.com.mx\/prueba\/2021\/01\/07\/convoca-presidenta-de-salud-en-el-congreso-unirse-a-la-campana-de-vacunacion-contra-el-covid-19\/"},"modified":"2025-06-25T00:32:46","modified_gmt":"2025-06-25T00:32:46","slug":"convoca-presidenta-de-salud-en-el-congreso-unirse-a-la-campana-de-vacunacion-contra-el-covid-19","status":"publish","type":"post","link":"https:\/\/visionciudadana.com.mx\/oficial\/2021\/01\/07\/convoca-presidenta-de-salud-en-el-congreso-unirse-a-la-campana-de-vacunacion-contra-el-covid-19\/","title":{"rendered":"Convoca presidenta de salud en el congreso unirse a la campa\u00f1a de vacunaci\u00f3n contra el Covid-19"},"content":{"rendered":"<p><img fetchpriority=\"high\" decoding=\"async\" src=\"images\/Enero2021\/unirnos_a.PNG\" alt=\"unirnos a\" width=\"427\" height=\"243\" style=\"display: block; margin-left: auto; margin-right: auto;\" \/><\/p>\n<p class=\"x_MsoNormal\" style=\"text-align: justify;\" align=\"right\"><span style=\"font-size: 14pt; font-family: arial, helvetica, sans-serif;\">La presidenta de la comisi\u00f3n de Salud y Asistencia Social en el Congreso de Sinaloa, la diputada Guadalupe Iribe Gasc\u00f3n, hizo un llamado a las diferentes fracciones legislativas para participar de manera activa en el programa de vacunaci\u00f3n contra el Covid 19 , donde Sinaloa&nbsp; ser\u00e1 el&nbsp; primero&nbsp; que la iniciar\u00e1 entre los estado pertenecientes a la&nbsp; zona occidente de M\u00e9xico.<\/span><\/p>\n<p style=\"text-align: justify;\">&nbsp;<\/p>\n<p class=\"x_MsoNormal\" style=\"text-align: justify;\"><span style=\"font-size: 14pt; font-family: arial, helvetica, sans-serif;\">La legisladora durante sesi\u00f3n p\u00fablica virtual destac\u00f3 que solamente con el apoyo de todos los sectores econ\u00f3micos, pol\u00edticos y sociales ser\u00e1 como el gobierno estatal garantizar\u00e1&nbsp; la mayor rapidez&nbsp; y eficacia en esta jornada.<\/span><\/p>\n<p style=\"text-align: justify;\">&nbsp;<\/p>\n<p class=\"x_MsoNormal\" style=\"text-align: justify;\"><span style=\"font-size: 14pt; font-family: arial, helvetica, sans-serif;\">\u201cLas experiencias de a\u00f1os recientes, demuestran que cuando la sociedad se organiza y moviliza, es capaz de enfrentar con \u00e9xito cualquier desaf\u00edo. Esta campa\u00f1a de vacunaci\u00f3n ser\u00e1 una prueba m\u00e1s de esa capacidad y es preciso convocar a la movilizaci\u00f3n organizada a tensar nuestras fuerzas, nuestras capacidades y talentos para hacer de esta jornada una demostraci\u00f3n de car\u00e1cter, fuerza, voluntad y compromiso con el presente y el futuro de M\u00e9xico y de Sinaloa\u201d.<\/span><\/p>\n<p style=\"text-align: justify;\">&nbsp;<\/p>\n<p class=\"x_MsoNormal\" style=\"text-align: justify;\"><span style=\"font-size: 14pt; font-family: arial, helvetica, sans-serif;\">La diputada local del PRI, Guadalupe Iribe dijo que \u201cEste Congreso, como parte de sus responsabilidades institucionales debe tambi\u00e9n prepararse para participar con entusiasmo en las jornadas de concientizaci\u00f3n y movilizaci\u00f3n social. Tenemos que ocupar nuestra trinchera en esta lucha. Tenemos que contribuir a esta gigantesca tarea, que un gobierno por s\u00ed solo no puede desarrollar, y que exige de la incorporaci\u00f3n de los m\u00e1s diversos grupos sociales\u201d, manifest\u00f3.<\/span><\/p>\n<p style=\"text-align: justify;\">&nbsp;<\/p>\n<p class=\"x_MsoNormal\" style=\"text-align: justify;\"><span style=\"font-size: 14pt; font-family: arial, helvetica, sans-serif;\">Iribe Gasc\u00f3n, destac\u00f3 el papel que ha desempe\u00f1ado la Universidad Aut\u00f3noma de Sinaloa en estas acciones que ha realizado el gobierno de Quirino Ordaz Coppel&nbsp; para la distribuci\u00f3n y aplicaci\u00f3n de la vacuna, al apoyar&nbsp; al sector salud con m\u00e1s de una treintena de refrigeradores de alma gana para la congelaci\u00f3n de la vacunas.<\/span><\/p>\n<p style=\"text-align: justify;\">&nbsp;<\/p>\n<p class=\"x_MsoNormal\" style=\"text-align: justify;\"><span style=\"font-size: 14pt; font-family: arial, helvetica, sans-serif;\">\u201cEllo permitir\u00e1 que la log\u00edstica del proceso de almacenamiento y distribuci\u00f3n de las vacunas a todas las regiones del estado, no enfrente contratiempos y dificultades, garantizando la eficiencia y eficacia del trabajo que est\u00e1n llamados a realizar las brigadas de salud.<\/span><\/p>\n<p style=\"text-align: justify;\">&nbsp;<\/p>\n<p class=\"x_MsoNormal\" style=\"text-align: justify;\"><span style=\"font-size: 14pt; font-family: arial, helvetica, sans-serif;\">\u201cDe ah\u00ed nuestro reconocimiento y aprecio al gesto solidario y humanista de la m\u00e1xima instituci\u00f3n de educaci\u00f3n y cultura en Sinaloa, y a los brigadistas que habr\u00e1n de cumplir un papel fundamental en los pr\u00f3ximos d\u00edas y semanas, en que la sociedad entera habr\u00e1 de protagonizar la m\u00e1s importante movilizaci\u00f3n en los \u00faltimos a\u00f1os\u201d, dijo.<\/span><\/p>\n<p style=\"text-align: justify;\">&nbsp;<\/p>\n<p class=\"x_MsoNormal\" style=\"text-align: justify;\"><span style=\"font-size: 14pt; font-family: arial, helvetica, sans-serif;\">De igual manera, la presidenta de la comisi\u00f3n de Salud y Asistencia Social en el Congreso de Sinaloa destac\u00f3 el trabajo que ha realizado el gobernador Quirino Ordaz Coppel al&nbsp; unir esfuerzos&nbsp; con la federaci\u00f3n para que Sinaloa sea el primer estado de la zona Occidente del pa\u00eds, donde arranque esta jornada de vacunaci\u00f3n intensiva.&nbsp;<\/span><\/p>\n<p style=\"text-align: justify;\">&nbsp;<\/p>\n<p class=\"x_MsoNormal\" style=\"text-align: justify;\"><span style=\"font-size: 14pt; font-family: arial, helvetica, sans-serif;\">\u201cEsta decisi\u00f3n constata, mejor que nada, que en Sinaloa se est\u00e1n haciendo bien las cosas. Que la estrategia de contenci\u00f3n del virus, y la atenci\u00f3n a los pacientes, est\u00e1n dando buenos resultados. Sin duda, la pol\u00edtica de cooperaci\u00f3n entre los \u00e1mbitos de gobierno ha potenciado la capacidad de las instituciones del sector, para enfrentar con mayores posibilidades de \u00e9xito a esta pandemia\u201d, manifest\u00f3.<\/span><\/p>\n<p style=\"text-align: justify;\">&nbsp;<\/p>\n<p class=\"x_MsoNormal\" style=\"text-align: justify;\"><span style=\"font-size: 14pt; font-family: arial, helvetica, sans-serif;\">La legisladora local del PRI aclar\u00f3 que la vacuna contra el Covid 19 abre una gran esperanza, para una sociedad que durante meses ha vivido en el temor y la incertidumbre, sin embargo, aclar\u00f3 que la vacunaci\u00f3n en Sinaloa ser\u00e1 gradual, como lo es en todo el pa\u00eds, y para ser efectiva, requiere que contin\u00faen las medidas de salud p\u00fablica, como el uso del cubrebocas y la sana distancia.<\/span><\/p>\n<p style=\"text-align: justify;\">&nbsp;<\/p>\n<p style=\"text-align: justify;\"><span style=\"font-size: 14pt; font-family: arial, helvetica, sans-serif;\">REDACCI\u00d3N\/VISI\u00d3N CIUDADANA.<\/span><\/p>\n","protected":false},"excerpt":{"rendered":"<p>La presidenta de la comisi\u00f3n de Salud y Asistencia Social en el Congreso de Sinaloa, la diputada Guadalupe Iribe Gasc\u00f3n, hizo un llamado a las diferentes fracciones legislativas para participar de manera activa en el programa de vacunaci\u00f3n contra el Covid 19 , donde Sinaloa&nbsp; ser\u00e1 el&nbsp; primero&nbsp; que la iniciar\u00e1 entre los estado pertenecientes [&hellip;]<\/p>\n","protected":false},"author":1,"featured_media":6329,"comment_status":"closed","ping_status":"closed","sticky":false,"template":"","format":"standard","meta":{"footnotes":""},"categories":[13],"tags":[],"ppma_author":[31],"class_list":["post-14654","post","type-post","status-publish","format-standard","has-post-thumbnail","hentry","category-locales"],"aioseo_notices":[],"authors":[{"term_id":31,"user_id":1,"is_guest":0,"slug":"ivan3vino","display_name":"Iv\u00e1n Trevi\u00f1o","avatar_url":{"url":"https:\/\/visionciudadana.com.mx\/oficial\/wp-content\/uploads\/2025\/09\/columna-ivan-Trevino.png","url2x":"https:\/\/visionciudadana.com.mx\/oficial\/wp-content\/uploads\/2025\/09\/columna-ivan-Trevino.png"},"0":null,"1":"","2":"","3":"","4":"","5":"","6":"","7":"","8":""}],"_links":{"self":[{"href":"https:\/\/visionciudadana.com.mx\/oficial\/wp-json\/wp\/v2\/posts\/14654","targetHints":{"allow":["GET"]}}],"collection":[{"href":"https:\/\/visionciudadana.com.mx\/oficial\/wp-json\/wp\/v2\/posts"}],"about":[{"href":"https:\/\/visionciudadana.com.mx\/oficial\/wp-json\/wp\/v2\/types\/post"}],"author":[{"embeddable":true,"href":"https:\/\/visionciudadana.com.mx\/oficial\/wp-json\/wp\/v2\/users\/1"}],"replies":[{"embeddable":true,"href":"https:\/\/visionciudadana.com.mx\/oficial\/wp-json\/wp\/v2\/comments?post=14654"}],"version-history":[{"count":1,"href":"https:\/\/visionciudadana.com.mx\/oficial\/wp-json\/wp\/v2\/posts\/14654\/revisions"}],"predecessor-version":[{"id":31552,"href":"https:\/\/visionciudadana.com.mx\/oficial\/wp-json\/wp\/v2\/posts\/14654\/revisions\/31552"}],"wp:featuredmedia":[{"embeddable":true,"href":"https:\/\/visionciudadana.com.mx\/oficial\/wp-json\/wp\/v2\/posts\/6329"}],"wp:attachment":[{"href":"https:\/\/visionciudadana.com.mx\/oficial\/wp-json\/wp\/v2\/media?parent=14654"}],"wp:term":[{"taxonomy":"category","embeddable":true,"href":"https:\/\/visionciudadana.com.mx\/oficial\/wp-json\/wp\/v2\/categories?post=14654"},{"taxonomy":"post_tag","embeddable":true,"href":"https:\/\/visionciudadana.com.mx\/oficial\/wp-json\/wp\/v2\/tags?post=14654"},{"taxonomy":"author","embeddable":true,"href":"https:\/\/visionciudadana.com.mx\/oficial\/wp-json\/wp\/v2\/ppma_author?post=14654"}],"curies":[{"name":"wp","href":"https:\/\/api.w.org\/{rel}","templated":true}]}}