{"id":14653,"date":"2021-01-07T23:33:49","date_gmt":"2021-01-07T23:33:49","guid":{"rendered":"https:\/\/visionciudadana.com.mx\/prueba\/2021\/01\/07\/anuncia-manuel-clouthier-que-no-buscara-la-candidatura-a-gobernador-de-sinaloa\/"},"modified":"2025-06-25T00:32:46","modified_gmt":"2025-06-25T00:32:46","slug":"anuncia-manuel-clouthier-que-no-buscara-la-candidatura-a-gobernador-de-sinaloa","status":"publish","type":"post","link":"https:\/\/visionciudadana.com.mx\/oficial\/2021\/01\/07\/anuncia-manuel-clouthier-que-no-buscara-la-candidatura-a-gobernador-de-sinaloa\/","title":{"rendered":"Anuncia Manuel Clouthier que no buscar\u00e1 la candidatura a gobernador de Sinaloa"},"content":{"rendered":"<p><img fetchpriority=\"high\" decoding=\"async\" src=\"images\/Enero2021\/anuncia_manuel_clou.PNG\" alt=\"anuncia manuel clou\" width=\"406\" height=\"246\" style=\"display: block; margin-left: auto; margin-right: auto;\" \/><\/p>\n<div style=\"text-align: justify;\"><span style=\"font-size: 14pt; font-family: arial, helvetica, sans-serif;\"> Las candidaturas independientes en Sinaloa siguen siendo restrictivas afirm\u00f3 Manuel Jes\u00fas Clouthier Carrillo, ex diputado federal, al revelar que no participar\u00e1 por la candidatura a gobernador en este proceso electoral 2021 por no haber condiciones para la figura de independiente.<\/span><\/div>\n<div style=\"text-align: justify;\">&nbsp;<\/div>\n<div style=\"text-align: justify;\">&nbsp;<\/div>\n<div style=\"text-align: justify;\"><span style=\"font-size: 14pt; font-family: arial, helvetica, sans-serif;\">En rueda de prensa, el empresario sinaloense, calific\u00f3 de triunfo parcial la resoluci\u00f3n que el Tribunal Electoral local resolvi\u00f3 a su favor&nbsp; sobre la demanda que interpuso (JDC-2463\/2020) desde el pasado d\u00eda 2 de septiembre del 2020 ante el Tribunal Federal Electoral, a fin de ampliar de 40 a 60 d\u00edas el periodo de d\u00edas para recabar firmas.<\/span><\/div>\n<div style=\"text-align: justify;\">&nbsp;<\/div>\n<div style=\"text-align: justify;\">&nbsp;<\/div>\n<div style=\"text-align: justify;\"><span style=\"font-size: 14pt; font-family: arial, helvetica, sans-serif;\">Este \u00f3rgano evit\u00f3 por todos los medios y argucias legales dar resoluci\u00f3n y postura al fondo del tema planteado, lo remiti\u00f3 al tribunal local, nunca quiso entrar&nbsp; al tema correspondiente, de ah\u00ed que fue hasta el pasado 28 de diciembre la resoluci\u00f3n, es decir, 17 semanas de litigio, manifest\u00f3 el ex diputado federal independiente<\/span><\/div>\n<div style=\"text-align: justify;\">&nbsp;<\/div>\n<div style=\"text-align: justify;\">&nbsp;<\/div>\n<div style=\"text-align: justify;\"><span style=\"font-size: 14pt; font-family: arial, helvetica, sans-serif;\">Abund\u00f3 que la magistrada presidenta Ver\u00f3nica Garc\u00eda y la magistrada Maizola Campos dejan constancia en su resoluci\u00f3n del ilegal plazo de 40 d\u00edas para lograr el recabado de firmas de apoyo ciudadano que exige la ley para ser candidato independiente a gobernador en Sinaloa, \u201ceso ya queda como constancia, es el gran triunfo, hay una constancia de que el plazo establecido es ilegal\u201d.<\/span><\/div>\n<div style=\"text-align: justify;\">&nbsp;<\/div>\n<div style=\"text-align: justify;\">&nbsp;<\/div>\n<div style=\"text-align: justify;\"><span style=\"font-size: 14pt; font-family: arial, helvetica, sans-serif;\">Reconoci\u00f3&nbsp; a las magistradas presidenta y magistrada Maizola Campos \u201cdebo reconocer que la resoluci\u00f3n es un triunfo parcial porque as\u00ed como el TESIN tuvo facultades para corregir el plazo ampli\u00e1ndolo de 40 a 60 d\u00edas con una simple regla del 3 el tribunal podr\u00eda haber modificado tambi\u00e9n el porcentaje de firmas y haber mantenido la misma proporci\u00f3n que marca la ley federal para Senador.<\/span><\/div>\n<div style=\"text-align: justify;\">&nbsp;<\/div>\n<div style=\"text-align: justify;\">&nbsp;<\/div>\n<div style=\"text-align: justify;\"><span style=\"font-size: 14pt; font-family: arial, helvetica, sans-serif;\">Por lo anterior, Manuel Clouthier insisti\u00f3&nbsp; qu\u00e9 en materia de candidaturas independientes, se hace necesario literalmente mendigar la justicia y nuestros derechos, el objetivo en mi opini\u00f3n es claro,&nbsp; buscan nulificar la opci\u00f3n y el derecho a trav\u00e9s de acciones y normativas para que lo hagan imposible ejercer hasta que vaya quedando obsoleto.<\/span><\/div>\n<div style=\"text-align: justify;\">&nbsp;<\/div>\n<div style=\"text-align: justify;\">&nbsp;<\/div>\n<div style=\"text-align: justify;\"><span style=\"font-size: 14pt; font-family: arial, helvetica, sans-serif;\">Reiter\u00f3 qu\u00e9&nbsp; el sistema de partidos&nbsp; y las instituciones en M\u00e9xico pretenden que este derecho de participaci\u00f3n pol\u00edtica se muera por todas las v\u00edas lo han intentado, esta ocasi\u00f3n as\u00ed se evidenci\u00f3 el Tribunal local al resolver a favor de ampliar el plazo de recabaci\u00f3n de firmas, y bien podr\u00eda tambi\u00e9n haber disminuido el porcentaje de firmas del 2 por ciento al 1 por ciento, y no lo hizo, lament\u00f3.<\/span><\/div>\n<div style=\"text-align: justify;\">&nbsp;<\/div>\n<div style=\"text-align: justify;\">&nbsp;<\/div>\n<div style=\"text-align: justify;\"><span style=\"font-size: 14pt; font-family: arial, helvetica, sans-serif;\">Tambi\u00e9n se refiri\u00f3 a la honestidad y transparencia con que actu\u00f3 el Magistrado Luis Alfredo Santana al decidir no votar en este caso, porque consider\u00f3 ten\u00eda conflicto de intereses.<\/span><\/div>\n<div style=\"text-align: justify;\">&nbsp;<\/div>\n<div style=\"text-align: justify;\">&nbsp;<\/div>\n<div style=\"text-align: justify;\"><span style=\"font-size: 14pt; font-family: arial, helvetica, sans-serif;\">Manuel Clouthier, impulsor y defensor de las candidaturas independientes&nbsp; advirti\u00f3 que en breve presentar\u00e1 una iniciativa de ley al congreso estatal esperando que los diputados y partidos que representan \u201cla hagan suya la aprueben y respeten el derecho humano de participaci\u00f3n pol\u00edtica de los ciudadanos no partidistas sinaloenses que somos la mayor\u00eda\u201d.&nbsp;<\/span><\/div>\n<div style=\"text-align: justify;\">&nbsp;<\/div>\n<div style=\"text-align: justify;\">&nbsp;<\/div>\n<div style=\"text-align: justify;\"><span style=\"font-size: 14pt; font-family: arial, helvetica, sans-serif;\">Por \u00faltimo, consider\u00f3 que el pr\u00f3ximo gobernador deber\u00e1 de una persona honesta a carta cabal, que entienda que los recursos p\u00fablicos son sagrados y deben manejarse con transparencia, eficiencia y honestidad, que combata la corrupci\u00f3n y la impunidad de los corruptos, es imperdonable que el gobernador del estado Quirino Ordaz Haya tomado la decisi\u00f3n de no tocar&nbsp; la corrupci\u00f3n malovista ni con el p\u00e9talo de una rosa.<\/span><\/div>\n<div style=\"text-align: justify;\">&nbsp;<\/div>\n<div style=\"text-align: justify;\">&nbsp;<\/div>\n<div style=\"text-align: justify;\"><span style=\"font-size: 14pt; font-family: arial, helvetica, sans-serif;\">Clouthier, indic\u00f3 que&nbsp; quien gobierne Sinaloa, no debe tener compromisos con el narcotr\u00e1fico&nbsp; y es lamentable que ya algunos partidos han tomado la decisi\u00f3n abiertamente de ser promotores de la narcopol\u00edtica, eso es conocido y claro&nbsp; de todos.<\/span><\/div>\n<div style=\"text-align: justify;\">&nbsp;<\/div>\n<div style=\"text-align: justify;\">&nbsp;<\/div>\n<div style=\"text-align: justify;\"><span style=\"font-size: 14pt; font-family: arial, helvetica, sans-serif;\">Los temas que tiene que dar prioridad quien gobierne Sinaloa, son, salud, educaci\u00f3n, seguridad, sumar a la sociedad, y todos los sectores con el gobierno a fin de encontrar las estrategias para mejorar a Sinaloa.&nbsp;<\/span><\/div>\n<div style=\"text-align: justify;\">&nbsp;<\/div>\n<div style=\"text-align: justify;\">&nbsp;<\/div>\n<div style=\"text-align: justify;\"><span style=\"font-size: 14pt; font-family: arial, helvetica, sans-serif;\">\u201cEspero que los sinaloenses no nos equivoquemos otra vez\u201d, agreg\u00f3.<\/span><\/div>\n<div style=\"text-align: justify;\">&nbsp;<\/div>\n<div style=\"text-align: justify;\">&nbsp;<\/div>\n<div style=\"text-align: justify;\">&nbsp;<\/div>\n<div style=\"text-align: justify;\"><span style=\"font-size: 14pt; font-family: arial, helvetica, sans-serif;\">REDACCI\u00d3N\/VISI\u00d3N CIUDADANA.<\/span><\/div>\n","protected":false},"excerpt":{"rendered":"<p>Las candidaturas independientes en Sinaloa siguen siendo restrictivas afirm\u00f3 Manuel Jes\u00fas Clouthier Carrillo, ex diputado federal, al revelar que no participar\u00e1 por la candidatura a gobernador en este proceso electoral 2021 por no haber condiciones para la figura de independiente. &nbsp; &nbsp; En rueda de prensa, el empresario sinaloense, calific\u00f3 de triunfo parcial la resoluci\u00f3n [&hellip;]<\/p>\n","protected":false},"author":1,"featured_media":6327,"comment_status":"closed","ping_status":"closed","sticky":false,"template":"","format":"standard","meta":{"footnotes":""},"categories":[24],"tags":[],"ppma_author":[31],"class_list":["post-14653","post","type-post","status-publish","format-standard","has-post-thumbnail","hentry","category-relevantes"],"aioseo_notices":[],"authors":[{"term_id":31,"user_id":1,"is_guest":0,"slug":"ivan3vino","display_name":"Iv\u00e1n Trevi\u00f1o","avatar_url":{"url":"https:\/\/visionciudadana.com.mx\/oficial\/wp-content\/uploads\/2025\/09\/columna-ivan-Trevino.png","url2x":"https:\/\/visionciudadana.com.mx\/oficial\/wp-content\/uploads\/2025\/09\/columna-ivan-Trevino.png"},"0":null,"1":"","2":"","3":"","4":"","5":"","6":"","7":"","8":""}],"_links":{"self":[{"href":"https:\/\/visionciudadana.com.mx\/oficial\/wp-json\/wp\/v2\/posts\/14653","targetHints":{"allow":["GET"]}}],"collection":[{"href":"https:\/\/visionciudadana.com.mx\/oficial\/wp-json\/wp\/v2\/posts"}],"about":[{"href":"https:\/\/visionciudadana.com.mx\/oficial\/wp-json\/wp\/v2\/types\/post"}],"author":[{"embeddable":true,"href":"https:\/\/visionciudadana.com.mx\/oficial\/wp-json\/wp\/v2\/users\/1"}],"replies":[{"embeddable":true,"href":"https:\/\/visionciudadana.com.mx\/oficial\/wp-json\/wp\/v2\/comments?post=14653"}],"version-history":[{"count":1,"href":"https:\/\/visionciudadana.com.mx\/oficial\/wp-json\/wp\/v2\/posts\/14653\/revisions"}],"predecessor-version":[{"id":31553,"href":"https:\/\/visionciudadana.com.mx\/oficial\/wp-json\/wp\/v2\/posts\/14653\/revisions\/31553"}],"wp:featuredmedia":[{"embeddable":true,"href":"https:\/\/visionciudadana.com.mx\/oficial\/wp-json\/wp\/v2\/posts\/6327"}],"wp:attachment":[{"href":"https:\/\/visionciudadana.com.mx\/oficial\/wp-json\/wp\/v2\/media?parent=14653"}],"wp:term":[{"taxonomy":"category","embeddable":true,"href":"https:\/\/visionciudadana.com.mx\/oficial\/wp-json\/wp\/v2\/categories?post=14653"},{"taxonomy":"post_tag","embeddable":true,"href":"https:\/\/visionciudadana.com.mx\/oficial\/wp-json\/wp\/v2\/tags?post=14653"},{"taxonomy":"author","embeddable":true,"href":"https:\/\/visionciudadana.com.mx\/oficial\/wp-json\/wp\/v2\/ppma_author?post=14653"}],"curies":[{"name":"wp","href":"https:\/\/api.w.org\/{rel}","templated":true}]}}