{"id":14652,"date":"2021-01-07T23:25:22","date_gmt":"2021-01-07T23:25:22","guid":{"rendered":"https:\/\/visionciudadana.com.mx\/prueba\/2021\/01\/07\/invita-el-cei-a-inscribirse-a-los-cursos-regulares-intensivos-y-sabatinos\/"},"modified":"2025-06-25T00:32:47","modified_gmt":"2025-06-25T00:32:47","slug":"invita-el-cei-a-inscribirse-a-los-cursos-regulares-intensivos-y-sabatinos","status":"publish","type":"post","link":"https:\/\/visionciudadana.com.mx\/oficial\/2021\/01\/07\/invita-el-cei-a-inscribirse-a-los-cursos-regulares-intensivos-y-sabatinos\/","title":{"rendered":"Invita el CEI a inscribirse a los cursos regulares, intensivos y sabatinos"},"content":{"rendered":"<p style=\"text-align: justify;\"><span style=\"font-size: 14pt; font-family: arial, helvetica, sans-serif;\"><b><span lang=\"ES\"><img fetchpriority=\"high\" decoding=\"async\" src=\"images\/Enero2021\/invia_el_cei.PNG\" alt=\"invia el cei\" width=\"376\" height=\"224\" style=\"display: block; margin-left: auto; margin-right: auto;\" \/><\/span><\/b><\/span><\/p>\n<p style=\"text-align: justify;\"><span lang=\"ES\" style=\"font-size: 14pt; font-family: arial, helvetica, sans-serif;\">El Centro de Estudio de Idiomas (CEI) Culiac\u00e1n de la Universidad Aut\u00f3noma de Sinaloa (UAS), invita a la comunidad sinaloense a inscribirse a los cursos regulares, intensivos y sabatinos de ingl\u00e9s, franc\u00e9s, japon\u00e9s, espa\u00f1ol, italiano y portugu\u00e9s con disponibilidad en todos sus horarios.<\/span><\/p>\n<p class=\"x_MsoNormal\" style=\"text-align: justify;\"><span lang=\"ES\" style=\"font-size: 14pt; font-family: arial, helvetica, sans-serif;\"><\/span><\/p>\n<p class=\"x_MsoNormal\" style=\"text-align: justify;\"><span lang=\"ES\" style=\"font-size: 14pt; font-family: arial, helvetica, sans-serif;\">\u201cLos invitamos a todos para que se inscriban, conozcan una segunda lengua; y al que ya est\u00e1 inscrito, a que siga y contin\u00fae con su tr\u00e1mite porque aprender un idioma en estos momentos es una actividad que se puede hacer en l\u00ednea y la Universidad te va a facilitar todo para que sigas estudiando\u201d, expres\u00f3 el doctor Rigoberto Rodr\u00edguez Garc\u00eda, director de la unidad Culiac\u00e1n.<\/span><\/p>\n<p class=\"x_MsoNormal\" style=\"text-align: justify;\"><span lang=\"ES\" style=\"font-size: 14pt; font-family: arial, helvetica, sans-serif;\"><\/span><\/p>\n<p class=\"x_MsoNormal\" style=\"text-align: justify;\"><span style=\"font-size: 14pt; font-family: arial, helvetica, sans-serif;\"><span lang=\"ES\">Detall\u00f3 que las inscripciones se realizan en l\u00ednea proporcionando el nombre completo del interesado, idioma a cursar y horario de inter\u00e9s adjunto a la CURP y acta de nacimiento al correo electr\u00f3nico&nbsp;<\/span><span lang=\"EN-US\"><a href=\"mailto:controlescolar.ceicln@uas.edu.mx\" target=\"_blank\" rel=\"noopener noreferrer\" data-auth=\"NotApplicable\"><\/a><a href=\"mailto:controlescolar.ceicln@uas.edu.mx\">controlescolar.ceicln@uas.edu.mx<\/a><\/span><span lang=\"ES\">&nbsp;con horario de atenci\u00f3n de 7:00 a 19:00 horas de lunes a viernes.<\/span><\/span><\/p>\n<p class=\"x_MsoNormal\" style=\"text-align: justify;\"><span lang=\"ES\" style=\"font-size: 14pt; font-family: arial, helvetica, sans-serif;\"><\/span><\/p>\n<p>&nbsp;<\/p>\n<p class=\"x_MsoNormal\" style=\"text-align: justify;\"><span lang=\"ES\" style=\"font-size: 14pt; font-family: arial, helvetica, sans-serif;\">\u201cEn el caso de los que son hijos de trabajadores o trabajadores universitarios, deber\u00e1n anexar el tal\u00f3n de cheque y ya con eso nosotros empezamos el proceso y les regresamos una ficha de inscripci\u00f3n en la que viene una clave y una p\u00e1gina web de la universidad donde ellos se registran, dan de alta todos sus datos e imprimen su hoja de pago para poderse inscribir\u201d, explic\u00f3.<\/span><\/p>\n<p class=\"x_MsoNormal\" style=\"text-align: justify;\"><span lang=\"ES\" style=\"font-size: 14pt; font-family: arial, helvetica, sans-serif;\"><\/span><\/p>\n<p class=\"x_MsoNormal\" style=\"text-align: justify;\"><span lang=\"ES\" style=\"font-size: 14pt; font-family: arial, helvetica, sans-serif;\">Las clases de nuevo ingreso inician este lunes 11 de enero de 2021 y se realizar\u00e1n por medio de&nbsp;<i>Zoom, English Lab, Google Meet, Google Classroom<\/i>&nbsp;y plataformas editoriales en sesiones de una hora para los cursos regulares y dos horas para los cursos intensivos desde las 7:00 y hasta las 20:00 horas de lunes a viernes para el idioma Ingl\u00e9s; de 7:00 a 8:00 horas para clases regulares de Italiano I y Franc\u00e9s I; y de 8:00 a 9:00 y 9:00 a 11:00, se impartir\u00e1 el Taller de Lectura y Redacci\u00f3n y Espa\u00f1ol Intensivo I, respectivamente.<\/span><\/p>\n<p class=\"x_MsoNormal\" style=\"text-align: justify;\"><span lang=\"ES\" style=\"font-size: 14pt; font-family: arial, helvetica, sans-serif;\"><\/span><\/p>\n<p class=\"x_MsoNormal\" style=\"text-align: justify;\"><span lang=\"ES\" style=\"font-size: 14pt; font-family: arial, helvetica, sans-serif;\">Mientras que por las tardes de 15:00 a 16:00 horas igualmente de lunes a viernes se ofrecer\u00e1 Japon\u00e9s I, de 16:00 a 17:00, 17:00 a 18:00 y de 19:00 a 20:00, Franc\u00e9s I; as\u00ed como Italiano de 17:00 a 18:00 y de 18:00 a 19:00; y de 18:00 a 20:00 Portugu\u00e9s Intensivo I. &nbsp;&nbsp;<\/span><\/p>\n<p class=\"x_MsoNormal\" style=\"text-align: justify;\"><span lang=\"ES\" style=\"font-size: 14pt; font-family: arial, helvetica, sans-serif;\"><\/span><\/p>\n<p class=\"x_MsoNormal\" style=\"text-align: justify;\"><span lang=\"ES\" style=\"font-size: 14pt; font-family: arial, helvetica, sans-serif;\">Asimismo, inform\u00f3 que Ingl\u00e9s, Japon\u00e9s y Franc\u00e9s se disponen los s\u00e1bados en horario matutino y vespertino.<\/span><\/p>\n<p class=\"x_MsoNormal\" style=\"text-align: justify;\"><span lang=\"ES\" style=\"font-size: 14pt; font-family: arial, helvetica, sans-serif;\"><\/span><\/p>\n<p class=\"x_MsoNormal\" style=\"text-align: justify;\"><span lang=\"ES\" style=\"font-size: 14pt; font-family: arial, helvetica, sans-serif;\">\u201cNosotros estamos esperando que todo aquel joven que desee estudiar una segunda o tercera lengua se pueda inscribir y pueda estar aprendiendo v\u00eda remota para mantener todos los cuidados que nuestro Rector, el doctor Juan Eulogio Guerra Liera nos ha pedido; entonces toda aquella persona que desee ingresar ahorita es buen momento para que nos haga llegar la solicitud v\u00eda correo electr\u00f3nico, se inscriba y el pr\u00f3ximo lunes arranque sus clases de ingl\u00e9s, de franc\u00e9s, de japon\u00e9s o cualquier otro idioma que desee aprender\u201d, se\u00f1al\u00f3.<\/span><\/p>\n<p class=\"x_MsoNormal\" style=\"text-align: justify;\"><span lang=\"ES\" style=\"font-size: 14pt; font-family: arial, helvetica, sans-serif;\"><\/span><\/p>\n<p class=\"x_MsoNormal\" style=\"text-align: justify;\"><span lang=\"ES\" style=\"font-size: 14pt; font-family: arial, helvetica, sans-serif;\">Por \u00faltimo, el director del CEI Culiac\u00e1n corrobor\u00f3 que las cuotas de inscripci\u00f3n y reinscripci\u00f3n se mantienen en 685 pesos para cursos regulares de Italiano, Japon\u00e9s, Portugu\u00e9s y para el Taller de Lectura y Redacci\u00f3n; mientras que los cursos regulares de Ingl\u00e9s y Franc\u00e9s cuestan 885 pesos; los sabatinos, mil 500 y los intensivos, mil 610.<\/span><\/p>\n<p class=\"x_MsoNormal\" style=\"text-align: justify;\"><span lang=\"ES\" style=\"font-size: 14pt; font-family: arial, helvetica, sans-serif;\"><\/span><\/p>\n<p class=\"x_MsoNormal\" style=\"text-align: justify;\"><span lang=\"ES\" style=\"font-size: 14pt; font-family: arial, helvetica, sans-serif;\">Igualmente, se pone a disposici\u00f3n el mismo correo electr\u00f3nico para reinscripciones, fichas de ubicaci\u00f3n, cambios de horarios, asignaciones de grupo y soluci\u00f3n de errores que marque el M\u00f3dulo de Servicios a los Alumnos del Sistema Integral de Informaci\u00f3n Administrativa (SIIA).<\/span><\/p>\n<p class=\"x_MsoNormal\" style=\"text-align: justify;\"><span lang=\"ES\" style=\"font-size: 14pt; font-family: arial, helvetica, sans-serif;\"><\/span><\/p>\n<p style=\"text-align: justify;\">&nbsp;<\/p>\n<p style=\"text-align: justify;\"><span style=\"font-size: 14pt; font-family: arial, helvetica, sans-serif;\">REDACCI\u00d3N\/VISI\u00d3N CIUDADANA.<\/span><\/p>\n","protected":false},"excerpt":{"rendered":"<p>El Centro de Estudio de Idiomas (CEI) Culiac\u00e1n de la Universidad Aut\u00f3noma de Sinaloa (UAS), invita a la comunidad sinaloense a inscribirse a los cursos regulares, intensivos y sabatinos de ingl\u00e9s, franc\u00e9s, japon\u00e9s, espa\u00f1ol, italiano y portugu\u00e9s con disponibilidad en todos sus horarios. \u201cLos invitamos a todos para que se inscriban, conozcan una segunda lengua; [&hellip;]<\/p>\n","protected":false},"author":1,"featured_media":6325,"comment_status":"closed","ping_status":"closed","sticky":false,"template":"","format":"standard","meta":{"footnotes":""},"categories":[13],"tags":[],"ppma_author":[31],"class_list":["post-14652","post","type-post","status-publish","format-standard","has-post-thumbnail","hentry","category-locales"],"aioseo_notices":[],"authors":[{"term_id":31,"user_id":1,"is_guest":0,"slug":"ivan3vino","display_name":"Iv\u00e1n Trevi\u00f1o","avatar_url":{"url":"https:\/\/visionciudadana.com.mx\/oficial\/wp-content\/uploads\/2025\/09\/columna-ivan-Trevino.png","url2x":"https:\/\/visionciudadana.com.mx\/oficial\/wp-content\/uploads\/2025\/09\/columna-ivan-Trevino.png"},"0":null,"1":"","2":"","3":"","4":"","5":"","6":"","7":"","8":""}],"_links":{"self":[{"href":"https:\/\/visionciudadana.com.mx\/oficial\/wp-json\/wp\/v2\/posts\/14652","targetHints":{"allow":["GET"]}}],"collection":[{"href":"https:\/\/visionciudadana.com.mx\/oficial\/wp-json\/wp\/v2\/posts"}],"about":[{"href":"https:\/\/visionciudadana.com.mx\/oficial\/wp-json\/wp\/v2\/types\/post"}],"author":[{"embeddable":true,"href":"https:\/\/visionciudadana.com.mx\/oficial\/wp-json\/wp\/v2\/users\/1"}],"replies":[{"embeddable":true,"href":"https:\/\/visionciudadana.com.mx\/oficial\/wp-json\/wp\/v2\/comments?post=14652"}],"version-history":[{"count":1,"href":"https:\/\/visionciudadana.com.mx\/oficial\/wp-json\/wp\/v2\/posts\/14652\/revisions"}],"predecessor-version":[{"id":31554,"href":"https:\/\/visionciudadana.com.mx\/oficial\/wp-json\/wp\/v2\/posts\/14652\/revisions\/31554"}],"wp:featuredmedia":[{"embeddable":true,"href":"https:\/\/visionciudadana.com.mx\/oficial\/wp-json\/wp\/v2\/posts\/6325"}],"wp:attachment":[{"href":"https:\/\/visionciudadana.com.mx\/oficial\/wp-json\/wp\/v2\/media?parent=14652"}],"wp:term":[{"taxonomy":"category","embeddable":true,"href":"https:\/\/visionciudadana.com.mx\/oficial\/wp-json\/wp\/v2\/categories?post=14652"},{"taxonomy":"post_tag","embeddable":true,"href":"https:\/\/visionciudadana.com.mx\/oficial\/wp-json\/wp\/v2\/tags?post=14652"},{"taxonomy":"author","embeddable":true,"href":"https:\/\/visionciudadana.com.mx\/oficial\/wp-json\/wp\/v2\/ppma_author?post=14652"}],"curies":[{"name":"wp","href":"https:\/\/api.w.org\/{rel}","templated":true}]}}