{"id":14645,"date":"2021-01-06T23:51:13","date_gmt":"2021-01-06T23:51:13","guid":{"rendered":"https:\/\/visionciudadana.com.mx\/prueba\/2021\/01\/06\/lideres-agricolas-buscan-candidaturas-para-poner-fin-a-desmantelamiento-de-morena-jesus-valdes\/"},"modified":"2025-06-25T00:32:47","modified_gmt":"2025-06-25T00:32:47","slug":"lideres-agricolas-buscan-candidaturas-para-poner-fin-a-desmantelamiento-de-morena-jesus-valdes","status":"publish","type":"post","link":"https:\/\/visionciudadana.com.mx\/oficial\/2021\/01\/06\/lideres-agricolas-buscan-candidaturas-para-poner-fin-a-desmantelamiento-de-morena-jesus-valdes\/","title":{"rendered":"L\u00edderes agr\u00edcolas buscan candidaturas para poner fin a desmantelamiento de Morena: Jes\u00fas Vald\u00e9s"},"content":{"rendered":"<p><img fetchpriority=\"high\" decoding=\"async\" src=\"images\/Enero2021\/l\u00edderes_agr\u00edco.PNG\" alt=\"l\u00edderes agr\u00edco\" width=\"368\" height=\"183\" style=\"display: block; margin-left: auto; margin-right: auto;\" \/><\/p>\n<p class=\"x_MsoNormal\" style=\"text-align: justify;\"><span style=\"font-size: 14pt; font-family: arial, helvetica, sans-serif;\">Estamos formando un gran equipo para entrarle con todo a estas elecciones y ganar contundentemente\u201d, asegur\u00f3 el presidente estatal del PRI, Jes\u00fas Vald\u00e9s Palazuelos, al informar que l\u00edderes del sector agr\u00edcola buscan ser candidatos a diputados federales para echar abajo las pol\u00edticas desmanteladoras de instituciones y de presupuestos que ha implementado el gobierno de MORENA.<\/span><\/p>\n<p style=\"text-align: justify;\">&nbsp;<\/p>\n<p class=\"x_MsoNormal\" style=\"text-align: justify;\"><span style=\"font-size: 14pt; font-family: arial, helvetica, sans-serif;\">En conferencia de prensa que ofreci\u00f3 en la ciudad de Los Mochis, en la que estuvo acompa\u00f1ado del senador Mario Zamora, Jes\u00fas Vald\u00e9s inform\u00f3 tambi\u00e9n que en las encuestas realizadas en los 15 estados donde estar\u00e1n en juego las gubernaturas, el PRI de Sinaloa lidera esas encuestas con el mayor puntaje de aceptaci\u00f3n.<\/span><\/p>\n<p style=\"text-align: justify;\">&nbsp;<\/p>\n<p class=\"x_MsoNormal\" style=\"text-align: justify;\"><span style=\"font-size: 14pt; font-family: arial, helvetica, sans-serif;\">Referente al inter\u00e9s de l\u00edderes agropecuarios por ser candidatos, se\u00f1al\u00f3 al expresidente municipal de Navolato y exl\u00edder del Congreso del Estado, V\u00edctor Godoy, quien busca la candidatura por el distrito 03, cuya demarcaci\u00f3n llega hasta el municipio de Sinaloa.<\/span><\/p>\n<p style=\"text-align: justify;\">&nbsp;<\/p>\n<p class=\"x_MsoNormal\" style=\"text-align: justify;\"><span style=\"font-size: 14pt; font-family: arial, helvetica, sans-serif;\">De igual forma, agreg\u00f3, lo hizo el tambi\u00e9n productor agr\u00edcola Sergio Esquer Peiro, exl\u00edder de la CAADES, para el distrito 05, con sede en Culiac\u00e1n.<\/span><\/p>\n<p style=\"text-align: justify;\">&nbsp;<\/p>\n<p class=\"x_MsoNormal\" style=\"text-align: justify;\"><span style=\"font-size: 14pt; font-family: arial, helvetica, sans-serif;\">En el distrito 04, que cubre los municipios de El Fuerte y Choix, a\u00f1adi\u00f3, se manifest\u00f3 el actual coordinador de la bancada del PT en el Congreso del Estado, Eleno Flores, quien busca regresar al PRI.<\/span><\/p>\n<p style=\"text-align: justify;\">&nbsp;<\/p>\n<p class=\"x_MsoNormal\" style=\"text-align: justify;\"><span style=\"font-size: 14pt; font-family: arial, helvetica, sans-serif;\">A\u00f1adi\u00f3 que el l\u00edder de los campesinos y diputado local, Faustino Hern\u00e1ndez,&nbsp; tambi\u00e9n manifest\u00f3 su intenci\u00f3n de ser diputado federal, y aclar\u00f3 que no con ello pierde la oportunidad de aspirar por la alcald\u00eda de Culiac\u00e1n.<\/span><\/p>\n<p style=\"text-align: justify;\">&nbsp;<\/p>\n<p class=\"x_MsoNormal\" style=\"text-align: justify;\"><span style=\"font-size: 14pt; font-family: arial, helvetica, sans-serif;\">Explic\u00f3 que los l\u00edderes agr\u00edcolas buscan poner un alto al desmantelamiento que lleva a cabo MORENA de instituciones y presupuestos. \u201cSon alrededor de 40 mil millones de pesos los que han quitado al campo y ahora se tiene que ir a luchar debido a que los diputados federales de MORENA no han luchado por nada, mucho menos por alg\u00fan presupuesto de alg\u00fan sector de la sociedad\u201d.<\/span><\/p>\n<p style=\"text-align: justify;\">&nbsp;<\/p>\n<p class=\"x_MsoNormal\" style=\"text-align: justify;\"><span style=\"font-size: 14pt; font-family: arial, helvetica, sans-serif;\">Aclar\u00f3 que s\u00f3lo hace referencia a cuatro distritos porque son los que le corresponden dentro de la coalici\u00f3n.<\/span><\/p>\n<p style=\"text-align: justify;\">&nbsp;<\/p>\n<p class=\"x_MsoNormal\" style=\"text-align: justify;\"><span style=\"font-size: 14pt; font-family: arial, helvetica, sans-serif;\">Acompa\u00f1ado tambi\u00e9n de los dirigentes municipales Dulce Ruiz y C\u00e9sar Emiliano Gerardo, Jes\u00fas Vald\u00e9s precis\u00f3 que de acuerdo al calendario que tiene el PRI, el 12 de enero saldr\u00e1 la convocatoria para gobernador, el 14 la de las alcald\u00edas, y el 16 para diputaciones locales.<\/span><\/p>\n<p style=\"text-align: justify;\">&nbsp;<\/p>\n<p class=\"x_MsoNormal\" style=\"text-align: justify;\"><span style=\"font-size: 14pt; font-family: arial, helvetica, sans-serif;\">Los pre-registros, dijo, iniciar\u00e1n el 9 de enero para diputados federales.<\/span><\/p>\n<p style=\"text-align: justify;\">&nbsp;<\/p>\n<p class=\"x_MsoNormal\" style=\"text-align: justify;\"><span style=\"font-size: 14pt; font-family: arial, helvetica, sans-serif;\">Con estas sumas de aspirantes, Jes\u00fas Vald\u00e9s afirm\u00f3 que el PRI va con todo.<\/span><\/p>\n<p style=\"text-align: justify;\">&nbsp;<\/p>\n<p class=\"x_MsoNormal\" style=\"text-align: justify;\"><span style=\"font-size: 14pt; font-family: arial, helvetica, sans-serif;\">\u201cSe tiene estrategia, se tiene el equipo con esta coalici\u00f3n, en la que vamos el PRI, PAN y PRI\u00bb expres\u00f3.<\/span><\/p>\n<p style=\"text-align: justify;\">&nbsp;<\/p>\n<p class=\"x_MsoNormal\" style=\"text-align: justify;\"><span style=\"font-size: 14pt; font-family: arial, helvetica, sans-serif;\">En Sinaloa ya est\u00e1 permeando en todos los rincones del estado y nos estamos organizando para sumar las fortalezas de los tres partidos con las fortalezas de la sociedad organizada\u201d, puntualiz\u00f3 Jes\u00fas Vald\u00e9s.<\/span><\/p>\n<p style=\"text-align: justify;\">&nbsp;<\/p>\n<p style=\"text-align: justify;\">&nbsp;<\/p>\n<p style=\"text-align: justify;\"><span style=\"font-size: 14pt; font-family: arial, helvetica, sans-serif;\">REDACCI\u00d3N\/VISI\u00d3N CIUDADANA.<\/span><\/p>\n","protected":false},"excerpt":{"rendered":"<p>Estamos formando un gran equipo para entrarle con todo a estas elecciones y ganar contundentemente\u201d, asegur\u00f3 el presidente estatal del PRI, Jes\u00fas Vald\u00e9s Palazuelos, al informar que l\u00edderes del sector agr\u00edcola buscan ser candidatos a diputados federales para echar abajo las pol\u00edticas desmanteladoras de instituciones y de presupuestos que ha implementado el gobierno de MORENA. [&hellip;]<\/p>\n","protected":false},"author":1,"featured_media":6315,"comment_status":"closed","ping_status":"closed","sticky":false,"template":"","format":"standard","meta":{"footnotes":""},"categories":[13],"tags":[],"ppma_author":[31],"class_list":["post-14645","post","type-post","status-publish","format-standard","has-post-thumbnail","hentry","category-locales"],"aioseo_notices":[],"authors":[{"term_id":31,"user_id":1,"is_guest":0,"slug":"ivan3vino","display_name":"Iv\u00e1n Trevi\u00f1o","avatar_url":{"url":"https:\/\/visionciudadana.com.mx\/oficial\/wp-content\/uploads\/2025\/09\/columna-ivan-Trevino.png","url2x":"https:\/\/visionciudadana.com.mx\/oficial\/wp-content\/uploads\/2025\/09\/columna-ivan-Trevino.png"},"0":null,"1":"","2":"","3":"","4":"","5":"","6":"","7":"","8":""}],"_links":{"self":[{"href":"https:\/\/visionciudadana.com.mx\/oficial\/wp-json\/wp\/v2\/posts\/14645","targetHints":{"allow":["GET"]}}],"collection":[{"href":"https:\/\/visionciudadana.com.mx\/oficial\/wp-json\/wp\/v2\/posts"}],"about":[{"href":"https:\/\/visionciudadana.com.mx\/oficial\/wp-json\/wp\/v2\/types\/post"}],"author":[{"embeddable":true,"href":"https:\/\/visionciudadana.com.mx\/oficial\/wp-json\/wp\/v2\/users\/1"}],"replies":[{"embeddable":true,"href":"https:\/\/visionciudadana.com.mx\/oficial\/wp-json\/wp\/v2\/comments?post=14645"}],"version-history":[{"count":1,"href":"https:\/\/visionciudadana.com.mx\/oficial\/wp-json\/wp\/v2\/posts\/14645\/revisions"}],"predecessor-version":[{"id":31557,"href":"https:\/\/visionciudadana.com.mx\/oficial\/wp-json\/wp\/v2\/posts\/14645\/revisions\/31557"}],"wp:featuredmedia":[{"embeddable":true,"href":"https:\/\/visionciudadana.com.mx\/oficial\/wp-json\/wp\/v2\/posts\/6315"}],"wp:attachment":[{"href":"https:\/\/visionciudadana.com.mx\/oficial\/wp-json\/wp\/v2\/media?parent=14645"}],"wp:term":[{"taxonomy":"category","embeddable":true,"href":"https:\/\/visionciudadana.com.mx\/oficial\/wp-json\/wp\/v2\/categories?post=14645"},{"taxonomy":"post_tag","embeddable":true,"href":"https:\/\/visionciudadana.com.mx\/oficial\/wp-json\/wp\/v2\/tags?post=14645"},{"taxonomy":"author","embeddable":true,"href":"https:\/\/visionciudadana.com.mx\/oficial\/wp-json\/wp\/v2\/ppma_author?post=14645"}],"curies":[{"name":"wp","href":"https:\/\/api.w.org\/{rel}","templated":true}]}}