{"id":14644,"date":"2021-01-06T23:41:24","date_gmt":"2021-01-06T23:41:24","guid":{"rendered":"https:\/\/visionciudadana.com.mx\/prueba\/2021\/01\/06\/suma-sedesu-200-mil-arboles-donados-para-incrementar-la-cobertura-forestal-de-sinaloa\/"},"modified":"2025-06-25T00:32:47","modified_gmt":"2025-06-25T00:32:47","slug":"suma-sedesu-200-mil-arboles-donados-para-incrementar-la-cobertura-forestal-de-sinaloa","status":"publish","type":"post","link":"https:\/\/visionciudadana.com.mx\/oficial\/2021\/01\/06\/suma-sedesu-200-mil-arboles-donados-para-incrementar-la-cobertura-forestal-de-sinaloa\/","title":{"rendered":"Suma Sedesu 200 mil \u00e1rboles donados para incrementar la cobertura forestal de Sinaloa"},"content":{"rendered":"<p style=\"text-align: justify;\"><img fetchpriority=\"high\" decoding=\"async\" src=\"images\/Enero2021\/suma_sedesu.PNG\" alt=\"suma sedesu\" width=\"419\" height=\"225\" style=\"display: block; margin-left: auto; margin-right: auto;\" \/><\/p>\n<p style=\"text-align: justify;\">&nbsp;<\/p>\n<p class=\"x_MsoNormal\" style=\"text-align: justify;\"><span style=\"font-size: 14pt; font-family: arial, helvetica, sans-serif;\">El programa de reforestaci\u00f3n que impulsa el gobierno de Quirino Ordaz Coppel suma 200 mil \u00e1rboles sembrados para incrementar la cobertura forestal de Sinaloa, detall\u00f3 la secretaria de Desarrollo Sustentable, Isabel Mendoza Camacho.<\/span><\/p>\n<p style=\"text-align: justify;\">&nbsp;<\/p>\n<p class=\"x_MsoNormal\" style=\"text-align: justify;\"><span style=\"font-size: 14pt; font-family: arial, helvetica, sans-serif;\">Durante una actividad de arborizaci\u00f3n en Residencial Monserrat en la capital del estado, la funcionaria destac\u00f3 que este a\u00f1o se redoblar\u00e1n esfuerzos junto a organizaciones civiles, autoridades ejidales y ayuntamientos para llevar m\u00e1s especies regionales a los 18 municipios.<\/span><\/p>\n<p style=\"text-align: justify;\">&nbsp;<\/p>\n<p class=\"x_MsoNormal\" style=\"text-align: justify;\"><span style=\"font-size: 14pt; font-family: arial, helvetica, sans-serif;\">La titular de la SEDESU llam\u00f3 tambi\u00e9n a los desarrolladores de vivienda a arborizar los fraccionamientos y donar plantas regionales para que los comit\u00e9s de vecinos se apropien de las \u00e1reas comunes y cuenten con espacios adecuados para el esparcimiento.<\/span><\/p>\n<p style=\"text-align: justify;\">&nbsp;<\/p>\n<p class=\"x_MsoNormal\" style=\"text-align: justify;\"><span style=\"font-size: 14pt; font-family: arial, helvetica, sans-serif;\">\u00abSembrar \u00e1rboles es una actividad vital que da vida y salud al medio ambiente, invitamos a los sinaloenses a que cada vez que puedan promuevan y participen en campa\u00f1as de reforestaci\u00f3n y generemos un mejor planeta\u00bb, expres\u00f3.<\/span><\/p>\n<p style=\"text-align: justify;\">&nbsp;<\/p>\n<p class=\"x_MsoNormal\" style=\"text-align: justify;\"><span style=\"font-size: 14pt; font-family: arial, helvetica, sans-serif;\">Previo a su visita a este sector, la secretaria de Desarrollo Sustentable estuvo en Viveros de Sinaloa, en San Pedro, Navolato, donde supervis\u00f3 la producci\u00f3n de plantas para el 2021 y particip\u00f3 en la selecci\u00f3n de semillas de la especie Palo Colorado.<\/span><\/p>\n<p style=\"text-align: justify;\">&nbsp;<\/p>\n<p style=\"text-align: justify;\">&nbsp;<\/p>\n<p style=\"text-align: justify;\"><span style=\"font-size: 14pt; font-family: arial, helvetica, sans-serif;\">REDACCI\u00d3N\/VISI\u00d3N CIUDADANA.<\/span><\/p>\n","protected":false},"excerpt":{"rendered":"<p>&nbsp; El programa de reforestaci\u00f3n que impulsa el gobierno de Quirino Ordaz Coppel suma 200 mil \u00e1rboles sembrados para incrementar la cobertura forestal de Sinaloa, detall\u00f3 la secretaria de Desarrollo Sustentable, Isabel Mendoza Camacho. &nbsp; Durante una actividad de arborizaci\u00f3n en Residencial Monserrat en la capital del estado, la funcionaria destac\u00f3 que este a\u00f1o se [&hellip;]<\/p>\n","protected":false},"author":1,"featured_media":6313,"comment_status":"closed","ping_status":"closed","sticky":false,"template":"","format":"standard","meta":{"footnotes":""},"categories":[13],"tags":[],"ppma_author":[31],"class_list":["post-14644","post","type-post","status-publish","format-standard","has-post-thumbnail","hentry","category-locales"],"aioseo_notices":[],"authors":[{"term_id":31,"user_id":1,"is_guest":0,"slug":"ivan3vino","display_name":"Iv\u00e1n Trevi\u00f1o","avatar_url":{"url":"https:\/\/visionciudadana.com.mx\/oficial\/wp-content\/uploads\/2025\/09\/columna-ivan-Trevino.png","url2x":"https:\/\/visionciudadana.com.mx\/oficial\/wp-content\/uploads\/2025\/09\/columna-ivan-Trevino.png"},"0":null,"1":"","2":"","3":"","4":"","5":"","6":"","7":"","8":""}],"_links":{"self":[{"href":"https:\/\/visionciudadana.com.mx\/oficial\/wp-json\/wp\/v2\/posts\/14644","targetHints":{"allow":["GET"]}}],"collection":[{"href":"https:\/\/visionciudadana.com.mx\/oficial\/wp-json\/wp\/v2\/posts"}],"about":[{"href":"https:\/\/visionciudadana.com.mx\/oficial\/wp-json\/wp\/v2\/types\/post"}],"author":[{"embeddable":true,"href":"https:\/\/visionciudadana.com.mx\/oficial\/wp-json\/wp\/v2\/users\/1"}],"replies":[{"embeddable":true,"href":"https:\/\/visionciudadana.com.mx\/oficial\/wp-json\/wp\/v2\/comments?post=14644"}],"version-history":[{"count":1,"href":"https:\/\/visionciudadana.com.mx\/oficial\/wp-json\/wp\/v2\/posts\/14644\/revisions"}],"predecessor-version":[{"id":31558,"href":"https:\/\/visionciudadana.com.mx\/oficial\/wp-json\/wp\/v2\/posts\/14644\/revisions\/31558"}],"wp:featuredmedia":[{"embeddable":true,"href":"https:\/\/visionciudadana.com.mx\/oficial\/wp-json\/wp\/v2\/posts\/6313"}],"wp:attachment":[{"href":"https:\/\/visionciudadana.com.mx\/oficial\/wp-json\/wp\/v2\/media?parent=14644"}],"wp:term":[{"taxonomy":"category","embeddable":true,"href":"https:\/\/visionciudadana.com.mx\/oficial\/wp-json\/wp\/v2\/categories?post=14644"},{"taxonomy":"post_tag","embeddable":true,"href":"https:\/\/visionciudadana.com.mx\/oficial\/wp-json\/wp\/v2\/tags?post=14644"},{"taxonomy":"author","embeddable":true,"href":"https:\/\/visionciudadana.com.mx\/oficial\/wp-json\/wp\/v2\/ppma_author?post=14644"}],"curies":[{"name":"wp","href":"https:\/\/api.w.org\/{rel}","templated":true}]}}