{"id":14643,"date":"2021-01-06T23:31:32","date_gmt":"2021-01-06T23:31:32","guid":{"rendered":"https:\/\/visionciudadana.com.mx\/prueba\/2021\/01\/06\/promoveran-decreto-de-tres-nuevas-areas-naturales-protegidas\/"},"modified":"2025-06-25T00:32:47","modified_gmt":"2025-06-25T00:32:47","slug":"promoveran-decreto-de-tres-nuevas-areas-naturales-protegidas","status":"publish","type":"post","link":"https:\/\/visionciudadana.com.mx\/oficial\/2021\/01\/06\/promoveran-decreto-de-tres-nuevas-areas-naturales-protegidas\/","title":{"rendered":"Promover\u00e1n decreto de tres nuevas \u00c1reas Naturales Protegidas"},"content":{"rendered":"<p><img fetchpriority=\"high\" decoding=\"async\" src=\"images\/Enero2021\/promover\u00e1n_sedesu.PNG\" alt=\"promover\u00e1n sedesu\" width=\"409\" height=\"243\" style=\"display: block; margin-left: auto; margin-right: auto;\" \/><\/p>\n<p class=\"x_MsoNormal\" style=\"text-align: justify;\"><span style=\"font-size: 14pt; font-family: arial, helvetica, sans-serif;\">Para mantener el equilibrio ecol\u00f3gico y darle servicios ambientales a la zona urbana, la Secretar\u00eda de Desarrollo Sustentable y el Ayuntamiento de Culiac\u00e1n promover\u00e1n el decreto de \u00c1rea Natural Protegida (ANP) para la Sierra de San Antonio-Cerro Siete Gotas y Sierra de Imala-Sanalona y Cerro del Tule en la categor\u00eda de Zona de Preservaci\u00f3n Ecol\u00f3gica de los Centros de Poblaci\u00f3n.<\/span><\/p>\n<p style=\"text-align: justify;\">&nbsp;<\/p>\n<p class=\"x_MsoNormal\" style=\"text-align: justify;\"><span style=\"font-size: 14pt; font-family: arial, helvetica, sans-serif;\">En reuni\u00f3n de trabajo junto al alcalde Jes\u00fas Estrada Ferreiro, la titular de SEDESU, Isabel Mendoza Camacho, se\u00f1al\u00f3 que Culiac\u00e1n solo cuenta con una ANP y es en la categor\u00eda Municipal denominada \u201cIsla de Orab\u00e1\u201d con s\u00f3lo 4 hect\u00e1reas de superficie y decretada el 02 de Mayo de 2004.<\/span><\/p>\n<p style=\"text-align: justify;\">&nbsp;<\/p>\n<p class=\"x_MsoNormal\" style=\"text-align: justify;\"><span style=\"font-size: 14pt; font-family: arial, helvetica, sans-serif;\">Puntualiz\u00f3 que para el gobierno de Quirino Ordaz Coppel es fundamental hacer equipo con los municipios para lograr la conservaci\u00f3n de los ecosistemas y&nbsp;generar mejores condiciones de vida para los sinaloenses.<\/span><\/p>\n<p style=\"text-align: justify;\">&nbsp;<\/p>\n<p class=\"x_MsoNormal\" style=\"text-align: justify;\"><span style=\"font-size: 14pt; font-family: arial, helvetica, sans-serif;\">Isabel Mendoza subray\u00f3 que la falta de un ordenamiento territorial ha provocado que se urbanicen \u00e1reas con gran biodiversidad, de ah\u00ed la necesidad de que los ayuntamientos impulsen instrumentos jur\u00eddicos para prohibir, regular o condicionar dichos desarrollos para garantizar la sustentabilidad.<\/span><\/p>\n<p style=\"text-align: justify;\">&nbsp;<\/p>\n<p class=\"x_MsoNormal\" style=\"text-align: justify;\"><span style=\"font-size: 14pt; font-family: arial, helvetica, sans-serif;\">Agreg\u00f3 que cada ANP contar\u00eda con un plan de manejo que definir\u00eda las vocaciones productivas de la zona, lo cual no comprometer\u00eda la tenencia de la tierra, previo estudios y an\u00e1lisis correspondientes.<\/span><\/p>\n<p style=\"text-align: justify;\">&nbsp;<\/p>\n<p class=\"x_MsoNormal\" style=\"text-align: justify;\"><span style=\"font-size: 14pt; font-family: arial, helvetica, sans-serif;\">El presidente municipal, Jes\u00fas Estrada Ferreiro, consider\u00f3 de gran beneficio lograr el decreto de nuevas zonas como protegidas para evitar el crecimiento urbano desordenado y que no se desarrollen asentamientos que impacten la flora y fauna.<\/span><\/p>\n<p style=\"text-align: justify;\">&nbsp;<\/p>\n<p class=\"x_MsoNormal\" style=\"text-align: justify;\"><span style=\"font-size: 14pt; font-family: arial, helvetica, sans-serif;\">En el marco de esta reuni\u00f3n de trabajo, tambi\u00e9n se acord\u00f3 la coordinaci\u00f3n en la campa\u00f1a \u00c1rbol por \u00c1rbol, por medio de la cual se entregar\u00e1n especies regionales grauitas a quienes lleven su pino natural a los 14 centros de recepci\u00f3n de \u00e1rboles de Navidad que tiene la Comuna.<\/span><\/p>\n<p style=\"text-align: justify;\">&nbsp;<\/p>\n<p class=\"x_MsoNormal\" style=\"text-align: justify;\"><span style=\"font-size: 14pt; font-family: arial, helvetica, sans-serif;\">Adem\u00e1s, se buscar\u00e1 la selecci\u00f3n de un sitio de disposici\u00f3n final de escombro o desechos de construcci\u00f3n para disminuir los tiraderos clandestinos de este tipo que generan contaminaci\u00f3n y comprometen la imagen urbana.<\/span><\/p>\n<p style=\"text-align: justify;\">&nbsp;<\/p>\n<p class=\"x_MsoNormal\" style=\"text-align: justify;\"><span style=\"font-size: 14pt; font-family: arial, helvetica, sans-serif;\">Finalmente, se analizar\u00e1 la posible instalaci\u00f3n de una biobarda ecol\u00f3gica para contener la basura en r\u00edos y cuerpos de agua, iniciativa ciudadana de parte de la catedr\u00e1tica y ambientalista Sof\u00eda Trejo y un grupo de estudiantes del Tecnol\u00f3gico de Mazatl\u00e1n.<\/span><\/p>\n<p style=\"text-align: justify;\">&nbsp;<\/p>\n<p class=\"x_MsoNormal\" style=\"text-align: justify;\"><span style=\"font-size: 14pt; font-family: arial, helvetica, sans-serif;\">Participaron el subsecretario de Medio Ambiente, Tesemi Avenda\u00f1o; el director de Protecci\u00f3n al Ambiente, Abel Romero; el secretario del Ayuntamiento, Oth\u00f3n Herrera; el director del IMPLAN Culiac\u00e1n, Alberto Medrano; el director de Servicios P\u00fablicos, Rodolfo Audelo, as\u00ed como representantes de las distintas \u00e1reas del Ayuntamiento.<\/span><\/p>\n<p style=\"text-align: justify;\">&nbsp;<\/p>\n<p style=\"text-align: justify;\">&nbsp;<\/p>\n<p style=\"text-align: justify;\"><span style=\"font-size: 14pt; font-family: arial, helvetica, sans-serif;\">REDACCI\u00d3N\/VISI\u00d3N CIUDADANA.<\/span><\/p>\n","protected":false},"excerpt":{"rendered":"<p>Para mantener el equilibrio ecol\u00f3gico y darle servicios ambientales a la zona urbana, la Secretar\u00eda de Desarrollo Sustentable y el Ayuntamiento de Culiac\u00e1n promover\u00e1n el decreto de \u00c1rea Natural Protegida (ANP) para la Sierra de San Antonio-Cerro Siete Gotas y Sierra de Imala-Sanalona y Cerro del Tule en la categor\u00eda de Zona de Preservaci\u00f3n Ecol\u00f3gica [&hellip;]<\/p>\n","protected":false},"author":1,"featured_media":6311,"comment_status":"closed","ping_status":"closed","sticky":false,"template":"","format":"standard","meta":{"footnotes":""},"categories":[24],"tags":[],"ppma_author":[31],"class_list":["post-14643","post","type-post","status-publish","format-standard","has-post-thumbnail","hentry","category-relevantes"],"aioseo_notices":[],"authors":[{"term_id":31,"user_id":1,"is_guest":0,"slug":"ivan3vino","display_name":"Iv\u00e1n Trevi\u00f1o","avatar_url":{"url":"https:\/\/visionciudadana.com.mx\/oficial\/wp-content\/uploads\/2025\/09\/columna-ivan-Trevino.png","url2x":"https:\/\/visionciudadana.com.mx\/oficial\/wp-content\/uploads\/2025\/09\/columna-ivan-Trevino.png"},"0":null,"1":"","2":"","3":"","4":"","5":"","6":"","7":"","8":""}],"_links":{"self":[{"href":"https:\/\/visionciudadana.com.mx\/oficial\/wp-json\/wp\/v2\/posts\/14643","targetHints":{"allow":["GET"]}}],"collection":[{"href":"https:\/\/visionciudadana.com.mx\/oficial\/wp-json\/wp\/v2\/posts"}],"about":[{"href":"https:\/\/visionciudadana.com.mx\/oficial\/wp-json\/wp\/v2\/types\/post"}],"author":[{"embeddable":true,"href":"https:\/\/visionciudadana.com.mx\/oficial\/wp-json\/wp\/v2\/users\/1"}],"replies":[{"embeddable":true,"href":"https:\/\/visionciudadana.com.mx\/oficial\/wp-json\/wp\/v2\/comments?post=14643"}],"version-history":[{"count":1,"href":"https:\/\/visionciudadana.com.mx\/oficial\/wp-json\/wp\/v2\/posts\/14643\/revisions"}],"predecessor-version":[{"id":31559,"href":"https:\/\/visionciudadana.com.mx\/oficial\/wp-json\/wp\/v2\/posts\/14643\/revisions\/31559"}],"wp:featuredmedia":[{"embeddable":true,"href":"https:\/\/visionciudadana.com.mx\/oficial\/wp-json\/wp\/v2\/posts\/6311"}],"wp:attachment":[{"href":"https:\/\/visionciudadana.com.mx\/oficial\/wp-json\/wp\/v2\/media?parent=14643"}],"wp:term":[{"taxonomy":"category","embeddable":true,"href":"https:\/\/visionciudadana.com.mx\/oficial\/wp-json\/wp\/v2\/categories?post=14643"},{"taxonomy":"post_tag","embeddable":true,"href":"https:\/\/visionciudadana.com.mx\/oficial\/wp-json\/wp\/v2\/tags?post=14643"},{"taxonomy":"author","embeddable":true,"href":"https:\/\/visionciudadana.com.mx\/oficial\/wp-json\/wp\/v2\/ppma_author?post=14643"}],"curies":[{"name":"wp","href":"https:\/\/api.w.org\/{rel}","templated":true}]}}