{"id":14642,"date":"2021-01-06T23:22:55","date_gmt":"2021-01-06T23:22:55","guid":{"rendered":"https:\/\/visionciudadana.com.mx\/prueba\/2021\/01\/06\/no-se-descuidara-ningun-area-de-la-salud-dr-efren-encinas\/"},"modified":"2025-06-25T00:32:47","modified_gmt":"2025-06-25T00:32:47","slug":"no-se-descuidara-ningun-area-de-la-salud-dr-efren-encinas","status":"publish","type":"post","link":"https:\/\/visionciudadana.com.mx\/oficial\/2021\/01\/06\/no-se-descuidara-ningun-area-de-la-salud-dr-efren-encinas\/","title":{"rendered":"No se descuidar\u00e1 ning\u00fan \u00e1rea de la salud: Dr. Efr\u00e9n Encinas"},"content":{"rendered":"<p><img fetchpriority=\"high\" decoding=\"async\" src=\"images\/Enero2021\/no_descuidaremos.PNG\" alt=\"no descuidaremos\" width=\"400\" height=\"218\" style=\"display: block; margin-left: auto; margin-right: auto;\" \/><\/p>\n<div>\n<p class=\"x_MsoNormal\" style=\"text-align: justify;\"><span style=\"font-size: 14pt; font-family: arial, helvetica, sans-serif;\">Durante su visita al Hospital Integral de Angostura, el Dr. Efr\u00e9n Encinas Torres, Secretario de Salud de Sinaloa, reiter\u00f3 que todos los temas de salud seguir\u00e1n siendo una prioridad, sin descuidar la atenci\u00f3n por la emergencia sanitaria por COVID- 19, es por ello que afirm\u00f3 se continuar\u00e1 con la des conversi\u00f3n hospitalaria en la entidad.<\/span><\/p>\n<p style=\"text-align: justify;\">&nbsp;<\/p>\n<p class=\"x_MsoNormal\" style=\"text-align: justify;\"><span style=\"font-size: 14pt; font-family: arial, helvetica, sans-serif;\">Acompa\u00f1ado por el Dr. Ismael Angulo Meza, Director Municipal de Salud, el Jefe de la Jurisdicci\u00f3n Dr. Luis V\u00edctor Velazco Zayas y la Dra. Armida Puente, Directora del Hospital Integral de Angostura, el responsable de la salud en la entidad, detall\u00f3 que este nosocomio se trata de un hospital hibrido, es decir, permite dar servicio naturalmente a la emergencia del COVID, con camas divididas para otro tipo de emergencias que requiera la poblaci\u00f3n.<\/span><\/p>\n<p style=\"text-align: justify;\">&nbsp;<\/p>\n<p class=\"x_MsoNormal\" style=\"text-align: justify;\"><span style=\"font-size: 14pt; font-family: arial, helvetica, sans-serif;\">Asimismo, anticip\u00f3 que se est\u00e1 en espera de la llegada de las dosis de vacuna contra COVID-19 para el personal de la salud, las cuales posiblemente arriben antes del 15 de este mes.<\/span><\/p>\n<p style=\"text-align: justify;\">&nbsp;<\/p>\n<p class=\"x_MsoNormal\" style=\"text-align: justify;\"><span style=\"font-size: 14pt; font-family: arial, helvetica, sans-serif;\">\u201cNosotros tenemos ya un esquema de capacitaci\u00f3n al personal a trav\u00e9s del \u00e1rea de epidemiolog\u00eda ya prepar\u00e1ndonos para ello y as\u00ed va a ser todo el sector salud para estar preparados, recordemos que tenemos ya a disposici\u00f3n nuestro alrededor de 30 ultra congeladores en dado caso que se lleguen a requerir que est\u00e9n listos para el almacenaje de las mismas que son temperaturas particularmente la vacuna de Pfizer que son temperaturas por debajo de 70\u00b0, Sinaloa cuenta con ello para el momento que se requiera estar listos en todo el estado, y as\u00ed mismo iniciar la distribuci\u00f3n\u201d, coment\u00f3.<\/span><\/p>\n<p style=\"text-align: justify;\">&nbsp;<\/p>\n<p class=\"x_MsoNormal\" style=\"text-align: justify;\"><span style=\"font-size: 14pt; font-family: arial, helvetica, sans-serif;\">Reiter\u00f3 que al momento, Sinaloa se mantiene en una tendencia estabilizadora, inclusive en sem\u00e1foro amarillo, sin embargo advirti\u00f3 que no hay que confiarnos y bajar la guardia, pues por las fiestas decembrinas pudiera reflejarse un posible incremento en casos nuevos de COVID en 10 o 15 d\u00edas.<\/span><\/p>\n<p style=\"text-align: justify;\">&nbsp;<\/p>\n<p class=\"x_MsoNormal\" style=\"text-align: justify;\"><span style=\"font-size: 14pt; font-family: arial, helvetica, sans-serif;\">Ante ello, se\u00f1al\u00f3 que Sinaloa cuenta con una ocupaci\u00f3n hospitalaria que permite tener una respuesta importante, pr\u00e1cticamente el 80% de posibilidades de atender a la poblaci\u00f3n que requiera en materia de atenci\u00f3n por COVID.<\/span><\/p>\n<p style=\"text-align: justify;\">&nbsp;<\/p>\n<p style=\"text-align: justify;\">&nbsp;<\/p>\n<p style=\"text-align: justify;\"><span style=\"font-size: 14pt; font-family: arial, helvetica, sans-serif;\">REDACCI\u00d3N\/VISI\u00d3N CIUDADANA.<\/span><\/p>\n<\/div>\n<div>&nbsp;<\/div>\n","protected":false},"excerpt":{"rendered":"<p>Durante su visita al Hospital Integral de Angostura, el Dr. Efr\u00e9n Encinas Torres, Secretario de Salud de Sinaloa, reiter\u00f3 que todos los temas de salud seguir\u00e1n siendo una prioridad, sin descuidar la atenci\u00f3n por la emergencia sanitaria por COVID- 19, es por ello que afirm\u00f3 se continuar\u00e1 con la des conversi\u00f3n hospitalaria en la entidad. [&hellip;]<\/p>\n","protected":false},"author":1,"featured_media":6309,"comment_status":"closed","ping_status":"closed","sticky":false,"template":"","format":"standard","meta":{"footnotes":""},"categories":[24],"tags":[],"ppma_author":[31],"class_list":["post-14642","post","type-post","status-publish","format-standard","has-post-thumbnail","hentry","category-relevantes"],"aioseo_notices":[],"authors":[{"term_id":31,"user_id":1,"is_guest":0,"slug":"ivan3vino","display_name":"Iv\u00e1n Trevi\u00f1o","avatar_url":{"url":"https:\/\/visionciudadana.com.mx\/oficial\/wp-content\/uploads\/2025\/09\/columna-ivan-Trevino.png","url2x":"https:\/\/visionciudadana.com.mx\/oficial\/wp-content\/uploads\/2025\/09\/columna-ivan-Trevino.png"},"0":null,"1":"","2":"","3":"","4":"","5":"","6":"","7":"","8":""}],"_links":{"self":[{"href":"https:\/\/visionciudadana.com.mx\/oficial\/wp-json\/wp\/v2\/posts\/14642","targetHints":{"allow":["GET"]}}],"collection":[{"href":"https:\/\/visionciudadana.com.mx\/oficial\/wp-json\/wp\/v2\/posts"}],"about":[{"href":"https:\/\/visionciudadana.com.mx\/oficial\/wp-json\/wp\/v2\/types\/post"}],"author":[{"embeddable":true,"href":"https:\/\/visionciudadana.com.mx\/oficial\/wp-json\/wp\/v2\/users\/1"}],"replies":[{"embeddable":true,"href":"https:\/\/visionciudadana.com.mx\/oficial\/wp-json\/wp\/v2\/comments?post=14642"}],"version-history":[{"count":1,"href":"https:\/\/visionciudadana.com.mx\/oficial\/wp-json\/wp\/v2\/posts\/14642\/revisions"}],"predecessor-version":[{"id":31560,"href":"https:\/\/visionciudadana.com.mx\/oficial\/wp-json\/wp\/v2\/posts\/14642\/revisions\/31560"}],"wp:featuredmedia":[{"embeddable":true,"href":"https:\/\/visionciudadana.com.mx\/oficial\/wp-json\/wp\/v2\/posts\/6309"}],"wp:attachment":[{"href":"https:\/\/visionciudadana.com.mx\/oficial\/wp-json\/wp\/v2\/media?parent=14642"}],"wp:term":[{"taxonomy":"category","embeddable":true,"href":"https:\/\/visionciudadana.com.mx\/oficial\/wp-json\/wp\/v2\/categories?post=14642"},{"taxonomy":"post_tag","embeddable":true,"href":"https:\/\/visionciudadana.com.mx\/oficial\/wp-json\/wp\/v2\/tags?post=14642"},{"taxonomy":"author","embeddable":true,"href":"https:\/\/visionciudadana.com.mx\/oficial\/wp-json\/wp\/v2\/ppma_author?post=14642"}],"curies":[{"name":"wp","href":"https:\/\/api.w.org\/{rel}","templated":true}]}}