{"id":14641,"date":"2021-01-06T23:17:35","date_gmt":"2021-01-06T23:17:35","guid":{"rendered":"https:\/\/visionciudadana.com.mx\/prueba\/2021\/01\/06\/enfermeras-y-enfermeros-angeles-para-los-seres-humanos-requieren-del-servicio-de-salud\/"},"modified":"2025-06-25T00:32:48","modified_gmt":"2025-06-25T00:32:48","slug":"enfermeras-y-enfermeros-angeles-para-los-seres-humanos-requieren-del-servicio-de-salud","status":"publish","type":"post","link":"https:\/\/visionciudadana.com.mx\/oficial\/2021\/01\/06\/enfermeras-y-enfermeros-angeles-para-los-seres-humanos-requieren-del-servicio-de-salud\/","title":{"rendered":"Enfermeras y enfermeros \u00e1ngeles para los seres humanos requieren del servicio de salud"},"content":{"rendered":"<p><img fetchpriority=\"high\" decoding=\"async\" src=\"images\/Enero2021\/enfermeras_angeles.PNG\" alt=\"enfermeras angeles\" width=\"395\" height=\"209\" style=\"display: block; margin-left: auto; margin-right: auto;\" \/><\/p>\n<p class=\"x_MsoNormal\" style=\"text-align: justify;\"><span style=\"font-size: 14pt; font-family: arial, helvetica, sans-serif;\">La enfermer\u00eda es una de las ocupaciones m\u00e1s respetadas y valoradas por la sociedad en M\u00e9xico, al tratarse de personal que d\u00eda a d\u00eda demuestra su vocaci\u00f3n y calidez en el trato que tiene hacia los pacientes que luchan por sus vidas en salas de urgencias y hospitalizaci\u00f3n, afirm\u00f3, el Dr. Efr\u00e9n Encinas Torres, Secretario de Salud de Sinaloa.<\/span><\/p>\n<p style=\"text-align: justify;\">&nbsp;<\/p>\n<p class=\"x_MsoNormal\" style=\"text-align: justify;\"><span style=\"font-size: 14pt; font-family: arial, helvetica, sans-serif;\">El tambi\u00e9n Director General de los Servicios de Salud, reconoci\u00f3 de manera amplia la labor que emprende el gremio de la enfermer\u00eda sobre todo en estos tiempos de pandemia, que junto al personal m\u00e9dico han sacado la casta y entregarse a la salud de las y los sinaloenses.<\/span><\/p>\n<p style=\"text-align: justify;\">&nbsp;<\/p>\n<p class=\"x_MsoNormal\" style=\"text-align: justify;\"><span style=\"font-size: 14pt; font-family: arial, helvetica, sans-serif;\">\u201cPor ser un d\u00eda tan especial como es el reconocer el D\u00eda de la Enfermera y del Enfermero, es una fecha de ampl\u00edsimo reconocimiento para ese gremio de salud tan importante como es el gremio de enfermer\u00eda, para la atenci\u00f3n y la demanda de atenci\u00f3n a la salud de atenci\u00f3n medica pues, la enfermera o el enfermero es el apapacho al margen del aspecto t\u00e9cnico que se da para aquel ser humano que requiere una atenci\u00f3n de calidad y sobre todo de calidez con estricto sentido humano que hace el personal de enfermer\u00eda para mitigar el dolor y salvar vidas, un reconocimiento y felicidades para todas nuestras enfermeras y enfermeros hoy en su d\u00eda\u201d, manifest\u00f3.<\/span><\/p>\n<p style=\"text-align: justify;\">&nbsp;<\/p>\n<p class=\"x_MsoNormal\" style=\"text-align: justify;\"><span style=\"font-size: 14pt; font-family: arial, helvetica, sans-serif;\">Entrevistada por el propio titular de la salud en el estado, la enfermera Cleotilde Gast\u00e9lum, quien forma parte del equipo multidisciplinario en la l\u00ednea de asistencia call center COVID Culiac\u00e1n, declar\u00f3 que bien vale la pena pertenecer a tan noble gremio, el cual gratifica los esfuerzos y sacrificios al ver salir a cada paciente sonriente para incorporarse con su familia y a su vida, por lo que asegura volver\u00eda a escoger ser enfermera.<\/span><\/p>\n<p style=\"text-align: justify;\">&nbsp;<\/p>\n<p class=\"x_MsoNormal\" style=\"text-align: justify;\"><span style=\"font-size: 14pt; font-family: arial, helvetica, sans-serif;\">\u201cAlg\u00fan mensaje que le quiera mandar a nuestras compa\u00f1eras de Sinaloa, M\u00e9xico y todo el mundo?; \u201cFelicitarlas y felicitarlos por toda la labor que han hecho sobre todo en las \u00e1reas hospitalarias, realmente estar en un centro de atenci\u00f3n telef\u00f3nica si bien implica esfuerzo y dem\u00e1s, pero para mis colegas que est\u00e1n al frente recibiendo a los pacientes en las \u00e1reas de urgencias,&nbsp; terapia intensiva, quienes han dejado ah\u00ed todo hasta su vida desafortunadamente, segura estoy que lo han hecho con el coraz\u00f3n y la satisfacci\u00f3n de servir, porque la mayor cantidad de personal de enfermer\u00eda es por vocaci\u00f3n\u201d, afirm\u00f3.<\/span><\/p>\n<p style=\"text-align: justify;\">&nbsp;<\/p>\n<p class=\"x_MsoNormal\" style=\"text-align: justify;\"><span style=\"font-size: 14pt; font-family: arial, helvetica, sans-serif;\">Finalmente, el Secretario de Salud de Sinaloa, detall\u00f3 que, tan solo en los centros de atenci\u00f3n de la dependencia existen m\u00e1s de 3 mil enfermeras y enfermeros que d\u00eda a d\u00eda cuidan de los Sinaloenses con vocaci\u00f3n y dedicaci\u00f3n.<\/span><\/p>\n<p style=\"text-align: justify;\">&nbsp;<\/p>\n<p class=\"x_MsoNormal\" style=\"text-align: justify;\"><span style=\"font-size: 14pt; font-family: arial, helvetica, sans-serif;\">Asimismo, en la Secretar\u00eda de Salud se cuenta con 1,405 enfermeras del ramo federal; 837 regularizados y homologados; 517 contratos y suplencias adem\u00e1s de 303 formalizados, dando un total de 3,062 personas profesionales de este ramo, esto sin contar los del ISSSTE, IMSS o particulares.<\/span><\/p>\n<p style=\"text-align: justify;\">&nbsp;<\/p>\n<p style=\"text-align: justify;\">&nbsp;<\/p>\n<p style=\"text-align: justify;\"><span style=\"font-size: 14pt; font-family: arial, helvetica, sans-serif;\">REDACCI\u00d3N\/VISI\u00d3N CIUDADANA.<\/span><\/p>\n","protected":false},"excerpt":{"rendered":"<p>La enfermer\u00eda es una de las ocupaciones m\u00e1s respetadas y valoradas por la sociedad en M\u00e9xico, al tratarse de personal que d\u00eda a d\u00eda demuestra su vocaci\u00f3n y calidez en el trato que tiene hacia los pacientes que luchan por sus vidas en salas de urgencias y hospitalizaci\u00f3n, afirm\u00f3, el Dr. Efr\u00e9n Encinas Torres, Secretario [&hellip;]<\/p>\n","protected":false},"author":1,"featured_media":6307,"comment_status":"closed","ping_status":"closed","sticky":false,"template":"","format":"standard","meta":{"footnotes":""},"categories":[24],"tags":[],"ppma_author":[31],"class_list":["post-14641","post","type-post","status-publish","format-standard","has-post-thumbnail","hentry","category-relevantes"],"aioseo_notices":[],"authors":[{"term_id":31,"user_id":1,"is_guest":0,"slug":"ivan3vino","display_name":"Iv\u00e1n Trevi\u00f1o","avatar_url":{"url":"https:\/\/visionciudadana.com.mx\/oficial\/wp-content\/uploads\/2025\/09\/columna-ivan-Trevino.png","url2x":"https:\/\/visionciudadana.com.mx\/oficial\/wp-content\/uploads\/2025\/09\/columna-ivan-Trevino.png"},"0":null,"1":"","2":"","3":"","4":"","5":"","6":"","7":"","8":""}],"_links":{"self":[{"href":"https:\/\/visionciudadana.com.mx\/oficial\/wp-json\/wp\/v2\/posts\/14641","targetHints":{"allow":["GET"]}}],"collection":[{"href":"https:\/\/visionciudadana.com.mx\/oficial\/wp-json\/wp\/v2\/posts"}],"about":[{"href":"https:\/\/visionciudadana.com.mx\/oficial\/wp-json\/wp\/v2\/types\/post"}],"author":[{"embeddable":true,"href":"https:\/\/visionciudadana.com.mx\/oficial\/wp-json\/wp\/v2\/users\/1"}],"replies":[{"embeddable":true,"href":"https:\/\/visionciudadana.com.mx\/oficial\/wp-json\/wp\/v2\/comments?post=14641"}],"version-history":[{"count":1,"href":"https:\/\/visionciudadana.com.mx\/oficial\/wp-json\/wp\/v2\/posts\/14641\/revisions"}],"predecessor-version":[{"id":31561,"href":"https:\/\/visionciudadana.com.mx\/oficial\/wp-json\/wp\/v2\/posts\/14641\/revisions\/31561"}],"wp:featuredmedia":[{"embeddable":true,"href":"https:\/\/visionciudadana.com.mx\/oficial\/wp-json\/wp\/v2\/posts\/6307"}],"wp:attachment":[{"href":"https:\/\/visionciudadana.com.mx\/oficial\/wp-json\/wp\/v2\/media?parent=14641"}],"wp:term":[{"taxonomy":"category","embeddable":true,"href":"https:\/\/visionciudadana.com.mx\/oficial\/wp-json\/wp\/v2\/categories?post=14641"},{"taxonomy":"post_tag","embeddable":true,"href":"https:\/\/visionciudadana.com.mx\/oficial\/wp-json\/wp\/v2\/tags?post=14641"},{"taxonomy":"author","embeddable":true,"href":"https:\/\/visionciudadana.com.mx\/oficial\/wp-json\/wp\/v2\/ppma_author?post=14641"}],"curies":[{"name":"wp","href":"https:\/\/api.w.org\/{rel}","templated":true}]}}