{"id":14640,"date":"2021-01-06T23:05:29","date_gmt":"2021-01-06T23:05:29","guid":{"rendered":"https:\/\/visionciudadana.com.mx\/prueba\/2021\/01\/06\/morena-se-lleva-pero-no-se-aguanta-pri\/"},"modified":"2025-06-25T00:32:48","modified_gmt":"2025-06-25T00:32:48","slug":"morena-se-lleva-pero-no-se-aguanta-pri","status":"publish","type":"post","link":"https:\/\/visionciudadana.com.mx\/oficial\/2021\/01\/06\/morena-se-lleva-pero-no-se-aguanta-pri\/","title":{"rendered":"Morena se lleva pero, no se aguanta: PRI"},"content":{"rendered":"<p style=\"text-align: justify;\">&nbsp;<\/p>\n<p style=\"text-align: justify;\"><img fetchpriority=\"high\" decoding=\"async\" src=\"images\/Enero2021\/lamenta_cen.PNG\" alt=\"lamenta cen\" width=\"386\" height=\"216\" style=\"display: block; margin-left: auto; margin-right: auto;\" \/><\/p>\n<p class=\"x_MsoNormal\" style=\"text-align: justify;\"><span style=\"font-size: 14pt; font-family: arial, helvetica, sans-serif;\">A Morena le gusta criticar y descalificar sin argumentos ni pruebas, pero no aguanta que le digan sus verdades. Somos v\u00edctimas de su improvisaci\u00f3n, irresponsabilidad, insensibilidad y la corrupci\u00f3n de su gobierno, por lo que exigimos justicia, progreso, bienestar y salud para todas y todos los mexicanos, afirm\u00f3 el Comit\u00e9 Ejecutivo Nacional (CEN) del Partido Revolucionario Institucional (PRI).<\/span><\/p>\n<p style=\"text-align: justify;\">&nbsp;<\/p>\n<p class=\"x_MsoNormal\" style=\"text-align: justify;\"><span style=\"font-size: 14pt; font-family: arial, helvetica, sans-serif;\">Despu\u00e9s de que Morena mostrara su preocupaci\u00f3n por la alianza electoral entre el&nbsp; tricolor, el Partido Acci\u00f3n Nacional (PAN) y el Partido de la Revoluci\u00f3n Democr\u00e1tica (PRD), en un video que difundi\u00f3 en el mes de diciembre, en el que realiz\u00f3 aseveraciones prejuiciosas y peyorativas, hoy se queja de un spot difundido por el Partido de M\u00e9xico, en el que se realiza un recuento de los problemas enfrentados por los mexicanos durante los dos \u00faltimos a\u00f1os, periodo en el que los morenistas han estado en el poder y han sido mayor\u00eda en la C\u00e1mara de Diputados.<\/span><\/p>\n<p style=\"text-align: justify;\">&nbsp;<\/p>\n<p class=\"x_MsoNormal\" style=\"text-align: justify;\"><span style=\"font-size: 14pt; font-family: arial, helvetica, sans-serif;\">Tras conocer la queja presentada ante el Instituto Nacional Electoral (INE), el Revolucionario Institucional sostuvo que gobernar exige responsabilidad y acci\u00f3n inmediata, no mentiras, ocurrencias y traici\u00f3n al pueblo de M\u00e9xico, que se esperanz\u00f3 con las promesas de campa\u00f1a de Morena, las cuales se han transformado en la mayor crisis en la historia de nuestro pa\u00eds.<\/span><\/p>\n<p style=\"text-align: justify;\">&nbsp;<\/p>\n<p style=\"text-align: justify;\"><span style=\"font-size: 14pt; font-family: arial, helvetica, sans-serif;\">REDACCI\u00d3N\/VISI\u00d3N CIUDADANA.<\/span><\/p>\n<div>&nbsp;<\/div>\n","protected":false},"excerpt":{"rendered":"<p>&nbsp; A Morena le gusta criticar y descalificar sin argumentos ni pruebas, pero no aguanta que le digan sus verdades. Somos v\u00edctimas de su improvisaci\u00f3n, irresponsabilidad, insensibilidad y la corrupci\u00f3n de su gobierno, por lo que exigimos justicia, progreso, bienestar y salud para todas y todos los mexicanos, afirm\u00f3 el Comit\u00e9 Ejecutivo Nacional (CEN) del [&hellip;]<\/p>\n","protected":false},"author":1,"featured_media":6305,"comment_status":"closed","ping_status":"closed","sticky":false,"template":"","format":"standard","meta":{"footnotes":""},"categories":[24],"tags":[],"ppma_author":[31],"class_list":["post-14640","post","type-post","status-publish","format-standard","has-post-thumbnail","hentry","category-relevantes"],"aioseo_notices":[],"authors":[{"term_id":31,"user_id":1,"is_guest":0,"slug":"ivan3vino","display_name":"Iv\u00e1n Trevi\u00f1o","avatar_url":{"url":"https:\/\/visionciudadana.com.mx\/oficial\/wp-content\/uploads\/2025\/09\/columna-ivan-Trevino.png","url2x":"https:\/\/visionciudadana.com.mx\/oficial\/wp-content\/uploads\/2025\/09\/columna-ivan-Trevino.png"},"0":null,"1":"","2":"","3":"","4":"","5":"","6":"","7":"","8":""}],"_links":{"self":[{"href":"https:\/\/visionciudadana.com.mx\/oficial\/wp-json\/wp\/v2\/posts\/14640","targetHints":{"allow":["GET"]}}],"collection":[{"href":"https:\/\/visionciudadana.com.mx\/oficial\/wp-json\/wp\/v2\/posts"}],"about":[{"href":"https:\/\/visionciudadana.com.mx\/oficial\/wp-json\/wp\/v2\/types\/post"}],"author":[{"embeddable":true,"href":"https:\/\/visionciudadana.com.mx\/oficial\/wp-json\/wp\/v2\/users\/1"}],"replies":[{"embeddable":true,"href":"https:\/\/visionciudadana.com.mx\/oficial\/wp-json\/wp\/v2\/comments?post=14640"}],"version-history":[{"count":1,"href":"https:\/\/visionciudadana.com.mx\/oficial\/wp-json\/wp\/v2\/posts\/14640\/revisions"}],"predecessor-version":[{"id":31562,"href":"https:\/\/visionciudadana.com.mx\/oficial\/wp-json\/wp\/v2\/posts\/14640\/revisions\/31562"}],"wp:featuredmedia":[{"embeddable":true,"href":"https:\/\/visionciudadana.com.mx\/oficial\/wp-json\/wp\/v2\/posts\/6305"}],"wp:attachment":[{"href":"https:\/\/visionciudadana.com.mx\/oficial\/wp-json\/wp\/v2\/media?parent=14640"}],"wp:term":[{"taxonomy":"category","embeddable":true,"href":"https:\/\/visionciudadana.com.mx\/oficial\/wp-json\/wp\/v2\/categories?post=14640"},{"taxonomy":"post_tag","embeddable":true,"href":"https:\/\/visionciudadana.com.mx\/oficial\/wp-json\/wp\/v2\/tags?post=14640"},{"taxonomy":"author","embeddable":true,"href":"https:\/\/visionciudadana.com.mx\/oficial\/wp-json\/wp\/v2\/ppma_author?post=14640"}],"curies":[{"name":"wp","href":"https:\/\/api.w.org\/{rel}","templated":true}]}}