{"id":14639,"date":"2021-01-06T22:58:21","date_gmt":"2021-01-06T22:58:21","guid":{"rendered":"https:\/\/visionciudadana.com.mx\/prueba\/2021\/01\/06\/llega-uas-al-2021-como-institucion-fuerte-solidaria-y-de-vanguardia-guerra-liera\/"},"modified":"2025-06-25T00:32:48","modified_gmt":"2025-06-25T00:32:48","slug":"llega-uas-al-2021-como-institucion-fuerte-solidaria-y-de-vanguardia-guerra-liera","status":"publish","type":"post","link":"https:\/\/visionciudadana.com.mx\/oficial\/2021\/01\/06\/llega-uas-al-2021-como-institucion-fuerte-solidaria-y-de-vanguardia-guerra-liera\/","title":{"rendered":"Llega UAS al 2021 como instituci\u00f3n fuerte, solidaria y de vanguardia: Guerra Liera"},"content":{"rendered":"<p>&nbsp;<\/p>\n<p class=\"x_MsoNormal\" align=\"right\"><img fetchpriority=\"high\" decoding=\"async\" src=\"images\/Enero2021\/llega_uas_al_2021.PNG\" alt=\"llega uas al 2021\" width=\"465\" height=\"254\" style=\"display: block; margin-left: auto; margin-right: auto;\" \/><\/p>\n<p class=\"x_MsoNormal\" style=\"text-align: justify;\" align=\"right\"><i>&nbsp;<\/i><span style=\"font-size: 14pt; font-family: arial, helvetica, sans-serif;\">La Universidad Aut\u00f3noma de Sinaloa (UAS) llega al 2021 como una instituci\u00f3n fuerte, estable, solidaria y de vanguardia, sostuvo el Rector, doctor Juan Eulogio Guerra Liera, al se\u00f1alar en un mensaje dirigido a la comunidad universitaria y a la sociedad en general que el a\u00f1o 2020 fue de retos y especialmente complejo debido a la pandemia y a la situaci\u00f3n financiera, y para este a\u00f1o los desaf\u00edos no desaparecen.<\/span><\/p>\n<p style=\"text-align: justify;\">&nbsp;<\/p>\n<p class=\"x_MsoNormal\" style=\"text-align: justify;\"><span style=\"font-size: 14pt; font-family: arial, helvetica, sans-serif;\">A trav\u00e9s de diversas plataformas digitales, Guerra Liera expres\u00f3 un saludo de A\u00f1o Nuevo en el marco del reinicio de actividades para desear \u201cque todos tengan un 2021 lleno de \u00e9xitos, bienestar y mucha salud\u201d, donde enfatiz\u00f3 que el 6 de enero es una fecha de las m\u00e1s apreciadas porque evoca la generosidad y sirve de marco para reunirse y celebrar el inicio de un nuevo a\u00f1o.<\/span><\/p>\n<p style=\"text-align: justify;\">&nbsp;<\/p>\n<p class=\"x_MsoNormal\" style=\"text-align: justify;\"><span style=\"font-size: 14pt; font-family: arial, helvetica, sans-serif;\">Este a\u00f1o el reencuentro de la familia universitaria no fue posible, pero a trav\u00e9s de medios virtuales el Rector extern\u00f3 que 2020 se pudo cerrar de manera adecuada en lo acad\u00e9mico y en lo financiero gracias a la capacidad y unidad de los universitarios, y se pudo contribuir en la prevenci\u00f3n y atenci\u00f3n de la pandemia gracias a la disciplina y generosidad de todos.<\/span><\/p>\n<p style=\"text-align: justify;\">&nbsp;<\/p>\n<p class=\"x_MsoNormal\" style=\"text-align: justify;\"><span style=\"font-size: 14pt; font-family: arial, helvetica, sans-serif;\">\u201cCon la llegada de un nuevo a\u00f1o los desaf\u00edos no desaparecen, pero el \u00e1nimo s\u00ed est\u00e1 renovado y eso hace m\u00e1s viable el logro de los objetivos; para el 2021 tenemos diversos temas que atender: debemos dar continuidad a las medidas de austeridad y optimizaci\u00f3n y debemos iniciar tambi\u00e9n un di\u00e1logo reflexivo sobre nuestro marco de jubilaci\u00f3n convocado desde el Gobierno Federal, donde se incluye a las organizaciones sindicales y a las diferentes instituciones de educaci\u00f3n en el pa\u00eds\u201d, dijo.<\/span><\/p>\n<p style=\"text-align: justify;\">&nbsp;<\/p>\n<p class=\"x_MsoNormal\" style=\"text-align: justify;\"><span style=\"font-size: 14pt; font-family: arial, helvetica, sans-serif;\">Se\u00f1al\u00f3 que ante la existencia de diferentes vacunas contra el COVID-19 se debe ir trabajando en la elaboraci\u00f3n de nuevos esquemas para el regreso a las actividades presenciales y consider\u00f3 que la pandemia modific\u00f3 la forma de trabajar, pero no ha minado la voluntad de seguir aportando al desarrollo de Sinaloa y de M\u00e9xico.<\/span><\/p>\n<p style=\"text-align: justify;\">&nbsp;<\/p>\n<p class=\"x_MsoNormal\" style=\"text-align: justify;\"><span style=\"font-size: 14pt; font-family: arial, helvetica, sans-serif;\">\u201cPor ello, y como el bien p\u00fablico que es la Universidad Aut\u00f3noma de Sinaloa continuar\u00e1 promoviendo y cumpliendo con la responsabilidad social que est\u00e1 en su esencia, seguir\u00e1 poniendo todas sus capacidades materiales y humanas al servicio de la poblaci\u00f3n a la que pertenece\u201d, expres\u00f3 el Rector.<\/span><\/p>\n<p style=\"text-align: justify;\">&nbsp;<\/p>\n<p class=\"x_MsoNormal\" style=\"text-align: justify;\"><span style=\"font-size: 14pt; font-family: arial, helvetica, sans-serif;\">Estableci\u00f3 que para la comunidad Rosalina el 2020 fue un a\u00f1o sumamente dif\u00edcil, en especial por las numerosas y muy sensibles p\u00e9rdidas de compa\u00f1eros debido a enfermedades, accidentes o por COVID-19, y que con su partida han dejado una huella perenne en la instituci\u00f3n.<\/span><\/p>\n<p style=\"text-align: justify;\">&nbsp;<\/p>\n<p class=\"x_MsoNormal\" style=\"text-align: justify;\"><span style=\"font-size: 14pt; font-family: arial, helvetica, sans-serif;\">\u201cLa pandemia no nos ha permitido despedir a tantos y tan queridos amigos como merec\u00edan (\u2026) ante ello el d\u00eda de hoy hemos hecho una publicaci\u00f3n donde rendimos tributo a los 166 universitarios y universitarias que se han adelantado en el camino en los \u00faltimos meses haciendo votos por su eterno descanso y por la paz y bienestar de sus familiares\u201d, manifest\u00f3.<\/span><\/p>\n<p style=\"text-align: justify;\">&nbsp;<\/p>\n<p class=\"x_MsoNormal\" style=\"text-align: justify;\"><span style=\"font-size: 14pt; font-family: arial, helvetica, sans-serif;\">\u201cSin bajar la guardia y con una actitud responsable sigamos haciendo la parte que nos corresponde, no olvidemos bajo ninguna circunstancia que la salud es lo m\u00e1s valioso que tenemos como individuos, como familia y como sociedad, y esta Alma Mater nunca habr\u00e1 de renunciar a su deber de proteger el bienestar de todos, de la comunidad en pleno y de su entorno\u201d, exhort\u00f3 el Rector en su mensaje.<\/span><\/p>\n<p style=\"text-align: justify;\">&nbsp;<\/p>\n<p class=\"x_MsoNormal\" style=\"text-align: justify;\"><span style=\"font-size: 14pt; font-family: arial, helvetica, sans-serif;\">El dirigente universitario agreg\u00f3 que hoy 6 de enero se celebra el D\u00eda de las Enfermeras y Enfermeros y adem\u00e1s de felicitarlos agradeci\u00f3 la labor que realizan ellos y todo el personal de salud.<\/span><\/p>\n<p style=\"text-align: justify;\">&nbsp;<\/p>\n<p class=\"x_MsoNormal\" style=\"text-align: justify;\"><span style=\"font-size: 14pt; font-family: arial, helvetica, sans-serif;\">\u201cLes expresamos una sincera felicitaci\u00f3n y nuestra admiraci\u00f3n, reconocimiento y gratitud por su valiosa labor y desempe\u00f1o, aprovechamos este marco para reconocer tambi\u00e9n el trabajo de todos los profesionales de la salud y del personal hospitalario quienes han estado en la primera l\u00ednea de batalla poniendo en riesgo su salud y su vida para salvar la de los dem\u00e1s, la sociedad mexicana y sinaloense tendr\u00e1 siempre una deuda con todos ustedes por las incontables muestras de profesionalismo y sobre todo por su sentido de responsabilidad y elevada calidad humana\u201d, opin\u00f3.<\/span><\/p>\n<p style=\"text-align: justify;\">&nbsp;<\/p>\n<p class=\"x_MsoNormal\" style=\"text-align: justify;\"><span style=\"font-size: 14pt; font-family: arial, helvetica, sans-serif;\">El Rector hizo un recuento de todas las actividades realizadas en la Universidad durante la pandemia en lo acad\u00e9mico, incluidos logros alcanzados como programas acreditados, ampliaci\u00f3n de la matr\u00edcula, convenios establecidos, programas de inclusi\u00f3n que se mantienen, la continuidad de las labores administrativas, las acciones para prevenir y mitigar la pandemia, entre otros aspectos.<\/span><\/p>\n<p class=\"x_MsoNormal\" style=\"text-align: justify;\"><span style=\"font-size: 14pt; font-family: arial, helvetica, sans-serif;\"><b>&nbsp;<\/b><\/span><\/p>\n<p class=\"x_MsoNormal\" style=\"text-align: justify;\"><span style=\"font-size: 14pt; font-family: arial, helvetica, sans-serif;\">\u201cHemos sido capaces de responder con hechos ante la pandemia y as\u00ed habremos de continuar durante los pr\u00f3ximos meses a pesar de la dif\u00edcil situaci\u00f3n financiera que enfrentamos, esta, la situaci\u00f3n financiera es otro de los retos que ha hecho del a\u00f1o 2020 uno de los m\u00e1s complejos\u201d, reiter\u00f3 al expresar de nuevo un agradecimiento a todos los actores que contribuyeron a que la UAS recibiera 128 millones de pesos de recursos extraordinarios en diciembre.&nbsp;<\/span><\/p>\n<p class=\"x_MsoNormal\" style=\"text-align: justify;\"><span lang=\"ES\" style=\"font-size: 14pt; font-family: arial, helvetica, sans-serif;\"><\/span><\/p>\n<p style=\"text-align: justify;\">&nbsp;<\/p>\n<p style=\"text-align: justify;\"><span style=\"font-size: 14pt; font-family: arial, helvetica, sans-serif;\">REDACCI\u00d3N\/VISI\u00d3N CIUDADANA.<\/span><\/p>\n","protected":false},"excerpt":{"rendered":"<p>&nbsp; &nbsp;La Universidad Aut\u00f3noma de Sinaloa (UAS) llega al 2021 como una instituci\u00f3n fuerte, estable, solidaria y de vanguardia, sostuvo el Rector, doctor Juan Eulogio Guerra Liera, al se\u00f1alar en un mensaje dirigido a la comunidad universitaria y a la sociedad en general que el a\u00f1o 2020 fue de retos y especialmente complejo debido a [&hellip;]<\/p>\n","protected":false},"author":1,"featured_media":6303,"comment_status":"closed","ping_status":"closed","sticky":false,"template":"","format":"standard","meta":{"footnotes":""},"categories":[24],"tags":[],"ppma_author":[31],"class_list":["post-14639","post","type-post","status-publish","format-standard","has-post-thumbnail","hentry","category-relevantes"],"aioseo_notices":[],"authors":[{"term_id":31,"user_id":1,"is_guest":0,"slug":"ivan3vino","display_name":"Iv\u00e1n Trevi\u00f1o","avatar_url":{"url":"https:\/\/visionciudadana.com.mx\/oficial\/wp-content\/uploads\/2025\/09\/columna-ivan-Trevino.png","url2x":"https:\/\/visionciudadana.com.mx\/oficial\/wp-content\/uploads\/2025\/09\/columna-ivan-Trevino.png"},"0":null,"1":"","2":"","3":"","4":"","5":"","6":"","7":"","8":""}],"_links":{"self":[{"href":"https:\/\/visionciudadana.com.mx\/oficial\/wp-json\/wp\/v2\/posts\/14639","targetHints":{"allow":["GET"]}}],"collection":[{"href":"https:\/\/visionciudadana.com.mx\/oficial\/wp-json\/wp\/v2\/posts"}],"about":[{"href":"https:\/\/visionciudadana.com.mx\/oficial\/wp-json\/wp\/v2\/types\/post"}],"author":[{"embeddable":true,"href":"https:\/\/visionciudadana.com.mx\/oficial\/wp-json\/wp\/v2\/users\/1"}],"replies":[{"embeddable":true,"href":"https:\/\/visionciudadana.com.mx\/oficial\/wp-json\/wp\/v2\/comments?post=14639"}],"version-history":[{"count":1,"href":"https:\/\/visionciudadana.com.mx\/oficial\/wp-json\/wp\/v2\/posts\/14639\/revisions"}],"predecessor-version":[{"id":31563,"href":"https:\/\/visionciudadana.com.mx\/oficial\/wp-json\/wp\/v2\/posts\/14639\/revisions\/31563"}],"wp:featuredmedia":[{"embeddable":true,"href":"https:\/\/visionciudadana.com.mx\/oficial\/wp-json\/wp\/v2\/posts\/6303"}],"wp:attachment":[{"href":"https:\/\/visionciudadana.com.mx\/oficial\/wp-json\/wp\/v2\/media?parent=14639"}],"wp:term":[{"taxonomy":"category","embeddable":true,"href":"https:\/\/visionciudadana.com.mx\/oficial\/wp-json\/wp\/v2\/categories?post=14639"},{"taxonomy":"post_tag","embeddable":true,"href":"https:\/\/visionciudadana.com.mx\/oficial\/wp-json\/wp\/v2\/tags?post=14639"},{"taxonomy":"author","embeddable":true,"href":"https:\/\/visionciudadana.com.mx\/oficial\/wp-json\/wp\/v2\/ppma_author?post=14639"}],"curies":[{"name":"wp","href":"https:\/\/api.w.org\/{rel}","templated":true}]}}