{"id":14628,"date":"2021-01-04T23:16:04","date_gmt":"2021-01-04T23:16:04","guid":{"rendered":"https:\/\/visionciudadana.com.mx\/prueba\/2021\/01\/04\/llama-la-ss-a-cuidar-seguir-cuidando-la-salud-como-proposito-este-2021-efren-encinas\/"},"modified":"2025-06-25T00:32:48","modified_gmt":"2025-06-25T00:32:48","slug":"llama-la-ss-a-cuidar-seguir-cuidando-la-salud-como-proposito-este-2021-efren-encinas","status":"publish","type":"post","link":"https:\/\/visionciudadana.com.mx\/oficial\/2021\/01\/04\/llama-la-ss-a-cuidar-seguir-cuidando-la-salud-como-proposito-este-2021-efren-encinas\/","title":{"rendered":"Llama la SS a cuidar seguir cuidando la salud como prop\u00f3sito este 2021: Efr\u00e9n Encinas"},"content":{"rendered":"<p style=\"text-align: justify;\"><img fetchpriority=\"high\" decoding=\"async\" src=\"images\/Enero2021\/SS.PNG\" alt=\"SS\" width=\"451\" height=\"257\" style=\"display: block; margin-left: auto; margin-right: auto;\" \/><br \/><span style=\"font-size: 14pt; font-family: arial, helvetica, sans-serif;\">Si bien la vacuna contra el COVID-19 ha tra\u00eddo esperanza al mundo, es importante que la poblaci\u00f3n tenga presente que hasta que esta se aplique a llegue a su fase tres en cobertura y proteja al menos a la poblaci\u00f3n vulnerable, la principal l\u00ednea de batalla contra el coronavirus seguir\u00e1 siendo el autocuidado con el llamado tri\u00e1ngulo de la vida; sana distancia, uso de cubre boca y lavado de manos, afirm\u00f3 el Secretario de Salud de Sinaloa, Dr. Efr\u00e9n Encinas Torres.<\/span><\/p>\n<p style=\"text-align: justify;\">\n<p><span style=\"font-size: 14pt; font-family: arial, helvetica, sans-serif;\">El titular de la Salud en la Entidad, reiter\u00f3 que en este a\u00f1o 2021, la poblaci\u00f3n debe empoderarse de su propia salud pues la pandemia a\u00fan no ha terminado y si bien Sinaloa se ha mantenido en una tendencia estabilizadora en las estad\u00edsticas de las \u00faltimas semanas por casos nuevos de COVID-19, no estamos extensos de sufrir un posible rebrote al igual que ha ocurrido en otros pa\u00edses.<\/span><\/p>\n<p><span style=\"font-size: 14pt; font-family: arial, helvetica, sans-serif;\">&nbsp;\u201cPara hacerlo mejor y que recibamos todos los beneficios en materia de salud, cordialidad, cari\u00f1o y amor, etc. es necesaria nuestra participaci\u00f3n muy cuidadosa y responsable, por favor no se olviden pues de lo que siempre se\u00f1alamos del tri\u00e1ngulo de la vida, seguirnos cuidando como si estuvi\u00e9ramos en sem\u00e1foro rojo epidemiol\u00f3gico, no importa que estemos en verde, amarillo, naranja, o el que sea, hay que cuidarnos siempre mucho\u201d, inform\u00f3.<\/span><\/p>\n<p style=\"text-align: justify;\">\n<p><span style=\"font-size: 14pt; font-family: arial, helvetica, sans-serif;\">Asimismo, precis\u00f3 que, si bien se ha venido realizando un programa para la des conversi\u00f3n hospitalaria en los hospitales integrales y generales del estado, al momento se cuenta con suficiente capacidad f\u00edsica instalada en la ocupaci\u00f3n de camas COVID.<\/span><\/p>\n<p style=\"text-align: justify;\">\n<p><span style=\"font-size: 14pt; font-family: arial, helvetica, sans-serif;\">Por \u00faltimo, inst\u00f3 a la sociedad sinaloense a apegarse a la nueva normalidad, donde si bien podemos continuar las actividades diarias estas deben de hacerse apegadas a los cuidados de la salud y evitar salidas innecesarias o exponerse a situaciones de riesgo.<\/span><\/p>\n<p style=\"text-align: justify;\">&nbsp;<\/p>\n<p style=\"text-align: justify;\">&nbsp;<\/p>\n<p style=\"text-align: justify;\"><span style=\"font-size: 14pt; font-family: arial, helvetica, sans-serif;\">REDACCI\u00d3N\/VISI\u00d3N CIUDADANA.<\/span><\/p>\n","protected":false},"excerpt":{"rendered":"<p>Si bien la vacuna contra el COVID-19 ha tra\u00eddo esperanza al mundo, es importante que la poblaci\u00f3n tenga presente que hasta que esta se aplique a llegue a su fase tres en cobertura y proteja al menos a la poblaci\u00f3n vulnerable, la principal l\u00ednea de batalla contra el coronavirus seguir\u00e1 siendo el autocuidado con el [&hellip;]<\/p>\n","protected":false},"author":1,"featured_media":6289,"comment_status":"closed","ping_status":"closed","sticky":false,"template":"","format":"standard","meta":{"footnotes":""},"categories":[24],"tags":[],"ppma_author":[31],"class_list":["post-14628","post","type-post","status-publish","format-standard","has-post-thumbnail","hentry","category-relevantes"],"aioseo_notices":[],"authors":[{"term_id":31,"user_id":1,"is_guest":0,"slug":"ivan3vino","display_name":"Iv\u00e1n Trevi\u00f1o","avatar_url":{"url":"https:\/\/visionciudadana.com.mx\/oficial\/wp-content\/uploads\/2025\/09\/columna-ivan-Trevino.png","url2x":"https:\/\/visionciudadana.com.mx\/oficial\/wp-content\/uploads\/2025\/09\/columna-ivan-Trevino.png"},"0":null,"1":"","2":"","3":"","4":"","5":"","6":"","7":"","8":""}],"_links":{"self":[{"href":"https:\/\/visionciudadana.com.mx\/oficial\/wp-json\/wp\/v2\/posts\/14628","targetHints":{"allow":["GET"]}}],"collection":[{"href":"https:\/\/visionciudadana.com.mx\/oficial\/wp-json\/wp\/v2\/posts"}],"about":[{"href":"https:\/\/visionciudadana.com.mx\/oficial\/wp-json\/wp\/v2\/types\/post"}],"author":[{"embeddable":true,"href":"https:\/\/visionciudadana.com.mx\/oficial\/wp-json\/wp\/v2\/users\/1"}],"replies":[{"embeddable":true,"href":"https:\/\/visionciudadana.com.mx\/oficial\/wp-json\/wp\/v2\/comments?post=14628"}],"version-history":[{"count":1,"href":"https:\/\/visionciudadana.com.mx\/oficial\/wp-json\/wp\/v2\/posts\/14628\/revisions"}],"predecessor-version":[{"id":31566,"href":"https:\/\/visionciudadana.com.mx\/oficial\/wp-json\/wp\/v2\/posts\/14628\/revisions\/31566"}],"wp:featuredmedia":[{"embeddable":true,"href":"https:\/\/visionciudadana.com.mx\/oficial\/wp-json\/wp\/v2\/posts\/6289"}],"wp:attachment":[{"href":"https:\/\/visionciudadana.com.mx\/oficial\/wp-json\/wp\/v2\/media?parent=14628"}],"wp:term":[{"taxonomy":"category","embeddable":true,"href":"https:\/\/visionciudadana.com.mx\/oficial\/wp-json\/wp\/v2\/categories?post=14628"},{"taxonomy":"post_tag","embeddable":true,"href":"https:\/\/visionciudadana.com.mx\/oficial\/wp-json\/wp\/v2\/tags?post=14628"},{"taxonomy":"author","embeddable":true,"href":"https:\/\/visionciudadana.com.mx\/oficial\/wp-json\/wp\/v2\/ppma_author?post=14628"}],"curies":[{"name":"wp","href":"https:\/\/api.w.org\/{rel}","templated":true}]}}