{"id":14627,"date":"2021-01-04T23:09:31","date_gmt":"2021-01-04T23:09:31","guid":{"rendered":"https:\/\/visionciudadana.com.mx\/prueba\/2021\/01\/04\/abrira-pas-precampana-este-proximo-15-de-enero\/"},"modified":"2025-06-25T00:32:49","modified_gmt":"2025-06-25T00:32:49","slug":"abrira-pas-precampana-este-proximo-15-de-enero","status":"publish","type":"post","link":"https:\/\/visionciudadana.com.mx\/oficial\/2021\/01\/04\/abrira-pas-precampana-este-proximo-15-de-enero\/","title":{"rendered":"Abrir\u00e1 PAS precampa\u00f1a este pr\u00f3ximo 15 de enero"},"content":{"rendered":"<div style=\"text-align: justify;\"><span style=\"font-size: 14pt; font-family: arial, helvetica, sans-serif;\"><\/span><img fetchpriority=\"high\" decoding=\"async\" src=\"images\/Enero2021\/abrir\u00e1_pas.PNG\" alt=\"abrir\u00e1 pas\" width=\"408\" height=\"240\" style=\"display: block; margin-left: auto; margin-right: auto;\" \/><\/p>\n<p><span style=\"font-size: 14pt; font-family: arial, helvetica, sans-serif;\">Fuimos claros que el PAS abri\u00f3 las puertas para integrar posibles coaliciones, sin embargo, lleg\u00f3 el 23 de diciembre y esto no fue posible, dado que nuestra \u00fanica condici\u00f3n fue que se pusieran sobre la mesa el nombre de los posibles precandidatos a la gubernatura, lo cual no se acept\u00f3, fue entonces que la militancia del PAS decidi\u00f3 ir solos\u201d, as\u00ed lo expres\u00f3 el maestro H\u00e9ctor Melesio Cu\u00e9n Ojeda.<\/span><\/div>\n<div style=\"text-align: justify;\">\n<p><span style=\"font-size: 14pt; font-family: arial, helvetica, sans-serif;\">El PAS es un partido fuerte, tan solo basta revisar la pagina del Instituto Estatal Electoral del Estado de Sinaloa -IEES- o el Institutito Nacional Electoral- INE- y podr\u00e1n observar que la suma de afiliados de los 10 partidos nacionales con presencia en Sinaloa es inferior al n\u00famero de militantes del Partido Sinaloense, es por ello que estamos trabajando muy fuerte en todo el estado, coment\u00f3 Cu\u00e9n Ojeda.<\/span><\/div>\n<div style=\"text-align: justify;\">\n<p><span style=\"font-size: 14pt; font-family: arial, helvetica, sans-serif;\">\u201cEn los pr\u00f3ximos d\u00edas iniciaremos la precampa\u00f1a, y H\u00e9ctor Melesio Cu\u00e9n Ojeda ira como precandidato a la gubernatura del estado de Sinaloa, y lo haremos respetando las reglas definidas para evitar los contagios, para ello nosotros ya aprendimos hacer campa\u00f1a con las caravanas de carros, donde cada familia se protege en su segunda casa que es su autom\u00f3vil\u201d, fueron los comentarios de Cu\u00e9n Ojeda.<\/span><\/div>\n<div style=\"text-align: justify;\">\n<p><span style=\"font-size: 14pt; font-family: arial, helvetica, sans-serif;\">Volviendo a la etapa de precampa\u00f1a que se cursa actualmente, el PAS la iniciar\u00e1 a m\u00e1s tardar el 15 de enero ya con candidatos definidos en algunos municipios, que por cierto algunos de ellos han resuelto no entrar a la participaci\u00f3n de 2 o m\u00e1s precandidatos, y que desean irse directamente a la campa\u00f1a electoral, lo que significa que es muy probable que el PAS a\u00fan no nombre precandidatos es esta precampa\u00f1a.<\/span><\/div>\n<div style=\"text-align: justify;\">\n<p><span style=\"font-size: 14pt; font-family: arial, helvetica, sans-serif;\">Finalmente, Cu\u00e9n Ojeda reiter\u00f3 que nuestro organismo pol\u00edtico est\u00e1 dispuesto a abrir las puertas de nueva cuenta para trabajar posibles candidaturas comunes, para lo cual el PAS abre de nueva cuenta sus puertas.<\/span><\/div>\n<div style=\"text-align: justify;\">&nbsp;<\/div>\n<div style=\"text-align: justify;\">&nbsp;<\/div>\n<div style=\"text-align: justify;\"><span style=\"font-size: 14pt; font-family: arial, helvetica, sans-serif;\">REDACCI\u00d3N\/VISI\u00d3N CIUDADANA.<\/span><\/div>\n","protected":false},"excerpt":{"rendered":"<p>Fuimos claros que el PAS abri\u00f3 las puertas para integrar posibles coaliciones, sin embargo, lleg\u00f3 el 23 de diciembre y esto no fue posible, dado que nuestra \u00fanica condici\u00f3n fue que se pusieran sobre la mesa el nombre de los posibles precandidatos a la gubernatura, lo cual no se acept\u00f3, fue entonces que la militancia [&hellip;]<\/p>\n","protected":false},"author":1,"featured_media":6287,"comment_status":"closed","ping_status":"closed","sticky":false,"template":"","format":"standard","meta":{"footnotes":""},"categories":[24],"tags":[],"ppma_author":[31],"class_list":["post-14627","post","type-post","status-publish","format-standard","has-post-thumbnail","hentry","category-relevantes"],"aioseo_notices":[],"authors":[{"term_id":31,"user_id":1,"is_guest":0,"slug":"ivan3vino","display_name":"Iv\u00e1n Trevi\u00f1o","avatar_url":{"url":"https:\/\/visionciudadana.com.mx\/oficial\/wp-content\/uploads\/2025\/09\/columna-ivan-Trevino.png","url2x":"https:\/\/visionciudadana.com.mx\/oficial\/wp-content\/uploads\/2025\/09\/columna-ivan-Trevino.png"},"0":null,"1":"","2":"","3":"","4":"","5":"","6":"","7":"","8":""}],"_links":{"self":[{"href":"https:\/\/visionciudadana.com.mx\/oficial\/wp-json\/wp\/v2\/posts\/14627","targetHints":{"allow":["GET"]}}],"collection":[{"href":"https:\/\/visionciudadana.com.mx\/oficial\/wp-json\/wp\/v2\/posts"}],"about":[{"href":"https:\/\/visionciudadana.com.mx\/oficial\/wp-json\/wp\/v2\/types\/post"}],"author":[{"embeddable":true,"href":"https:\/\/visionciudadana.com.mx\/oficial\/wp-json\/wp\/v2\/users\/1"}],"replies":[{"embeddable":true,"href":"https:\/\/visionciudadana.com.mx\/oficial\/wp-json\/wp\/v2\/comments?post=14627"}],"version-history":[{"count":1,"href":"https:\/\/visionciudadana.com.mx\/oficial\/wp-json\/wp\/v2\/posts\/14627\/revisions"}],"predecessor-version":[{"id":31567,"href":"https:\/\/visionciudadana.com.mx\/oficial\/wp-json\/wp\/v2\/posts\/14627\/revisions\/31567"}],"wp:featuredmedia":[{"embeddable":true,"href":"https:\/\/visionciudadana.com.mx\/oficial\/wp-json\/wp\/v2\/posts\/6287"}],"wp:attachment":[{"href":"https:\/\/visionciudadana.com.mx\/oficial\/wp-json\/wp\/v2\/media?parent=14627"}],"wp:term":[{"taxonomy":"category","embeddable":true,"href":"https:\/\/visionciudadana.com.mx\/oficial\/wp-json\/wp\/v2\/categories?post=14627"},{"taxonomy":"post_tag","embeddable":true,"href":"https:\/\/visionciudadana.com.mx\/oficial\/wp-json\/wp\/v2\/tags?post=14627"},{"taxonomy":"author","embeddable":true,"href":"https:\/\/visionciudadana.com.mx\/oficial\/wp-json\/wp\/v2\/ppma_author?post=14627"}],"curies":[{"name":"wp","href":"https:\/\/api.w.org\/{rel}","templated":true}]}}