{"id":14626,"date":"2021-01-04T23:00:10","date_gmt":"2021-01-04T23:00:10","guid":{"rendered":"https:\/\/visionciudadana.com.mx\/prueba\/2021\/01\/04\/gobierno-del-estado-dara-prioridad-en-el-2021-a-temas-de-mayor-demanda-en-el-sector-pesquero\/"},"modified":"2025-06-25T00:32:49","modified_gmt":"2025-06-25T00:32:49","slug":"gobierno-del-estado-dara-prioridad-en-el-2021-a-temas-de-mayor-demanda-en-el-sector-pesquero","status":"publish","type":"post","link":"https:\/\/visionciudadana.com.mx\/oficial\/2021\/01\/04\/gobierno-del-estado-dara-prioridad-en-el-2021-a-temas-de-mayor-demanda-en-el-sector-pesquero\/","title":{"rendered":"Gobierno del Estado dar\u00e1 prioridad en el 2021 a temas de mayor demanda en el sector pesquero"},"content":{"rendered":"<p style=\"text-align: justify;\"><img fetchpriority=\"high\" decoding=\"async\" src=\"images\/Enero2021\/gobb.PNG\" alt=\"gobb\" width=\"508\" height=\"279\" style=\"display: block; margin-left: auto; margin-right: auto;\" \/><\/p>\n<p><span style=\"font-size: 14pt; font-family: arial, helvetica, sans-serif;\">Debido a que los recursos para atender al sector pesquero resultar\u00e1n insuficientes para cubrir todas las demandas con las que cuenta, el Gobierno del Estado ha decidido ser efectivo y eficaz en el gasto presupuestal para el 2021, consider\u00f3 la secretaria de Pesca y Acuacultura Maribel Chollet Mor\u00e1n.&nbsp;<\/span><\/p>\n<p style=\"text-align: justify;\">\n<p><span style=\"font-size: 14pt; font-family: arial, helvetica, sans-serif;\">La funcionaria estatal reiter\u00f3 que frente a esta situaci\u00f3n, existe por parte del gobernador Quirino Ordaz Coppel tanto sensibilidad como voluntad de apoyar a los pescadores y acuacultores de la entidad, por lo que en la aplicaci\u00f3n del presupuesto se enfocar\u00e1 y dar\u00e1 prioridad en los programas que tienen mayor demanda como el apoyo para gasolina ribere\u00f1a, artes de pesca, reposici\u00f3n y reparaci\u00f3n de motores.<\/span><\/p>\n<p style=\"text-align: justify;\">\n<p><span style=\"font-size: 14pt; font-family: arial, helvetica, sans-serif;\">\u201cEstamos analizando actividades y acciones que vayan acorde a la necesidad y a la urgencia que vive el sector pesquero\u201d, a\u00f1adi\u00f3.<\/span><\/p>\n<p style=\"text-align: justify;\">\n<p><span style=\"font-size: 14pt; font-family: arial, helvetica, sans-serif;\">En cuanto a materia de inspecci\u00f3n y vigilancia en la que se pretende dar un extra, enfatiz\u00f3 que tras reunirse peri\u00f3dicamente con presidentes de federaciones cooperativas pesqueras y empresarios de la pesca de altamar actualmente se lleva a cabo un an\u00e1lisis de c\u00f3mo se atender\u00e1, pues se tiene previsto implementar una estrategia que permita eficientar el recurso que se destine a este rubro.<\/span><\/p>\n<p style=\"text-align: justify;\">\n<p><span style=\"font-size: 14pt; font-family: arial, helvetica, sans-serif;\">Por otro lado, dijo que a trav\u00e9s de la suma de esfuerzos as\u00ed como de acciones trasversales con otras \u00e1reas del ejecutivo estatal como la Secretar\u00eda de Desarrollo Social, el Desarrollo Integral de la Familia (DIF) y la Secretar\u00eda de Salud, se ha brindado apoyo al sector pesquero, las cuales ser\u00e1n reforzadas a partir de enero con la incorporaci\u00f3n de la Secretar\u00eda de Desarrollo Sustentable, con actividades que pr\u00f3ximamente ser\u00e1n anunciadas.<\/span><\/p>\n<p style=\"text-align: justify;\">\n<p><span style=\"font-size: 14pt; font-family: arial, helvetica, sans-serif;\">Coment\u00f3 que tambi\u00e9n con la finalidad de darle un giro a la actividad, se seguir\u00e1 trabajando en la coordinaci\u00f3n interinstitucional con el Instituto Nacional de Pesca (Inapesca) para incentivar a trav\u00e9s de capacitaci\u00f3n la diversificaci\u00f3n que permita que el pescador tradicional incursione en \u00e1reas como la maricultura o incluso la acuacultura para que tenga otras alternativas.<\/span><\/p>\n<p style=\"text-align: justify;\">\n<p><span style=\"font-size: 14pt; font-family: arial, helvetica, sans-serif;\">Para finalizar, Chollet Mor\u00e1n resalt\u00f3 que el Gobierno del Estado no se rendir\u00e1 ni cansar\u00e1 de hacer fuerza com\u00fan para que el sector y acu\u00edcola de Sinaloa se mantenga de pie pese al complicado panorama en el que se encuentra.<\/span><\/p>\n<p style=\"text-align: justify;\">&nbsp;<\/p>\n<p style=\"text-align: justify;\">&nbsp;<\/p>\n<p style=\"text-align: justify;\"><span style=\"font-size: 14pt; font-family: arial, helvetica, sans-serif;\">REDACCI\u00d3N\/VISI\u00d3N CIUDADANA.<\/span><\/p>\n","protected":false},"excerpt":{"rendered":"<p>Debido a que los recursos para atender al sector pesquero resultar\u00e1n insuficientes para cubrir todas las demandas con las que cuenta, el Gobierno del Estado ha decidido ser efectivo y eficaz en el gasto presupuestal para el 2021, consider\u00f3 la secretaria de Pesca y Acuacultura Maribel Chollet Mor\u00e1n.&nbsp; La funcionaria estatal reiter\u00f3 que frente a [&hellip;]<\/p>\n","protected":false},"author":1,"featured_media":6285,"comment_status":"closed","ping_status":"closed","sticky":false,"template":"","format":"standard","meta":{"footnotes":""},"categories":[24],"tags":[],"ppma_author":[31],"class_list":["post-14626","post","type-post","status-publish","format-standard","has-post-thumbnail","hentry","category-relevantes"],"aioseo_notices":[],"authors":[{"term_id":31,"user_id":1,"is_guest":0,"slug":"ivan3vino","display_name":"Iv\u00e1n Trevi\u00f1o","avatar_url":{"url":"https:\/\/visionciudadana.com.mx\/oficial\/wp-content\/uploads\/2025\/09\/columna-ivan-Trevino.png","url2x":"https:\/\/visionciudadana.com.mx\/oficial\/wp-content\/uploads\/2025\/09\/columna-ivan-Trevino.png"},"0":null,"1":"","2":"","3":"","4":"","5":"","6":"","7":"","8":""}],"_links":{"self":[{"href":"https:\/\/visionciudadana.com.mx\/oficial\/wp-json\/wp\/v2\/posts\/14626","targetHints":{"allow":["GET"]}}],"collection":[{"href":"https:\/\/visionciudadana.com.mx\/oficial\/wp-json\/wp\/v2\/posts"}],"about":[{"href":"https:\/\/visionciudadana.com.mx\/oficial\/wp-json\/wp\/v2\/types\/post"}],"author":[{"embeddable":true,"href":"https:\/\/visionciudadana.com.mx\/oficial\/wp-json\/wp\/v2\/users\/1"}],"replies":[{"embeddable":true,"href":"https:\/\/visionciudadana.com.mx\/oficial\/wp-json\/wp\/v2\/comments?post=14626"}],"version-history":[{"count":1,"href":"https:\/\/visionciudadana.com.mx\/oficial\/wp-json\/wp\/v2\/posts\/14626\/revisions"}],"predecessor-version":[{"id":31568,"href":"https:\/\/visionciudadana.com.mx\/oficial\/wp-json\/wp\/v2\/posts\/14626\/revisions\/31568"}],"wp:featuredmedia":[{"embeddable":true,"href":"https:\/\/visionciudadana.com.mx\/oficial\/wp-json\/wp\/v2\/posts\/6285"}],"wp:attachment":[{"href":"https:\/\/visionciudadana.com.mx\/oficial\/wp-json\/wp\/v2\/media?parent=14626"}],"wp:term":[{"taxonomy":"category","embeddable":true,"href":"https:\/\/visionciudadana.com.mx\/oficial\/wp-json\/wp\/v2\/categories?post=14626"},{"taxonomy":"post_tag","embeddable":true,"href":"https:\/\/visionciudadana.com.mx\/oficial\/wp-json\/wp\/v2\/tags?post=14626"},{"taxonomy":"author","embeddable":true,"href":"https:\/\/visionciudadana.com.mx\/oficial\/wp-json\/wp\/v2\/ppma_author?post=14626"}],"curies":[{"name":"wp","href":"https:\/\/api.w.org\/{rel}","templated":true}]}}