{"id":14624,"date":"2021-01-04T22:44:12","date_gmt":"2021-01-04T22:44:12","guid":{"rendered":"https:\/\/visionciudadana.com.mx\/prueba\/2021\/01\/04\/la-incapacidad-e-ineficiencia-de-morena-quiebran-a-pemex-y-a-la-cfe-jesus-valdes\/"},"modified":"2025-06-25T00:32:49","modified_gmt":"2025-06-25T00:32:49","slug":"la-incapacidad-e-ineficiencia-de-morena-quiebran-a-pemex-y-a-la-cfe-jesus-valdes","status":"publish","type":"post","link":"https:\/\/visionciudadana.com.mx\/oficial\/2021\/01\/04\/la-incapacidad-e-ineficiencia-de-morena-quiebran-a-pemex-y-a-la-cfe-jesus-valdes\/","title":{"rendered":"La incapacidad e ineficiencia de Morena, quiebran a PEMEX y a la CFE: Jes\u00fas Vald\u00e9s"},"content":{"rendered":"<p style=\"text-align: justify;\"><img fetchpriority=\"high\" decoding=\"async\" src=\"images\/Enero2021\/chuy_v.PNG\" alt=\"chuy v\" width=\"516\" height=\"285\" style=\"display: block; margin-left: auto; margin-right: auto;\" \/><\/p>\n<p class=\"x_MsoNormal\" style=\"text-align: justify;\"><span style=\"font-size: 14pt; font-family: arial, helvetica, sans-serif;\">Tras afirmar que en los 11 meses del 2020, la deuda de Petr\u00f3leos Mexicanos y de la Comisi\u00f3n Federal de Electricidad, creci\u00f3 cerca de ocho veces al monto reportado en el mismo periodo de 2019, Jes\u00fas Vald\u00e9s Palazuelos se\u00f1al\u00f3 que, con base en informaci\u00f3n de la Secretar\u00eda de Hacienda y Cr\u00e9dito P\u00fablico, entre enero y noviembre, la deuda neta de ambas ascendi\u00f3 a 221 mil 781.7 millones de pesos.<\/span><\/p>\n<p style=\"text-align: justify;\">&nbsp;<\/p>\n<p class=\"x_MsoNormal\" style=\"text-align: justify;\"><span style=\"font-size: 14pt; font-family: arial, helvetica, sans-serif;\">El presidente del PRI Sinaloa, se\u00f1al\u00f3 que dicha informaci\u00f3n indica que PEMEX aument\u00f3 su deuda en los primeros 11 meses de 2020 a 209 mil 21.9 millones de pesos, cantidad que se traduce en un crecimiento casi siete veces m\u00e1s que la cifra negativa observada en el 2019.<\/span><\/p>\n<p style=\"text-align: justify;\">&nbsp;<\/p>\n<p class=\"x_MsoNormal\" style=\"text-align: justify;\"><span style=\"font-size: 14pt; font-family: arial, helvetica, sans-serif;\">La deuda de la CFE en el tiempo citado, fue de 12 mil 759.8 millones de pesos, lo cual representa un aumento de casi nueve veces a la cifra citada por Hacienda para el a\u00f1o antepasado, resalt\u00f3.<\/span><\/p>\n<p style=\"text-align: justify;\">&nbsp;<\/p>\n<p class=\"x_MsoNormal\" style=\"text-align: justify;\"><span style=\"font-size: 14pt; font-family: arial, helvetica, sans-serif;\">Con base en informaci\u00f3n de la dependencia federal, los intereses y gastos de la deuda de ambas empresas estatales fueron de 142 mil 883.2 millones de pesos, un incremento de 8.6 por ciento en t\u00e9rminos reales con respecto al mismo periodo de 2019.<\/span><\/p>\n<p style=\"text-align: justify;\">&nbsp;<\/p>\n<p class=\"x_MsoNormal\" style=\"text-align: justify;\"><span style=\"font-size: 14pt; font-family: arial, helvetica, sans-serif;\">Con esto, \u00abel gobierno de Andr\u00e9s Manuel L\u00f3pez Obrador, confirma que sus &#8216;promesas&#8217; de generar autosuficiencia petrol\u00edfera y el\u00e9ctrica, son una muestra m\u00e1s del abismo que existe entre el discurso del gobierno de Morena y la realidad que estamos viviendo\u00bb, expres\u00f3.<\/span><\/p>\n<p style=\"text-align: justify;\">&nbsp;<\/p>\n<p class=\"x_MsoNormal\" style=\"text-align: justify;\"><span style=\"font-size: 14pt; font-family: arial, helvetica, sans-serif;\">A m\u00e1s de dos a\u00f1os del gobierno federal, ni PEMEX ni CFE han demostrado ser eficientes, esto confirma que su \u00abtan anunciado rescate\u00bb, nom\u00e1s no llega, puntualiz\u00f3 Jes\u00fas Vald\u00e9s.<\/span><\/p>\n<p style=\"text-align: justify;\">&nbsp;<\/p>\n<p style=\"text-align: justify;\"><span style=\"font-size: 14pt; font-family: arial, helvetica, sans-serif;\">REDACCI\u00d3N\/VISI\u00d3N CIUDADANA.<\/span><\/p>\n<div>&nbsp;<\/div>\n","protected":false},"excerpt":{"rendered":"<p>Tras afirmar que en los 11 meses del 2020, la deuda de Petr\u00f3leos Mexicanos y de la Comisi\u00f3n Federal de Electricidad, creci\u00f3 cerca de ocho veces al monto reportado en el mismo periodo de 2019, Jes\u00fas Vald\u00e9s Palazuelos se\u00f1al\u00f3 que, con base en informaci\u00f3n de la Secretar\u00eda de Hacienda y Cr\u00e9dito P\u00fablico, entre enero y [&hellip;]<\/p>\n","protected":false},"author":1,"featured_media":6281,"comment_status":"closed","ping_status":"closed","sticky":false,"template":"","format":"standard","meta":{"footnotes":""},"categories":[24],"tags":[],"ppma_author":[31],"class_list":["post-14624","post","type-post","status-publish","format-standard","has-post-thumbnail","hentry","category-relevantes"],"aioseo_notices":[],"authors":[{"term_id":31,"user_id":1,"is_guest":0,"slug":"ivan3vino","display_name":"Iv\u00e1n Trevi\u00f1o","avatar_url":{"url":"https:\/\/visionciudadana.com.mx\/oficial\/wp-content\/uploads\/2025\/09\/columna-ivan-Trevino.png","url2x":"https:\/\/visionciudadana.com.mx\/oficial\/wp-content\/uploads\/2025\/09\/columna-ivan-Trevino.png"},"0":null,"1":"","2":"","3":"","4":"","5":"","6":"","7":"","8":""}],"_links":{"self":[{"href":"https:\/\/visionciudadana.com.mx\/oficial\/wp-json\/wp\/v2\/posts\/14624","targetHints":{"allow":["GET"]}}],"collection":[{"href":"https:\/\/visionciudadana.com.mx\/oficial\/wp-json\/wp\/v2\/posts"}],"about":[{"href":"https:\/\/visionciudadana.com.mx\/oficial\/wp-json\/wp\/v2\/types\/post"}],"author":[{"embeddable":true,"href":"https:\/\/visionciudadana.com.mx\/oficial\/wp-json\/wp\/v2\/users\/1"}],"replies":[{"embeddable":true,"href":"https:\/\/visionciudadana.com.mx\/oficial\/wp-json\/wp\/v2\/comments?post=14624"}],"version-history":[{"count":1,"href":"https:\/\/visionciudadana.com.mx\/oficial\/wp-json\/wp\/v2\/posts\/14624\/revisions"}],"predecessor-version":[{"id":31570,"href":"https:\/\/visionciudadana.com.mx\/oficial\/wp-json\/wp\/v2\/posts\/14624\/revisions\/31570"}],"wp:featuredmedia":[{"embeddable":true,"href":"https:\/\/visionciudadana.com.mx\/oficial\/wp-json\/wp\/v2\/posts\/6281"}],"wp:attachment":[{"href":"https:\/\/visionciudadana.com.mx\/oficial\/wp-json\/wp\/v2\/media?parent=14624"}],"wp:term":[{"taxonomy":"category","embeddable":true,"href":"https:\/\/visionciudadana.com.mx\/oficial\/wp-json\/wp\/v2\/categories?post=14624"},{"taxonomy":"post_tag","embeddable":true,"href":"https:\/\/visionciudadana.com.mx\/oficial\/wp-json\/wp\/v2\/tags?post=14624"},{"taxonomy":"author","embeddable":true,"href":"https:\/\/visionciudadana.com.mx\/oficial\/wp-json\/wp\/v2\/ppma_author?post=14624"}],"curies":[{"name":"wp","href":"https:\/\/api.w.org\/{rel}","templated":true}]}}